{"id":9817,"date":"2021-04-28T08:18:54","date_gmt":"2021-04-28T06:18:54","guid":{"rendered":"http:\/\/www.santamariaapparente.com\/wp\/?p=9817"},"modified":"2021-04-28T08:18:54","modified_gmt":"2021-04-28T06:18:54","slug":"regina-caeli-7","status":"publish","type":"post","link":"https:\/\/www.santamariaapparente.com\/wp\/regina-caeli-7\/","title":{"rendered":"Regina Caeli"},"content":{"rendered":"<p>(Piazza San Pietro \u2013 Domenica, 25 aprile 2021<!--more--><\/p>\n<p>&nbsp;<\/p>\n<p>Cari fratelli e sorelle, buongiorno!<\/p>\n<p>In questa quarta domenica di Pasqua, detta domenica del Buon Pastore, il Vangelo (<em>Gv<\/em>\u00a010, 11-18) presenta Ges\u00f9 come il vero pastore, che\u00a0<em>difende<\/em>,\u00a0<em>conosce<\/em>\u00a0e\u00a0<em>ama<\/em>\u00a0le sue pecore.<\/p>\n<p>A Lui, Buon Pastore, si contrappone il \u201cmercenario\u201d, al quale non importano le pecore, perch\u00e9 non sono sue. Fa questo mestiere solo per la paga, e non si preoccupa di difenderle: quando arriva il lupo fugge e le abbandona (cfr vv. 12-13). Ges\u00f9, invece, pastore vero, ci\u00a0<em>difende<\/em>\u00a0sempre, ci salva in tante situazioni difficili, situazioni pericolose, mediante la luce della sua parola e la forza della sua presenza, che noi sperimentiamo sempre e, se vogliamo ascoltare, tutti i giorni.<\/p>\n<p>Il secondo aspetto \u00e8 che Ges\u00f9, pastore buono,\u00a0<em>conosce<\/em>\u00a0\u2013 il primo aspetto:\u00a0<em>difende<\/em>, il secondo:\u00a0<em>conosce<\/em>\u00a0\u2013 le sue pecore e le pecore conoscono Lui (v. 14). Come \u00e8 bello e consolante sapere che Ges\u00f9 ci conosce ad uno ad uno, che non siamo degli anonimi per Lui, che il nostro nome gli \u00e8 noto! Per Lui non siamo \u201cmassa\u201d, \u201cmoltitudine\u201d, no. Siamo persone uniche, ciascuno con la propria storia, [e Lui] ci conosce ciascuno con la propria storia, ciascuno con il proprio valore, sia in quanto creatura sia in quanto redento da Cristo. Ognuno di noi pu\u00f2 dire: Ges\u00f9 mi conosce! \u00c8 vero, \u00e8 cos\u00ec: Lui ci conosce come nessun altro. Solo Lui sa che cosa c\u2019\u00e8 nel nostro cuore, le intenzioni, i sentimenti pi\u00f9 nascosti. Ges\u00f9 conosce i nostri pregi e i nostri difetti, ed \u00e8 sempre pronto a prendersi cura di noi, per sanare le piaghe dei nostri errori con l\u2019abbondanza della sua misericordia. In Lui si realizza pienamente l\u2019immagine del pastore del popolo di Dio, che avevano delineato i profeti: Ges\u00f9 si preoccupa delle sue pecore, le raduna, fascia quella ferita, cura quella malata. Cos\u00ec possiamo leggere nel Libro del profeta Ezechiele (cf. 34, 11-16).<\/p>\n<p>Dunque, Ges\u00f9 Buon Pastore difende, conosce, e soprattutto\u00a0<em>ama<\/em>\u00a0le sue pecore. E per questo\u00a0<em>d\u00e0 la vita<\/em>\u00a0per loro (cf.\u00a0<em>Gv<\/em>\u00a010, 15). L\u2019<em>amore<\/em>\u00a0per le pecore, cio\u00e8 per ognuno di noi, lo porta a morire sulla croce, perch\u00e9 questa \u00e8 la volont\u00e0 del Padre, che nessuno vada perduto. L\u2019amore di Cristo non \u00e8 selettivo, abbraccia tutti. Ce lo ricorda Lui stesso nel Vangelo di oggi, quando dice: \u00abE ho altre pecore che non provengono da questo recinto: anche quelle devo guidare. Ascolteranno la mia voce e diventeranno un solo gregge, un solo pastore\u00bb (<em>Gv<\/em>\u00a010,16). Queste parole attestano la sua ansia universale: Lui \u00e8 pastore di tutti. Ges\u00f9 vuole che tutti possano ricevere l\u2019amore del Padre e incontrare Dio.<\/p>\n<p>E la Chiesa \u00e8 chiamata a portare avanti questa missione di Cristo. Oltre a quanti frequentano le nostre comunit\u00e0, ci sono tante persone, la maggioranza, che lo fanno solo in casi particolari o mai. Ma non per questo non sono figli di Dio: il Padre affida tutti a Ges\u00f9 Buon Pastore, che per tutti ha dato la vita.<\/p>\n<p>Fratelli e sorelle, Ges\u00f9\u00a0<em>difende<\/em>,\u00a0<em>conosce<\/em>\u00a0e\u00a0<em>ama<\/em>\u00a0tutti noi. Maria Santissima ci aiuti ad accogliere e seguire noi per primi il Buon Pastore, per cooperare con gioia alla sua missione.<\/p>\n<p><strong>Dopo il Regina Caeli<\/strong><\/p>\n<p>&nbsp;<\/p>\n<p>Cari fratelli e sorelle!<\/p>\n<p>Venerd\u00ec scorso, a Santa Cruz del Quich\u00e9, in Guatemala, sono stati beatificati Jos\u00e9 Mar\u00eda Gran Cirera e nove compagni martiri. Si tratta di tre sacerdoti e sette laici della Congregazione dei Missionari del Sacro Cuore di Ges\u00f9, uccisi tra il 1980 e il 1991, tempo di persecuzione contro la Chiesa Cattolica impegnata nella difesa dei poveri. Animati dalla fede in Cristo, sono stati eroici testimoni di giustizia e di amore. Il loro esempio ci renda pi\u00f9 generosi e coraggiosi nel vivere il Vangelo. E un applauso ai nuovi Beati!<\/p>\n<p>Esprimo la mia vicinanza alla popolazione delle Isole di Saint Vincent e Grenadine, dove un\u2019eruzione vulcanica sta provocando gravi danni e disagi. Assicuro la mia preghiera e benedico quanti prestano soccorso e assistenza.<\/p>\n<p>E sono vicino anche alle vittime dell\u2019incendio di un ospedale per i malati di Covid a Baghdad. Fino a questo momento sono ottantadue morti. Preghiamo per tutti.<\/p>\n<p>Vi confesso che sono molto addolorato per la tragedia che ancora una volta si \u00e8 consumata nei giorni scorsi nel Mediterraneo. Centotrenta migranti sono morti in mare. Sono persone, sono vite umane, che per due giorni interi hanno implorato invano aiuto, un aiuto che non \u00e8 arrivato. Fratelli e sorelle, interroghiamoci tutti su questa ennesima tragedia. \u00c8 il momento della vergogna. Preghiamo per questi fratelli e sorelle, e per tanti che continuano a morire in questi drammatici viaggi. Preghiamo anche per coloro che possono aiutare ma preferiscono guardare da un\u2019altra parte. Preghiamo in silenzio per loro.<\/p>\n<p>Si celebra oggi in tutta la Chiesa la\u00a0<em>Giornata mondiale di preghiera per le vocazioni<\/em>, che ha come tema \u00abSan Giuseppe: Il sogno della vocazione\u00bb. Ringraziamo il Signore perch\u00e9 continua a suscitare nella Chiesa persone che per amore di Lui si consacrano all\u2019annuncio del Vangelo e al servizio dei fratelli. E oggi, in particolare, ringraziamo per i nuovi sacerdoti che ho ordinato poco fa nella Basilica di San Pietro\u2026 Non so se sono qui\u2026 E chiediamo al Signore che mandi buoni operai a lavorare nel suo campo e moltiplichi le vocazioni alla vita consacrata.<\/p>\n<p>E ora saluto di cuore tutti voi, romani e pellegrini. In particolare, saluto i familiari e gli amici dei novelli sacerdoti; come pure la comunit\u00e0 del Pontificio Collegio Germanico Ungarico, che stamattina ha fatto il tradizionale pellegrinaggio delle Sette Chiese.<\/p>\n<p>A tutti auguro una buona domenica. E per favore, non dimenticatevi di pregare per me. Buon pranzo e arrivederci!<\/p>\n<p>&nbsp;<\/p>\n","protected":false},"excerpt":{"rendered":"<p>(Piazza San Pietro \u2013 Domenica, 25 aprile 2021<\/p>\n","protected":false},"author":1,"featured_media":8938,"comment_status":"closed","ping_status":"closed","sticky":false,"template":"","format":"standard","meta":{"jetpack_post_was_ever_published":false,"_jetpack_newsletter_access":"","_jetpack_dont_email_post_to_subs":false,"_jetpack_newsletter_tier_id":0,"_jetpack_memberships_contains_paywalled_content":false,"_jetpack_memberships_contains_paid_content":false,"footnotes":""},"categories":[4],"tags":[],"class_list":["post-9817","post","type-post","status-publish","format-standard","has-post-thumbnail","hentry","category-riflessioni"],"jetpack_featured_media_url":"https:\/\/www.santamariaapparente.com\/wp\/wp-content\/uploads\/regina_caeli_E.jpg","jetpack_sharing_enabled":true,"jetpack_shortlink":"https:\/\/wp.me\/p2XXfi-2yl","_links":{"self":[{"href":"https:\/\/www.santamariaapparente.com\/wp\/wp-json\/wp\/v2\/posts\/9817","targetHints":{"allow":["GET"]}}],"collection":[{"href":"https:\/\/www.santamariaapparente.com\/wp\/wp-json\/wp\/v2\/posts"}],"about":[{"href":"https:\/\/www.santamariaapparente.com\/wp\/wp-json\/wp\/v2\/types\/post"}],"author":[{"embeddable":true,"href":"https:\/\/www.santamariaapparente.com\/wp\/wp-json\/wp\/v2\/users\/1"}],"replies":[{"embeddable":true,"href":"https:\/\/www.santamariaapparente.com\/wp\/wp-json\/wp\/v2\/comments?post=9817"}],"version-history":[{"count":1,"href":"https:\/\/www.santamariaapparente.com\/wp\/wp-json\/wp\/v2\/posts\/9817\/revisions"}],"predecessor-version":[{"id":9818,"href":"https:\/\/www.santamariaapparente.com\/wp\/wp-json\/wp\/v2\/posts\/9817\/revisions\/9818"}],"wp:featuredmedia":[{"embeddable":true,"href":"https:\/\/www.santamariaapparente.com\/wp\/wp-json\/wp\/v2\/media\/8938"}],"wp:attachment":[{"href":"https:\/\/www.santamariaapparente.com\/wp\/wp-json\/wp\/v2\/media?parent=9817"}],"wp:term":[{"taxonomy":"category","embeddable":true,"href":"https:\/\/www.santamariaapparente.com\/wp\/wp-json\/wp\/v2\/categories?post=9817"},{"taxonomy":"post_tag","embeddable":true,"href":"https:\/\/www.santamariaapparente.com\/wp\/wp-json\/wp\/v2\/tags?post=9817"}],"curies":[{"name":"wp","href":"https:\/\/api.w.org\/{rel}","templated":true}]}}