{"id":9778,"date":"2021-04-03T09:54:38","date_gmt":"2021-04-03T07:54:38","guid":{"rendered":"http:\/\/www.santamariaapparente.com\/wp\/?p=9778"},"modified":"2021-04-01T20:55:42","modified_gmt":"2021-04-01T18:55:42","slug":"messa-crismale-omelia","status":"publish","type":"post","link":"https:\/\/www.santamariaapparente.com\/wp\/messa-crismale-omelia\/","title":{"rendered":"Messa Crismale &#8211; omelia"},"content":{"rendered":"<p class=\"s3\"><span class=\"s2\"><span class=\"bumpedFont15\">MESSA CRISMALE \u2013 OMELIA DI FRANCESCO<\/span><\/span><\/p>\n<p class=\"s3\"><span class=\"s4\"><span class=\"bumpedFont15\">(Basilica di San Pietro \u2013 Gioved\u00ec Santo, 1 aprile 2021)<\/span><\/span><!--more--><\/p>\n<p class=\"s5\"><span class=\"s6\"><span class=\"bumpedFont15\">Il Vangelo ci presenta un cambiamento di sentimenti nelle persone che ascoltano il Signore. Il cambiamento \u00e8 drammatico e ci mostra quanto la persecuzione e la Croce sono legate all\u2019annuncio del Vangelo. L\u2019ammirazione suscitata dalle parole di grazia che uscivano dalla bocca di Ges\u00f9 dur\u00f2 poco nell\u2019animo della gente di <\/span><\/span><span class=\"s6\"><span class=\"bumpedFont15\">Nazaret<\/span><\/span><span class=\"s6\"><span class=\"bumpedFont15\">. Una frase che qualcuno mormor\u00f2 a bassa voce: \u201cMa questo chi \u00e8? Il figlio di Giuseppe?\u201d (<\/span><\/span><span class=\"s6\"><span class=\"bumpedFont15\">cf<\/span><\/span><span class=\"s6\"><span class=\"bumpedFont15\">.\u00a0<\/span><\/span><span class=\"s7\"><span class=\"bumpedFont15\">Lc<\/span><\/span><span class=\"s6\"><span class=\"bumpedFont15\">\u00a04, 22). Quella frase si \u201c<\/span><\/span><span class=\"s6\"><span class=\"bumpedFont15\">viralizz\u00f2<\/span><\/span><span class=\"s6\"><span class=\"bumpedFont15\">\u201d insidiosamente. E tutti: \u201c<\/span><\/span><span class=\"s7\"><span class=\"bumpedFont15\">Ma chi \u00e8 questo? Non \u00e8 il figlio di Giuseppe?\u201d<\/span><\/span><span class=\"s6\"><span class=\"bumpedFont15\">.<\/span><\/span><\/p>\n<p class=\"s5\"><span class=\"s6\"><span class=\"bumpedFont15\">Si tratta di una di quelle frasi ambigue che si lasciano cadere di passaggio. Uno la pu\u00f2 usare per esprimere con gioia: \u201cChe meraviglia che uno di origini cos\u00ec umili parli con questa autorit\u00e0!\u201d. E un altro pu\u00f2 usarla per dire con disprezzo: \u201cE questo da dove \u00e8 uscito? Chi crede di essere?\u201d. Se ci facciamo caso, la frase si ripete quando gli Apostoli, nel giorno di Pentecoste, pieni di Spirito Santo cominciano a predicare il Vangelo. Qualcuno disse: \u00abTutti costoro che parlano non sono forse i Galilei?\u00bb (<\/span><\/span><span class=\"s7\"><span class=\"bumpedFont15\">At<\/span><\/span><span class=\"s6\"><span class=\"bumpedFont15\">\u00a02,<\/span><\/span> <span class=\"s6\"><span class=\"bumpedFont15\">7). E mentre alcuni accolsero la Parola, altri li presero per ubriachi.<\/span><\/span><\/p>\n<p class=\"s5\"><span class=\"s6\"><span class=\"bumpedFont15\">Formalmente sembrerebbe che si lasciasse aperta una scelta ma, se consideriamo gli effetti, in quel contesto concreto, queste parole contenevano un germe di violenza che si \u00e8 scatenata contro Ges\u00f9.<\/span><\/span><\/p>\n<p class=\"s5\"><span class=\"s6\"><span class=\"bumpedFont15\">Si tratta di una \u201cfrase trainante\u201d<\/span><\/span><span class=\"s6\"><span class=\"bumpedFont15\">,\u00a0come quando uno dice: \u201cQuesto \u00e8 troppo!\u201d e aggredisce l\u2019altro oppure se ne va.<\/span><\/span><\/p>\n<p class=\"s5\"><span class=\"s6\"><span class=\"bumpedFont15\">Il Signore, che a volte faceva silenzio o se ne andava all\u2019altra riva, questa volta non rinunci\u00f2 a commentare, ma smascher\u00f2 la logica maligna che si nascondeva sotto l\u2019apparenza di un semplice pettegolezzo di paese. \u00abVoi mi citerete questo proverbio: \u201cMedico, cura te stesso. Quanto abbiamo udito che accadde a Cafarnao, fallo anche qui, nella tua patria!\u00bb (<\/span><\/span><span class=\"s7\"><span class=\"bumpedFont15\">Lc<\/span><\/span><span class=\"s6\"><span class=\"bumpedFont15\">\u00a04, 23). \u201cCura te stesso\u2026\u201d.<\/span><\/span><\/p>\n<p class=\"s5\"><span class=\"s6\"><span class=\"bumpedFont15\">\u201cChe salvi se stesso\u201d. Qui sta il veleno! \u00c8 la stessa frase che seguir\u00e0 il Signore fino alla Croce: \u00abHa salvato altri! Salvi se stesso\u00bb (<\/span><\/span><span class=\"s7\"><span class=\"bumpedFont15\">Lc<\/span><\/span><span class=\"s6\"><span class=\"bumpedFont15\">\u00a023,<\/span><\/span> <span class=\"s6\"><span class=\"bumpedFont15\">35); \u201ce salvi anche noi\u201d, aggiunger\u00e0 uno dei due ladroni (<\/span><\/span><span class=\"s6\"><span class=\"bumpedFont15\">cf<\/span><\/span><span class=\"s6\"><span class=\"bumpedFont15\">. v. 39).<\/span><\/span><\/p>\n<p class=\"s5\"><span class=\"s6\"><span class=\"bumpedFont15\">Il Signore, come sempre, non dialoga con lo spirito maligno, risponde soltanto con la Scrittura. Nemmeno i profeti Elia ed Eliseo furono accettati dai loro compatrioti e invece lo furono da parte di una vedova fenicia e di un siro malato di lebbra: due stranieri, due persone di altra religione. I fatti colpiscono nel segno e provocano l\u2019effetto che aveva profetizzato Simeone, quell\u2019anziano carismatico: che Ges\u00f9 sarebbe stato \u00absegno di contraddizione\u00bb (<\/span><\/span><span class=\"s7\"><span class=\"bumpedFont15\">semeion<\/span><\/span> <span class=\"s7\"><span class=\"bumpedFont15\">antilegomenon<\/span><\/span><span class=\"s6\"><span class=\"bumpedFont15\">) (<\/span><\/span><span class=\"s7\"><span class=\"bumpedFont15\">Lc<\/span><\/span><span class=\"s6\"><span class=\"bumpedFont15\">\u00a02, 34)<\/span><\/span><span class=\"s6\"><span class=\"bumpedFont15\">.<\/span><\/span><\/p>\n<p class=\"s5\"><span class=\"s6\"><span class=\"bumpedFont15\">La parola di Ges\u00f9 ha il potere di far uscire alla luce ci\u00f2 che uno porta nel cuore, che di solito \u00e8 un miscuglio, come il grano e la zizzania. E questo provoca combattimento spirituale. Vedendo i gesti di misericordia sovrabbondante del Signore e ascoltando le sue beatitudini e i \u201cguai a voi!\u201d del Vangelo, ci si trova obbligati a discernere e a scegliere. In questo caso la sua parola non fu accolta e questo fece s\u00ec che la folla, <\/span><\/span><span class=\"s6\"><span class=\"bumpedFont15\">accesa d\u2019ira, tentasse di togliergli la vita. Ma non era ancora \u201cl\u2019ora\u201d e il Signore, ci dice il Vangelo, \u00abpassando in mezzo a loro, si mise in cammino\u00bb (<\/span><\/span><span class=\"s7\"><span class=\"bumpedFont15\">Lc<\/span><\/span><span class=\"s6\"><span class=\"bumpedFont15\">\u00a04, 30).<\/span><\/span><\/p>\n<p class=\"s5\"><span class=\"s8\"><span class=\"bumpedFont15\">Non era l\u2019ora<\/span><\/span><span class=\"s6\"><span class=\"bumpedFont15\">, ma la velocit\u00e0 con cui si scatenarono la furia e la ferocia dell\u2019accanimento, capace di uccidere il Signore in quello stesso momento, ci mostra che <\/span><\/span><span class=\"s8\"><span class=\"bumpedFont15\">sempre \u00e8 l\u2019ora<\/span><\/span><span class=\"s6\"><span class=\"bumpedFont15\">. E questo \u00e8 ci\u00f2 che desidero condividere oggi con voi, cari sacerdoti: che\u00a0<\/span><\/span><span class=\"s7\"><span class=\"bumpedFont15\">l\u2019ora dell\u2019annuncio gioioso e l\u2019ora della persecuzione e della Croce vanno insieme<\/span><\/span><span class=\"s6\"><span class=\"bumpedFont15\">.<\/span><\/span><\/p>\n<p class=\"s5\"><span class=\"s6\"><span class=\"bumpedFont15\">L\u2019annuncio del Vangelo \u00e8 sempre legato all\u2019abbraccio di una Croce concreta. La luce mite della Parola genera chiarezza nei cuori ben disposti e confusione e rifiuto in quelli che non lo sono. Questo lo vediamo costantemente nel Vangelo.<\/span><\/span><\/p>\n<p class=\"s5\"><span class=\"s6\"><span class=\"bumpedFont15\">Il seme buono seminato nel campo porta frutto \u2013 il cento, il sessanta, il trenta per uno \u2013, ma risveglia anche l\u2019invidia del nemico che ossessivamente si mette a seminare zizzania durante la notte (<\/span><\/span><span class=\"s6\"><span class=\"bumpedFont15\">cf<\/span><\/span><span class=\"s6\"><span class=\"bumpedFont15\">.\u00a0<\/span><\/span><span class=\"s7\"><span class=\"bumpedFont15\">Mt<\/span><\/span><span class=\"s6\"><span class=\"bumpedFont15\">\u00a013, 24-30.36-43).<\/span><\/span><\/p>\n<p class=\"s5\"><span class=\"s6\"><span class=\"bumpedFont15\">La tenerezza del padre misericordioso attrae irresistibilmente il figlio prodigo perch\u00e9 ritorni a casa, ma suscita anche l\u2019indignazione e il risentimento del figlio maggiore (<\/span><\/span><span class=\"s6\"><span class=\"bumpedFont15\">cf<\/span><\/span><span class=\"s6\"><span class=\"bumpedFont15\">.\u00a0<\/span><\/span><span class=\"s7\"><span class=\"bumpedFont15\">Lc<\/span><\/span><span class=\"s6\"><span class=\"bumpedFont15\">\u00a015, 11-32).<\/span><\/span><\/p>\n<p class=\"s5\"><span class=\"s6\"><span class=\"bumpedFont15\">La generosit\u00e0 del padrone della vigna \u00e8 motivo di gratitudine per gli operai dell\u2019ultima ora, ma \u00e8 anche motivo di aspri commenti per i primi, che si sentono offesi perch\u00e9 il loro padrone \u00e8 buono (<\/span><\/span><span class=\"s6\"><span class=\"bumpedFont15\">cf<\/span><\/span><span class=\"s6\"><span class=\"bumpedFont15\">.\u00a0<\/span><\/span><span class=\"s7\"><span class=\"bumpedFont15\">Mt<\/span><\/span><span class=\"s6\"><span class=\"bumpedFont15\">\u00a020, 1-16).<\/span><\/span><\/p>\n<p class=\"s5\"><span class=\"s6\"><span class=\"bumpedFont15\">La vicinanza di Ges\u00f9 che va a mangiare con i peccatori guadagna cuori come quello di Zaccheo, quello di Matteo, quello della Samaritana\u2026, ma provoca anche sentimenti di disprezzo in coloro che si credono giusti.<\/span><\/span><\/p>\n<p class=\"s5\"><span class=\"s6\"><span class=\"bumpedFont15\">La magnanimit\u00e0 di quell\u2019uomo che manda il suo figlio pensando che sar\u00e0 rispettato dai vignaioli, scatena tuttavia in essi una ferocia fuori da ogni misura: siamo di fronte al mistero dell\u2019iniquit\u00e0, che porta a uccidere il Giusto (<\/span><\/span><span class=\"s6\"><span class=\"bumpedFont15\">cf<\/span><\/span><span class=\"s6\"><span class=\"bumpedFont15\">.\u00a0<\/span><\/span><span class=\"s7\"><span class=\"bumpedFont15\">Mt<\/span><\/span><span class=\"s6\"><span class=\"bumpedFont15\">\u00a021, 33-46).<\/span><\/span><\/p>\n<p class=\"s5\"><span class=\"s6\"><span class=\"bumpedFont15\">Tutto questo, cari fratelli sacerdoti, ci fa vedere che <\/span><\/span><span class=\"s8\"><span class=\"bumpedFont15\">l\u2019annuncio della Buona Notizia \u00e8 legato misteriosamente alla persecuzione e alla Croce<\/span><\/span><span class=\"s6\"><span class=\"bumpedFont15\">.<\/span><\/span><\/p>\n<p class=\"s5\"><span class=\"s6\"><span class=\"bumpedFont15\">Sant\u2019Ignazio di Loyola, nella contemplazione della Nativit\u00e0 \u2013 scusatemi questa pubblicit\u00e0 di famiglia -, in quella contemplazione della Nativit\u00e0 esprime questa verit\u00e0 evangelica quando ci fa osservare e considerare quello che fanno San Giuseppe e la Madonna: \u00abPer esempio, camminano e si danno da fare perch\u00e9 il Signore nasca in un\u2019estrema povert\u00e0 e, dopo aver tanto sofferto fame e sete, caldo e freddo, ingiurie e oltraggi, muoia in croce. E tutto questo per me. Poi \u2013 aggiunge Ignazio \u2013, riflettendo, ricavare qualche frutto spirituale\u00bb (<\/span><\/span><span class=\"s7\"><span class=\"bumpedFont15\">Esercizi spirituali<\/span><\/span><span class=\"s6\"><span class=\"bumpedFont15\">, 116). La gioia della nascita del Signore, il dolore della Croce, la persecuzione.<\/span><\/span><\/p>\n<p class=\"s5\"><span class=\"s6\"><span class=\"bumpedFont15\">Che riflessione possiamo fare per trarre profitto per la nostra vita sacerdotale contemplando questa precoce presenza della Croce \u2013 dell\u2019incomprensione, del rifiuto, della persecuzione \u2013 all\u2019inizio e nel cuore stesso della predicazione evangelica?<\/span><\/span><\/p>\n<p class=\"s5\"><span class=\"s6\"><span class=\"bumpedFont15\">Mi vengono in mente due riflessioni.<\/span><\/span><\/p>\n<p class=\"s5\"><span class=\"s6\"><span class=\"bumpedFont15\">La prima: non meraviglia constatare che <\/span><\/span><span class=\"s8\"><span class=\"bumpedFont15\">la Croce \u00e8 presente nella vita del Signore all\u2019inizio del suo ministero e perfino prima della sua nascita<\/span><\/span><span class=\"s6\"><span class=\"bumpedFont15\">. \u00c8 presente gi\u00e0 nel primo turbamento di Maria davanti all\u2019annuncio dell\u2019Angelo; \u00e8 presente nell\u2019insonnia di Giuseppe al sentirsi obbligato ad abbandonare la sua promessa sposa; \u00e8 presente nella persecuzione di Erode e nei disagi che patisce la Santa Famiglia, uguali a quelle di tante famiglie che devono andare in esilio dalla propria patria.<\/span><\/span><\/p>\n<p class=\"s5\"><span class=\"s6\"><span class=\"bumpedFont15\">Questa realt\u00e0 ci apre al mistero della Croce vissuta \u201cda prima\u201d. Ci fa comprendere che la Croce non \u00e8 un fatto a posteriori, un fatto occasionale, prodotto da una <\/span><\/span><span class=\"s6\"><span class=\"bumpedFont15\">congiuntura nella vita del Signore. \u00c8 vero che tutti i crocifissori della storia fanno apparire la Croce come se fosse un danno collaterale, ma non \u00e8 cos\u00ec: la Croce non dipende dalle circostanze. Le grandi croci dell\u2019umanit\u00e0 e le piccole \u2013 diciamo cos\u00ec \u2013 croci nostre, di ognuno di noi non dipendono dalle circostanze.<\/span><\/span><\/p>\n<p class=\"s5\"><span class=\"s6\"><span class=\"bumpedFont15\">Perch\u00e9 il Signore ha abbracciato la Croce in tutta la sua integrit\u00e0? Perch\u00e9 Ges\u00f9 ha abbracciato la passione intera? Ha abbracciato il tradimento e l\u2019abbandono dei suoi amici gi\u00e0 dall\u2019ultima cena, ha accettato la detenzione illegale, il giudizio sommario, la sentenza sproporzionata, la cattiveria senza motivo degli schiaffi e degli sputi gratuiti\u2026 Se le circostanze determinassero il potere salvifico della Croce, il Signore non avrebbe abbracciato tutto. Ma quando \u00e8 stata la sua ora, Egli ha abbracciato la Croce intera. Perch\u00e9 nella Croce non c\u2019\u00e8 ambiguit\u00e0! <\/span><\/span><span class=\"s8\"><span class=\"bumpedFont15\">La Croce non si negozia<\/span><\/span><span class=\"s6\"><span class=\"bumpedFont15\">.<\/span><\/span><\/p>\n<p class=\"s5\"><span class=\"s6\"><span class=\"bumpedFont15\">La seconda riflessione \u00e8 la seguente. \u00c8 vero che c\u2019\u00e8 qualcosa della Croce che \u00e8 parte integrante della nostra condizione umana, del limite e della fragilit\u00e0. Per\u00f2 \u00e8 anche vero che c\u2019\u00e8 qualcosa di ci\u00f2 che accade nella Croce che non \u00e8 inerente alla nostra fragilit\u00e0, bens\u00ec \u00e8 il <\/span><\/span><span class=\"s8\"><span class=\"bumpedFont15\">morso del serpente<\/span><\/span><span class=\"s6\"><span class=\"bumpedFont15\">, il quale, vedendo il crocifisso inerme, lo morde e tenta di avvelenare e screditare tutta la sua opera. Morso che cerca di scandalizzare <\/span><\/span><span class=\"s6\"><span class=\"bumpedFont15\">\u2013<\/span><\/span><span class=\"s6\"><span class=\"bumpedFont15\"> questa \u00e8 un\u2019epoca degli scandali<\/span><\/span> <span class=\"s6\"><span class=\"bumpedFont15\">\u2013<\/span><\/span><span class=\"s6\"><span class=\"bumpedFont15\">, morso che cerca di immobilizzare e rendere sterile e insignificante ogni servizio e sacrificio d\u2019amore per gli altri. \u00c8 il veleno del maligno che continua a insistere: salva te stesso.<\/span><\/span><\/p>\n<p class=\"s5\"><span class=\"s6\"><span class=\"bumpedFont15\">E in questo morso, crudele e doloroso, che pretende di essere mortale, appare alla fine il trionfo di Dio. San Massimo il Confessore ci ha fatto vedere che con Ges\u00f9 crocifisso le cose si sono invertite: mordendo la carne del Signore, il demonio non lo ha avvelenato \u2013 in Lui ha trovato solo mansuetudine infinita e obbedienza alla volont\u00e0 del Padre \u2013 ma, al contrario, unita all\u2019amo della Croce ha inghiottito la Carne del Signore, che \u00e8 stata veleno per lui ed \u00e8 diventata per noi l\u2019antidoto che neutralizza il potere del maligno<\/span><\/span><span class=\"s6\"><span class=\"bumpedFont15\">.<\/span><\/span><\/p>\n<p class=\"s5\"><span class=\"s6\"><span class=\"bumpedFont15\">Queste sono le riflessioni. Chiediamo al Signore la grazia di trarre profitto da questi insegnamenti: c\u2019\u00e8 Croce nell\u2019annuncio del Vangelo, \u00e8 vero, ma \u00e8 una Croce che salva. Pacificata con il Sangue di Ges\u00f9, \u00e8 una Croce con la forza della vittoria di Cristo che sconfigge il male, che ci libera dal Maligno. Abbracciarla con Ges\u00f9 e come Lui, gi\u00e0 \u201cda prima\u201d di andare a predicare, ci permette di discernere e respingere il veleno dello scandalo con cui il demonio cercher\u00e0 di avvelenarci quando inaspettatamente sopraggiunger\u00e0 una croce nella nostra vita.<\/span><\/span><\/p>\n<p class=\"s5\"><span class=\"s6\"><span class=\"bumpedFont15\">\u00abNoi per\u00f2 non siamo di quelli che cedono (<\/span><\/span><span class=\"s7\"><span class=\"bumpedFont15\">hypostoles<\/span><\/span><span class=\"s6\"><span class=\"bumpedFont15\">)\u00bb (<\/span><\/span><span class=\"s7\"><span class=\"bumpedFont15\">Eb<\/span><\/span><span class=\"s6\"><span class=\"bumpedFont15\">\u00a010, 39) dice l\u2019autore della Lettera agli Ebrei. \u00abNoi per\u00f2 non siamo di quelli che cedono\u00bb, \u00e8 il consiglio che ci d\u00e0: noi non ci scandalizziamo, perch\u00e9 non si \u00e8 scandalizzato Ges\u00f9 vedendo che il suo lieto annuncio di salvezza ai poveri non risuonava puro, ma in mezzo alle urla e alle minacce di quelli che non volevano udire la sua Parola o volevano ridurla a legalismi (moralisti, <\/span><\/span><span class=\"s6\"><span class=\"bumpedFont15\">clericalisti<\/span><\/span><span class=\"s6\"><span class=\"bumpedFont15\">&#8230;).<\/span><\/span><\/p>\n<p class=\"s5\"><span class=\"s6\"><span class=\"bumpedFont15\">Noi non ci scandalizziamo perch\u00e9 non si \u00e8 scandalizzato Ges\u00f9 dovendo guarire malati e liberare prigionieri in mezzo alle discussioni e alle controversie moralistiche, legalistiche, clericali che suscitava ogni volta che faceva il bene.<\/span><\/span><\/p>\n<p class=\"s5\"><span class=\"s6\"><span class=\"bumpedFont15\">Noi non ci scandalizziamo perch\u00e9 non si \u00e8 scandalizzato Ges\u00f9 dovendo dare la vista ai ciechi in mezzo a gente che chiudeva gli occhi per non vedere o guardava dall\u2019altra parte.<\/span><\/span><\/p>\n<p class=\"s5\"><span class=\"s6\"><span class=\"bumpedFont15\">Noi non ci scandalizziamo perch\u00e9 non si \u00e8 scandalizzato Ges\u00f9 del fatto che la sua predicazione dell\u2019anno di grazia del Signore \u2013 un anno che \u00e8 la storia intera \u2013 abbia provocato uno scandalo pubblico in ci\u00f2 che oggi occuperebbe appena la terza pagina di un giornale di provincia.<\/span><\/span><\/p>\n<p class=\"s5\"><span class=\"s6\"><span class=\"bumpedFont15\">E non ci scandalizziamo perch\u00e9 l\u2019annuncio del Vangelo non riceve la sua efficacia dalle nostre parole eloquenti, ma dalla forza della Croce (<\/span><\/span><span class=\"s6\"><span class=\"bumpedFont15\">cf<\/span><\/span><span class=\"s6\"><span class=\"bumpedFont15\">.\u00a0<\/span><\/span><span class=\"s7\"><span class=\"bumpedFont15\">1Cor<\/span><\/span><span class=\"s6\"><span class=\"bumpedFont15\">\u00a01, 17).<\/span><\/span><\/p>\n<p class=\"s5\"><span class=\"s8\"><span class=\"bumpedFont15\">Dal modo in cui abbracciamo la Croce annunciando il Vangelo<\/span><\/span><span class=\"s6\"><span class=\"bumpedFont15\"> \u2013 con le opere e, se necessario, con le parole \u2013 <\/span><\/span><span class=\"s8\"><span class=\"bumpedFont15\">si manifestano due cose<\/span><\/span><span class=\"s6\"><span class=\"bumpedFont15\">: che le sofferenze procurateci dal Vangelo non sono nostre, ma \u00able sofferenze di Cristo in noi\u00bb (<\/span><\/span><span class=\"s7\"><span class=\"bumpedFont15\">2Cor<\/span><\/span><span class=\"s6\"><span class=\"bumpedFont15\">\u00a01, 5) e che \u00abnon annunciamo noi stessi, ma Cristo Ges\u00f9 Signore\u00bb e noi siamo \u00abservitori a causa di Ges\u00f9\u00bb (<\/span><\/span><span class=\"s7\"><span class=\"bumpedFont15\">2Cor<\/span><\/span><span class=\"s6\"><span class=\"bumpedFont15\">\u00a04, 5).<\/span><\/span><\/p>\n<p class=\"s5\"><span class=\"s6\"><span class=\"bumpedFont15\">Desidero concludere con un ricordo. Una volta, in un momento molto buio della mia vita, chiedevo una grazia al Signore, che mi liberasse da una situazione dura e difficile. Un momento buio. Sono andato a predicare gli Esercizi spirituali ad alcune religiose e l\u2019ultimo giorno, com\u2019era abituale in quel tempo, si sono confessate. \u00c8 venuta una suora molto anziana, con gli occhi chiari, proprio luminosi. Era una donna di Dio. Allora ho sentito il desiderio di chiederle per me e le ho detto: \u201cSuora, come penitenza preghi per me, perch\u00e9 ho bisogno di una grazia. La chieda al Signore. E se Lei la chiede al Signore, me la dar\u00e0 di sicuro\u201d. Lei ha fatto silenzio, ha aspettato un bel po\u2019, come se pregasse, e poi mi ha guardato e mi ha detto: \u201cCertamente il Signore Le dar\u00e0 la grazia, ma non si sbagli: la dar\u00e0 con il suo modo divino\u201d. Questo mi ha fatto tanto bene: sentire che il Signore ci d\u00e0 sempre quello che chiediamo, ma lo fa nel suo modo divino. Questo modo implica la croce. Non per masochismo, ma per amore, per amore sino alla fine<\/span><\/span><span class=\"s9\">.<\/span><\/p>\n","protected":false},"excerpt":{"rendered":"<p>MESSA CRISMALE \u2013 OMELIA DI FRANCESCO (Basilica di San Pietro \u2013 Gioved\u00ec Santo, 1 aprile 2021)<\/p>\n","protected":false},"author":1,"featured_media":9306,"comment_status":"closed","ping_status":"closed","sticky":false,"template":"","format":"standard","meta":{"jetpack_post_was_ever_published":false,"_jetpack_newsletter_access":"","_jetpack_dont_email_post_to_subs":false,"_jetpack_newsletter_tier_id":0,"_jetpack_memberships_contains_paywalled_content":false,"_jetpack_memberships_contains_paid_content":false,"footnotes":""},"categories":[4],"tags":[],"class_list":["post-9778","post","type-post","status-publish","format-standard","has-post-thumbnail","hentry","category-riflessioni"],"jetpack_featured_media_url":"https:\/\/www.santamariaapparente.com\/wp\/wp-content\/uploads\/messa-Crismale_E.jpg","jetpack_sharing_enabled":true,"jetpack_shortlink":"https:\/\/wp.me\/p2XXfi-2xI","_links":{"self":[{"href":"https:\/\/www.santamariaapparente.com\/wp\/wp-json\/wp\/v2\/posts\/9778","targetHints":{"allow":["GET"]}}],"collection":[{"href":"https:\/\/www.santamariaapparente.com\/wp\/wp-json\/wp\/v2\/posts"}],"about":[{"href":"https:\/\/www.santamariaapparente.com\/wp\/wp-json\/wp\/v2\/types\/post"}],"author":[{"embeddable":true,"href":"https:\/\/www.santamariaapparente.com\/wp\/wp-json\/wp\/v2\/users\/1"}],"replies":[{"embeddable":true,"href":"https:\/\/www.santamariaapparente.com\/wp\/wp-json\/wp\/v2\/comments?post=9778"}],"version-history":[{"count":2,"href":"https:\/\/www.santamariaapparente.com\/wp\/wp-json\/wp\/v2\/posts\/9778\/revisions"}],"predecessor-version":[{"id":9780,"href":"https:\/\/www.santamariaapparente.com\/wp\/wp-json\/wp\/v2\/posts\/9778\/revisions\/9780"}],"wp:featuredmedia":[{"embeddable":true,"href":"https:\/\/www.santamariaapparente.com\/wp\/wp-json\/wp\/v2\/media\/9306"}],"wp:attachment":[{"href":"https:\/\/www.santamariaapparente.com\/wp\/wp-json\/wp\/v2\/media?parent=9778"}],"wp:term":[{"taxonomy":"category","embeddable":true,"href":"https:\/\/www.santamariaapparente.com\/wp\/wp-json\/wp\/v2\/categories?post=9778"},{"taxonomy":"post_tag","embeddable":true,"href":"https:\/\/www.santamariaapparente.com\/wp\/wp-json\/wp\/v2\/tags?post=9778"}],"curies":[{"name":"wp","href":"https:\/\/api.w.org\/{rel}","templated":true}]}}