{"id":9542,"date":"2020-12-23T00:07:44","date_gmt":"2020-12-22T23:07:44","guid":{"rendered":"http:\/\/www.santamariaapparente.com\/wp\/?p=9542"},"modified":"2020-12-23T00:09:24","modified_gmt":"2020-12-22T23:09:24","slug":"messaggio-per-il-santo-natale","status":"publish","type":"post","link":"https:\/\/www.santamariaapparente.com\/wp\/messaggio-per-il-santo-natale\/","title":{"rendered":"Messaggio per il Santo Natale"},"content":{"rendered":"<p class=\"cci_content_single_title\" style=\"text-align: right;\"><em>Come sono belli sui monti<br \/>\n<\/em><em>i piedi del messaggero che annuncia la pace,<\/em><\/p>\n<div class=\"cci_entry_content\">\n<div style=\"text-align: right;\"><em>del messaggero di buone notizie che annuncia la salvezza<\/em> (Is 52,7)<\/div>\n<div><\/div>\n<div><\/div>\n<div><\/div>\n<div><\/div>\n<div><\/div>\n<div>Quante volte ci \u00e8 capitato di attendere trepidanti una buona notizia che riguarda noi stessi, i nostri cari, i nostri amici o la comunit\u00e0 in cui viviamo? Sembrano momenti interminabili, lunghissimi, talora angosciosi. E questo, soprattutto, quando \u00e8 in gioco qualcosa d\u2019importante o la vita stessa. Sono istanti in cui scorrono i fotogrammi della storia personale e, guardandoli attentamente, si ridimensionano le velleit\u00e0, si rimpiange il tempo perduto, si apprezzano le cose genuine anche se piccole, si ringrazia per i doni ricevuti immeritatamente.<\/div>\n<div><\/div>\n<div>Proprio l\u2019attesa di una novit\u00e0 radicale e definitiva in una situazione di oppressione e di affanno era la condizione del popolo d\u2019Israele, descritta dal profeta Isaia tanti secoli fa. Ma \u00e8 anche la condizione di ciascuno di noi, delle nostre comunit\u00e0, delle nostre famiglie, della nostra societ\u00e0. Una condizione resa ancora pi\u00f9 precaria dalla crisi sanitaria e sociale che stiamo attraversando e che ci ha messo di fronte, una volta ancora, alla nostra vulnerabilit\u00e0 di fronte agli eventi. Guardiamo con preoccupazione alla situazione del nostro Paese, dove le immagini dello shopping natalizio si sovrappongono ai volti delle persone che ingrossano le file davanti alle Caritas diocesane e all\u2019elenco sempre pi\u00f9 lungo delle vittime del Covid-19.<\/div>\n<div><\/div>\n<div>Tutti insieme siamo in ascolto delle fatiche, delle speranze, dei bisogni materiali \u2013 ma anche spirituali \u2013 di un popolo che non smette di guardare alla speranza, alla Stella. L\u2019ascolto si fa preghiera e questa spinge all\u2019impegno concreto. Lo abbiamo ricordato nel recente \u201cMessaggio alle comunit\u00e0 cristiane in tempo di pandemia\u201d: \u00abCi sembra di intravedere, nonostante le immani difficolt\u00e0 che ci troviamo ad affrontare, la dimostrazione che stiamo vivendo un tempo di possibile rinascita sociale\u00bb.<\/div>\n<div><\/div>\n<div>Ed ecco che nel silenzio della notte, prolungata dalla pandemia, sappiamo per fede che sta per fare capolino la voce dell\u2019angelo, che porter\u00e0 la notizia attesa da sempre: \u00abVi annuncio una grande gioia: oggi \u00e8 nato per voi un Salvatore, che \u00e8 Cristo Signore\u00bb (cf. Lc 2,10-11). La luce del Mistero incarnato squarcia le tenebre. L\u2019attesa diventa inno di lode e ringraziamento. Nella Messa celebrata nella notte del Natale diventa invocazione: \u00abO Dio, che hai illuminato questa santissima notte con lo splendore di Cristo, vera luce del mondo, concedi a noi, che sulla terra contempliamo i suoi misteri, di partecipare alla sua gloria nel cielo\u00bb.<\/div>\n<div><\/div>\n<div>Questo l\u2019annuncio, antico e sempre nuovo, che abbiamo cominciato a contemplare in Avvento e che vorremmo consegnare idealmente ancora una volta alla comunit\u00e0 cristiana in questo Natale: il \u201cvangelo di Ges\u00f9 Cristo, Figlio di Dio\u201d (Mc 1,1). Nella grotta di Betlemme, in modo paradossale, risplende tutta la luce gentile del nostro Dio. In ginocchio davanti al Bambino, insieme con Maria e Giuseppe, siamo consapevoli della nostra finitudine e vulnerabilit\u00e0, percepiamo appieno la nostra debolezza di fronte alla potenza della nascita del Salvatore, che non ha esitato a farsi piccolo tra i piccoli per venire in mezzo a noi. Quel Bambino \u00e8 la notizia che attendevamo; \u00e8 lui il Messia che incoraggia i discepoli ad andare per le strade del mondo; \u00e8 lui la pace che vince le guerre e le paure; \u00e8 lui la salvezza che viene dall\u2019alto e che ci rende una comunit\u00e0 di risorti.<\/div>\n<div><\/div>\n<div>Ogni Natale \u00e8 diverso dagli altri e questo, in particolare, sar\u00e0 probabilmente il pi\u00f9 difficile per molti, se non per tutti. Ma un Natale meno scintillante non \u00e8 un Natale meno autentico: ricerchiamo nel nostro cuore quello che conta realmente, ci\u00f2 che ci rende uniti a chi amiamo, ci\u00f2 che \u00e8 davvero indispensabile. Come Pastori, come sacerdoti, ma prima ancora come membra di uno stesso corpo, siamo accanto alla sofferenza e alla solitudine di ciascuno per prenderne una parte, per sollevare insieme un pezzo di croce e renderla meno pesante.<\/div>\n<div><\/div>\n<div>A tutti i credenti e a tutte le donne e gli uomini di buona volont\u00e0 auguriamo di farsi trovare pronti la Notte di Natale, quando la buona notizia del Bambino Ges\u00f9 busser\u00e0 alla porta dei nostri cuori. Aprite la porta al Signore che nasce e non abbiate timore di salire, un passo alla volta, tenendo la mano del fratello, sul monte del dolore dell\u2019umanit\u00e0 per annunciare a tutti che il nostro Dio \u00e8 ancora l\u2019Emmanuele, \u00e8 il Dio-con-noi.<\/div>\n<div><\/div>\n<div><\/div>\n<div><\/div>\n<div>Buon Natale.<\/div>\n<div><\/div>\n<div><\/div>\n<div><\/div>\n<div>Il Consiglio Permanente<\/div>\n<div><\/div>\n<div>della Conferenza Episcopale Italiana<\/div>\n<div><\/div>\n<div><\/div>\n<div><\/div>\n<div>Roma, 20 dicembre 2020<\/div>\n<\/div>\n","protected":false},"excerpt":{"rendered":"<p>Come sono belli sui monti i piedi del messaggero che annuncia la pace, del messaggero di buone notizie che annuncia la salvezza (Is 52,7) Quante volte ci \u00e8 capitato di attendere trepidanti una buona notizia che riguarda noi stessi, i nostri cari, i nostri amici o la comunit\u00e0 in cui viviamo? Sembrano momenti interminabili, lunghissimi, [&hellip;]<\/p>\n","protected":false},"author":1,"featured_media":2773,"comment_status":"closed","ping_status":"closed","sticky":false,"template":"","format":"standard","meta":{"jetpack_post_was_ever_published":false,"_jetpack_newsletter_access":"","_jetpack_dont_email_post_to_subs":false,"_jetpack_newsletter_tier_id":0,"_jetpack_memberships_contains_paywalled_content":false,"_jetpack_memberships_contains_paid_content":false,"footnotes":""},"categories":[4],"tags":[],"class_list":["post-9542","post","type-post","status-publish","format-standard","has-post-thumbnail","hentry","category-riflessioni"],"jetpack_featured_media_url":"https:\/\/www.santamariaapparente.com\/wp\/wp-content\/uploads\/lettera_famiglie_natale.jpg","jetpack_sharing_enabled":true,"jetpack_shortlink":"https:\/\/wp.me\/p2XXfi-2tU","_links":{"self":[{"href":"https:\/\/www.santamariaapparente.com\/wp\/wp-json\/wp\/v2\/posts\/9542","targetHints":{"allow":["GET"]}}],"collection":[{"href":"https:\/\/www.santamariaapparente.com\/wp\/wp-json\/wp\/v2\/posts"}],"about":[{"href":"https:\/\/www.santamariaapparente.com\/wp\/wp-json\/wp\/v2\/types\/post"}],"author":[{"embeddable":true,"href":"https:\/\/www.santamariaapparente.com\/wp\/wp-json\/wp\/v2\/users\/1"}],"replies":[{"embeddable":true,"href":"https:\/\/www.santamariaapparente.com\/wp\/wp-json\/wp\/v2\/comments?post=9542"}],"version-history":[{"count":3,"href":"https:\/\/www.santamariaapparente.com\/wp\/wp-json\/wp\/v2\/posts\/9542\/revisions"}],"predecessor-version":[{"id":9545,"href":"https:\/\/www.santamariaapparente.com\/wp\/wp-json\/wp\/v2\/posts\/9542\/revisions\/9545"}],"wp:featuredmedia":[{"embeddable":true,"href":"https:\/\/www.santamariaapparente.com\/wp\/wp-json\/wp\/v2\/media\/2773"}],"wp:attachment":[{"href":"https:\/\/www.santamariaapparente.com\/wp\/wp-json\/wp\/v2\/media?parent=9542"}],"wp:term":[{"taxonomy":"category","embeddable":true,"href":"https:\/\/www.santamariaapparente.com\/wp\/wp-json\/wp\/v2\/categories?post=9542"},{"taxonomy":"post_tag","embeddable":true,"href":"https:\/\/www.santamariaapparente.com\/wp\/wp-json\/wp\/v2\/tags?post=9542"}],"curies":[{"name":"wp","href":"https:\/\/api.w.org\/{rel}","templated":true}]}}