{"id":9434,"date":"2020-11-15T08:48:43","date_gmt":"2020-11-15T07:48:43","guid":{"rendered":"http:\/\/www.santamariaapparente.com\/wp\/?p=9434"},"modified":"2020-11-15T08:48:43","modified_gmt":"2020-11-15T07:48:43","slug":"patto-globale-educativo-messaggio-di-papa-francesco","status":"publish","type":"post","link":"https:\/\/www.santamariaapparente.com\/wp\/patto-globale-educativo-messaggio-di-papa-francesco\/","title":{"rendered":"Patto globale educativo &#8211; messaggio di Papa Francesco"},"content":{"rendered":"<p>MI sembra cos\u00ec importante quanto ha detto il Papa nel videomesaggio <!--more-->con il quale lo scorso 15 ottobre ha lanciato il &#8220;<strong>Patto globale educativo<\/strong>&#8221; &#8230; Occasione riflettere dove e come impegnarsi per i prossimi decenni&#8230;<\/p>\n<p>Utile anche da leggere in occasione della Giornata Mondiale dei Poveri (15 novembre) perch\u00e9 \u00e8 anche un forte invito alla cultura dell&#8217;incontro. COs\u00ec dice alla fine dell&#8217;intervento:<\/p>\n<p><em>Cos\u00ec dobbiamo andare avanti noi: tutti insieme, ognuno come \u00e8, ma sempre guardando avanti insieme, <strong>verso questa costruzione di una civilt\u00e0 dell\u2019armonia, dell\u2019unit\u00e0<\/strong>, dove non ci sia posto per questa cattiva pandemia della cultura dello scarto.<\/em><\/p>\n<p class=\"s4\"><span class=\"s3\"><span class=\"bumpedFont15\">VIDEOMESSAGGIO D<\/span><\/span><span class=\"s3\"><span class=\"bumpedFont15\">I FRANCESCO<\/span><\/span><span class=\"s3\"><span class=\"bumpedFont15\"><br \/>\n<\/span><\/span><span class=\"s3\"><span class=\"bumpedFont15\">IN OCCASIONE DELL&#8217;INCONTRO PROMOSSO E ORGANIZZATO <\/span><\/span><span class=\"s3\"><span class=\"bumpedFont15\"><br \/>\n<\/span><\/span><span class=\"s3\"><span class=\"bumpedFont15\">DALLA CONGREGAZIONE PER L\u2019EDUCAZIONE CATTOLICA<\/span><\/span><span class=\"s3\"><span class=\"bumpedFont15\">: <\/span><\/span><span class=\"s3\"><span class=\"bumpedFont15\"><br \/>\n<\/span><\/span><span class=\"s3\"><span class=\"bumpedFont15\">&#8220;GLOBAL COMPACT ON EDUCATION. TOGETHER TO LOOK BEYOND&#8221;<\/span><\/span><\/p>\n<p class=\"s4\">\n<p class=\"s4\"><span class=\"s3\"><span class=\"bumpedFont15\">[Aula Magna della Pontificia Universit\u00e0 Lateranense &#8211; Gioved\u00ec, 15 ottobre 2020]<\/span><\/span><\/p>\n<p class=\"s5\">\n<p class=\"s5\"><span class=\"s3\"><span class=\"bumpedFont15\">Cari fratelli e sorelle,<\/span><\/span><\/p>\n<p class=\"s5\"><span class=\"s3\"><span class=\"bumpedFont15\">quando<\/span><\/span><span class=\"s3\"><span class=\"bumpedFont15\"> vi ho invitato a iniziare questo <\/span><\/span><span class=\"s6\"><span class=\"bumpedFont15\">cammino di preparazione, partecipazione e progettazione di un patto educativo globale<\/span><\/span><span class=\"s3\"><span class=\"bumpedFont15\">, non potevamo mai immaginare la situazione in cui si sarebbe sviluppato; il <\/span><\/span><span class=\"s3\"><span class=\"bumpedFont15\">Covid<\/span><\/span><span class=\"s3\"><span class=\"bumpedFont15\"> ha accelerato e amplificato molte delle urgenze e delle emergenze che riscontravamo e ne ha rivelate tante altre. <\/span><\/span><span class=\"s6\"><span class=\"bumpedFont15\">Alle difficolt\u00e0 sanitarie hanno fatto seguito quelle economiche e sociali. I sistemi educativi di tutto il mondo hanno sofferto la pandemia sia a livello scolastico che accademico<\/span><\/span><span class=\"s3\"><span class=\"bumpedFont15\">.<\/span><\/span><\/p>\n<p class=\"s5\"><span class=\"s3\"><span class=\"bumpedFont15\">Ovunque si \u00e8 cercato di attivare una rapida risposta attraverso le piattaforme educative informatiche, le quali hanno mostrato non solo una marcata disparit\u00e0 delle opportunit\u00e0 educative e tecnologiche, ma anche che, a causa del confinamento e di tante altre carenze gi\u00e0 esistenti, molti bambini e adolescenti sono rimasti indietro nel naturale processo di sviluppo pedagogico. Secondo alcuni recenti dati di agenzie internazionali, si parla di <\/span><\/span><span class=\"s7\"><span class=\"bumpedFont15\">\u201ccatastrofe educativa\u201d<\/span><\/span><span class=\"s3\"><span class=\"bumpedFont15\"> \u2013 \u00e8 un po\u2019 forte, ma si parla di \u201ccatastrofe educativa\u201d \u2013 di fronte ai circa dieci milioni di bambini che potrebbero essere costretti a lasciare la scuola a causa della crisi economica generata dal coronavirus, aumentando un divario educativo gi\u00e0 allarmante (con oltre 250 milioni di bambini in et\u00e0 scolare esclusi da ogni attivit\u00e0 formativa).<\/span><\/span><\/p>\n<p class=\"s5\"><span class=\"s3\"><span class=\"bumpedFont15\">Davanti a questa realt\u00e0 drammatica, sappiamo che le necessarie misure sanitarie saranno insufficienti se non verranno accompagnate da un nuovo modello culturale. Questa situazione ha fatto crescere la consapevolezza che <\/span><\/span><span class=\"s6\"><span class=\"bumpedFont15\">si deve imprimere una svolta al modello di sviluppo<\/span><\/span><span class=\"s3\"><span class=\"bumpedFont15\">. Affinch\u00e9 rispetti e tuteli la dignit\u00e0 della persona umana, esso dovr\u00e0 partire dalle opportunit\u00e0 che l&#8217;interdipendenza planetaria offre alla comunit\u00e0 e ai popoli, curando la nostra casa comune e proteggendo la pace. <\/span><\/span><span class=\"s6\"><span class=\"bumpedFont15\">La crisi che attraversiamo \u00e8 una crisi complessiva<\/span><\/span><span class=\"s3\"><span class=\"bumpedFont15\">, che non si pu\u00f2 ridurre o limitare a un solo ambito o settore. \u00c8 complessiva. Il <\/span><\/span><span class=\"s3\"><span class=\"bumpedFont15\">Covid<\/span><\/span><span class=\"s3\"><span class=\"bumpedFont15\"> ha permesso di riconoscere in maniera globale che <\/span><\/span><span class=\"s6\"><span class=\"bumpedFont15\">ci\u00f2 che \u00e8 in crisi \u00e8 il nostro modo di intendere la realt\u00e0 e di relazionarci tra noi<\/span><\/span><span class=\"s3\"><span class=\"bumpedFont15\">.<\/span><\/span><\/p>\n<p class=\"s5\"><span class=\"s3\"><span class=\"bumpedFont15\">In tale contesto, vediamo che non bastano le ricette semplicistiche n\u00e9 i vani ottimismi. Conosciamo il potere trasformante dell\u2019educazione: educare \u00e8 scommettere e dare al presente la speranza che rompe i determinismi e i fatalismi con cui l<\/span><\/span><span class=\"s3\"><span class=\"bumpedFont15\">\u2019<\/span><\/span><span class=\"s3\"><span class=\"bumpedFont15\">egoismo del forte, il conformismo del debole e l<\/span><\/span><span class=\"s3\"><span class=\"bumpedFont15\">\u2019<\/span><\/span><span class=\"s3\"><span class=\"bumpedFont15\">ideologia dell<\/span><\/span><span class=\"s3\"><span class=\"bumpedFont15\">\u2019<\/span><\/span><span class=\"s3\"><span class=\"bumpedFont15\">utopista vogliono imporsi tante volte come unica strada possibile<\/span><\/span><span class=\"s3\"><span class=\"bumpedFont15\"> (<\/span><\/span><span class=\"s3\"><span class=\"bumpedFont15\">c<\/span><\/span><span class=\"s3\"><span class=\"bumpedFont15\">f<\/span><\/span><span class=\"s3\"><span class=\"bumpedFont15\">.<\/span><\/span><span class=\"s3\"><span class=\"bumpedFont15\"> M. DE CERTEAU, <\/span><\/span><span class=\"s8\"><span class=\"bumpedFont15\">Lo straniero o l&#8217;unione nella differenza<\/span><\/span><span class=\"s3\"><span class=\"bumpedFont15\">, Vita e Pensiero, Milano 2010, 30<\/span><\/span><span class=\"s3\"><span class=\"bumpedFont15\">)<\/span><\/span><span class=\"s3\"><span class=\"bumpedFont15\">.<\/span><\/span><\/p>\n<p class=\"s5\">\n<p class=\"s5\"><span class=\"s6\"><span class=\"bumpedFont15\">Educare \u00e8 sempre un atto di speranza<\/span><\/span><span class=\"s3\"><span class=\"bumpedFont15\"> che invita alla co-partecipazione e alla trasformazione della logica sterile e paralizzante dell<\/span><\/span><span class=\"s3\"><span class=\"bumpedFont15\">\u2019<\/span><\/span><span class=\"s3\"><span class=\"bumpedFont15\">indifferenza in un<\/span><\/span><span class=\"s3\"><span class=\"bumpedFont15\">\u2019<\/span><\/span><span class=\"s3\"><span class=\"bumpedFont15\">altra logica diversa, che sia in grado di accogliere la nostra comune appartenenza. Se gli spazi educativi si conformano oggi alla logica della sostituzione e della ripetizione e sono incapaci di generare e mostrare nuovi orizzonti, in cui <\/span><\/span><span class=\"s7\"><span class=\"bumpedFont15\">l<\/span><\/span><span class=\"s7\"><span class=\"bumpedFont15\">\u2019<\/span><\/span><span class=\"s7\"><span class=\"bumpedFont15\">ospitalit\u00e0, la solidariet\u00e0 intergenerazionale e il valore della trascendenza fondino una nuova cultura<\/span><\/span><span class=\"s3\"><span class=\"bumpedFont15\">, non staremo mancando all<\/span><\/span><span class=\"s3\"><span class=\"bumpedFont15\">\u2019<\/span><\/span><span class=\"s3\"><span class=\"bumpedFont15\">appuntamento con questo momento storico?<\/span><\/span><\/p>\n<p class=\"s5\">\n<p class=\"s5\"><span class=\"s3\"><span class=\"bumpedFont15\">Siamo anche consapevoli che un cammino di vita ha bisogno di una speranza fondata sulla solidariet\u00e0, e che ogni cambiamento richiede un percorso educativo, per costruire nuovi paradigmi capaci di rispondere alle sfide e alle emergenze del mondo <\/span><\/span><span class=\"s3\"><span class=\"bumpedFont15\">contemporaneo, di capire e di trovare le soluzioni alle esigenze di ogni generazione e di far fiorire l&#8217;umanit\u00e0 di oggi e di domani.<\/span><\/span><\/p>\n<p class=\"s5\"><span class=\"s6\"><span class=\"bumpedFont15\">Noi riteniamo che l<\/span><\/span><span class=\"s6\"><span class=\"bumpedFont15\">\u2019<\/span><\/span><span class=\"s6\"><span class=\"bumpedFont15\">educazione \u00e8 una delle vie pi\u00f9 efficaci per umanizzare il mondo e la storia<\/span><\/span><span class=\"s3\"><span class=\"bumpedFont15\">. L&#8217;educazione \u00e8 soprattutto una <\/span><\/span><span class=\"s7\"><span class=\"bumpedFont15\">questione di amore e di responsabilit\u00e0<\/span><\/span><span class=\"s3\"><span class=\"bumpedFont15\"> che si trasmette nel tempo di generazione in generazione.<\/span><\/span><\/p>\n<p class=\"s5\"><span class=\"s3\"><span class=\"bumpedFont15\">L&#8217;educazione, quindi, si propone come il naturale antidoto alla cultura individualistica, che a volte degenera in vero e proprio culto dell<\/span><\/span><span class=\"s3\"><span class=\"bumpedFont15\">\u2019<\/span><\/span><span class=\"s3\"><span class=\"bumpedFont15\">io e nel primato dell<\/span><\/span><span class=\"s3\"><span class=\"bumpedFont15\">\u2019<\/span><\/span><span class=\"s3\"><span class=\"bumpedFont15\">indifferenza. Il nostro futuro non pu\u00f2 essere la divisione, l<\/span><\/span><span class=\"s3\"><span class=\"bumpedFont15\">\u2019<\/span><\/span><span class=\"s3\"><span class=\"bumpedFont15\">impoverimento delle facolt\u00e0 di pensiero e d<\/span><\/span><span class=\"s3\"><span class=\"bumpedFont15\">\u2019<\/span><\/span><span class=\"s3\"><span class=\"bumpedFont15\">immaginazione, di ascolto, di dialogo e di mutua comprensione. Il nostro futuro non pu\u00f2 essere questo.<\/span><\/span><\/p>\n<p class=\"s5\">\n<p class=\"s5\"><span class=\"s6\"><span class=\"bumpedFont15\">Oggi c<\/span><\/span><span class=\"s6\"><span class=\"bumpedFont15\">\u2019<\/span><\/span><span class=\"s6\"><span class=\"bumpedFont15\">\u00e8 bisogno di una rinnovata stagione di impegno educativo, che coinvolga tutte le componenti della societ\u00e0<\/span><\/span><span class=\"s3\"><span class=\"bumpedFont15\">. Ascoltiamo il grido delle nuove generazioni, che mette in luce l<\/span><\/span><span class=\"s3\"><span class=\"bumpedFont15\">\u2019<\/span><\/span><span class=\"s3\"><span class=\"bumpedFont15\">esigenza e, al tempo stesso, la stimolante opportunit\u00e0 di un rinnovato cammino educativo, che non giri lo sguardo dall<\/span><\/span><span class=\"s3\"><span class=\"bumpedFont15\">\u2019<\/span><\/span><span class=\"s3\"><span class=\"bumpedFont15\">altra parte favorendo pesanti ingiustizie sociali, violazioni dei diritti, profonde povert\u00e0 e scarti umani. <\/span><\/span><\/p>\n<p class=\"s5\"><span class=\"s3\"><span class=\"bumpedFont15\">Si tratta di un percorso integrale, in cui si va incontro a quelle situazioni di solitudine e di sfiducia verso il futuro che generano tra i giovani depressione, dipendenze, aggressivit\u00e0, odio verbale, fenomeni di bullismo. Un cammino condiviso, in cui non si resta indifferenti di fronte alla piaga delle violenze e degli abusi sui minori, ai fenomeni delle spose bambine e dei bambini-soldato, al dramma dei minori venduti e resi schiavi. A ci\u00f2 si unisce il dolore per le &#8220;sofferenze&#8221; del nostro pianeta, causate da uno sfruttamento senza testa e senza cuore, che ha generato una grave crisi ambientale e climatica.<\/span><\/span><\/p>\n<p class=\"s5\">\n<p class=\"s5\"><span class=\"s6\"><span class=\"bumpedFont15\">Nella storia esistono momenti in cui \u00e8 necessario prendere decisioni fondanti<\/span><\/span><span class=\"s3\"><span class=\"bumpedFont15\">, che diano non solo un<\/span><\/span><span class=\"s3\"><span class=\"bumpedFont15\">\u2019<\/span><\/span><span class=\"s3\"><span class=\"bumpedFont15\">impronta al nostro modo di vivere, ma specialmente una determinata posizione davanti ai possibili scenari futuri. Nella presente situazione di crisi sanitaria <\/span><\/span><span class=\"s3\"><span class=\"bumpedFont15\">\u2013 <\/span><\/span><span class=\"s3\"><span class=\"bumpedFont15\">gravida di sconforto e smarrimento <\/span><\/span><span class=\"s3\"><span class=\"bumpedFont15\">\u2013<\/span><\/span><span class=\"s3\"><span class=\"bumpedFont15\"> riteniamo che sia questo il tempo di <\/span><\/span><span class=\"s6\"><span class=\"bumpedFont15\">sottoscrivere un patto educativo globale per e con le giovani generazioni, che impegni le famiglie, le comunit\u00e0, le scuole e le universit\u00e0, le istituzioni, le religioni, i governanti, l<\/span><\/span><span class=\"s6\"><span class=\"bumpedFont15\">\u2019<\/span><\/span><span class=\"s6\"><span class=\"bumpedFont15\">umanit\u00e0 intera, nel formare persone mature<\/span><\/span><span class=\"s3\"><span class=\"bumpedFont15\">.<\/span><\/span><\/p>\n<p class=\"s5\">\n<p class=\"s5\"><span class=\"s3\"><span class=\"bumpedFont15\">Oggi ci \u00e8 richiesta la <\/span><\/span><span class=\"s8\"><span class=\"bumpedFont15\">parres\u00eca<\/span><\/span><span class=\"s3\"><span class=\"bumpedFont15\"> necessaria per andare oltre visioni <\/span><\/span><span class=\"s3\"><span class=\"bumpedFont15\">estrinsecistiche<\/span><\/span><span class=\"s3\"><span class=\"bumpedFont15\"> dei processi educativi, per superare le semplificazioni eccessive appiattite sull<\/span><\/span><span class=\"s3\"><span class=\"bumpedFont15\">\u2019<\/span><\/span><span class=\"s3\"><span class=\"bumpedFont15\">utilit\u00e0, sul risultato (standardizzato), sulla funzionalit\u00e0 e sulla burocrazia che confondono educazione con istruzione e finiscono per atomizzare le nostre culture; piuttosto ci \u00e8 chiesto di <\/span><\/span><span class=\"s6\"><span class=\"bumpedFont15\">perseguire una cultura integrale, partecipativa e poliedrica<\/span><\/span><span class=\"s3\"><span class=\"bumpedFont15\">. Ci serve il <\/span><\/span><span class=\"s6\"><span class=\"bumpedFont15\">coraggio<\/span><\/span><span class=\"s3\"><span class=\"bumpedFont15\"> di generare processi che assumano consapevolmente la frammentazione esistente e le contrapposizioni che di fatto portiamo con noi; il <\/span><\/span><span class=\"s6\"><span class=\"bumpedFont15\">coraggio<\/span><\/span><span class=\"s3\"><span class=\"bumpedFont15\"> di ricreare il tessuto di relazioni in favore di un<\/span><\/span><span class=\"s3\"><span class=\"bumpedFont15\">\u2019<\/span><\/span><span class=\"s3\"><span class=\"bumpedFont15\">umanit\u00e0 capace di parlare la lingua della fraternit\u00e0. Il valore delle nostre pratiche educative non sar\u00e0 misurato semplicemente dal superamento di prove standardizzate, bens\u00ec dalla <\/span><\/span><span class=\"s6\"><span class=\"bumpedFont15\">capacit\u00e0 di incidere sul cuore di una societ\u00e0 e di dar vita a una nuova cultura<\/span><\/span><span class=\"s3\"><span class=\"bumpedFont15\">. Un mondo diverso \u00e8 possibile e chiede che impariamo a costruirlo, e questo coinvolge tutta la nostra umanit\u00e0, sia personale che comunitaria.<\/span><\/span><\/p>\n<p class=\"s5\">\n<p class=\"s5\"><span class=\"s3\"><span class=\"bumpedFont15\">Facciamo appello in modo particolare, in ogni parte del mondo, agli uomini e alle donne della cultura, della scienza e dello sport, agli artisti, agli operatori dei media, affinch\u00e9 anch<\/span><\/span><span class=\"s3\"><span class=\"bumpedFont15\">\u2019<\/span><\/span><span class=\"s3\"><span class=\"bumpedFont15\">essi <\/span><\/span><span class=\"s6\"><span class=\"bumpedFont15\">sottoscrivano questo patto<\/span><\/span><span class=\"s3\"><span class=\"bumpedFont15\"> e, con la loro testimonianza e il loro lavoro, si facciano promotori dei valori di cura, di pace, di giustizia, di bene, di bellezza, di accoglienza dell<\/span><\/span><span class=\"s3\"><span class=\"bumpedFont15\">\u2019<\/span><\/span><span class=\"s3\"><span class=\"bumpedFont15\">altro e di fratellanza. \u00abNon dobbiamo aspettare tutto da coloro che ci governano, sarebbe infantile. Godiamo di uno spazio di corresponsabilit\u00e0 capace di avviare e generare nuovi processi e nuove trasformazioni. Dobbiamo essere parte attiva <\/span><\/span><span class=\"s3\"><span class=\"bumpedFont15\">nella riabilitazione e nel sostegno delle societ\u00e0 ferite. Oggi siamo di fronte alla grande occasione di esprimere il nostro essere fratelli, di essere altri buoni samaritani che prendono su di s\u00e9 il dolore dei fallimenti, invece di fomentare odi e risentimenti\u00bb (<\/span><\/span><span class=\"s3\"><span class=\"bumpedFont15\">Enc<\/span><\/span><span class=\"s3\"><span class=\"bumpedFont15\">. <\/span><\/span><a href=\"http:\/\/www.vatican.va\/content\/francesco\/it\/encyclicals\/documents\/papa-francesco_20201003_enciclica-fratelli-tutti.html\"><span class=\"s8\"><span class=\"bumpedFont15\">Fratelli tutti<\/span><\/span><\/a><span class=\"s3\"><span class=\"bumpedFont15\">, 77). <\/span><\/span><span class=\"s6\"><span class=\"bumpedFont15\">Un processo plurale e poliedrico capace di coinvolgerci tutti in risposte significative, dove le diversit\u00e0 e gli approcci sappiano armonizzarsi per la ricerca del bene comune<\/span><\/span><span class=\"s3\"><span class=\"bumpedFont15\">. Capacit\u00e0 di fare armonia: ci vuole questo, oggi.<\/span><\/span><\/p>\n<p class=\"s9\">\n<p class=\"s5\"><span class=\"s3\"><span class=\"bumpedFont15\">Per questi motivi ci impegniamo personalmente e insieme:<\/span><\/span><\/p>\n<p class=\"s5\"><span class=\"s3\"><span class=\"bumpedFont15\">a<\/span><\/span> <span class=\"s6\"><span class=\"bumpedFont15\">mettere al centro di ogni processo educativo formale e informale la<\/span><\/span> <span class=\"s6\"><span class=\"bumpedFont15\">persona<\/span><\/span><span class=\"s3\"><span class=\"bumpedFont15\">, il suo valore, la sua dignit\u00e0, per far emergere la sua propria specificit\u00e0, la sua bellezza, la sua unicit\u00e0 e, al tempo stesso, la sua capacit\u00e0 di essere in relazione con gli altri e con la realt\u00e0 che la circonda, respingendo quegli stili di vita che favoriscono la diffusione della cultura dello scarto.<\/span><\/span><\/p>\n<p class=\"s5\"><span class=\"s3\"><span class=\"bumpedFont15\">Secondo: ad <\/span><\/span><span class=\"s6\"><span class=\"bumpedFont15\">ascoltare la voce<\/span><\/span><span class=\"s3\"><span class=\"bumpedFont15\"> dei bambini, dei ragazzi e dei giovani a cui trasmettiamo valori e conoscenze, per costruire insieme un futuro di giustizia e di pace, una vita degna per ogni persona.<\/span><\/span><\/p>\n<p class=\"s5\"><span class=\"s3\"><span class=\"bumpedFont15\">Terzo: a favorire la piena<\/span><\/span><span class=\"s6\"><span class=\"bumpedFont15\"> partecipazione <\/span><\/span><span class=\"s3\"><span class=\"bumpedFont15\">delle bambine e delle ragazze<\/span><\/span> <span class=\"s3\"><span class=\"bumpedFont15\">all<\/span><\/span><span class=\"s3\"><span class=\"bumpedFont15\">\u2019<\/span><\/span><span class=\"s3\"><span class=\"bumpedFont15\">istruzione.<\/span><\/span><\/p>\n<p class=\"s5\"><span class=\"s3\"><span class=\"bumpedFont15\">Quarto: a vedere nella <\/span><\/span><span class=\"s6\"><span class=\"bumpedFont15\">famiglia<\/span><\/span><span class=\"s3\"><span class=\"bumpedFont15\"> il primo e indispensabile soggetto educatore.<\/span><\/span><\/p>\n<p class=\"s5\"><span class=\"s3\"><span class=\"bumpedFont15\">Quinto: a <\/span><\/span><span class=\"s6\"><span class=\"bumpedFont15\">educare ed educarci all<\/span><\/span><span class=\"s6\"><span class=\"bumpedFont15\">\u2019<\/span><\/span><span class=\"s6\"><span class=\"bumpedFont15\">accoglienza<\/span><\/span><span class=\"s3\"><span class=\"bumpedFont15\">, aprendoci ai pi\u00f9 vulnerabili ed emarginati.<\/span><\/span><\/p>\n<p class=\"s5\"><span class=\"s3\"><span class=\"bumpedFont15\">Sesto: a <\/span><\/span><span class=\"s6\"><span class=\"bumpedFont15\">impegnarci a studiare<\/span><\/span><span class=\"s3\"><span class=\"bumpedFont15\"> per trovare altri modi di intendere l<\/span><\/span><span class=\"s3\"><span class=\"bumpedFont15\">\u2019<\/span><\/span><span class=\"s3\"><span class=\"bumpedFont15\">economia, di intendere la politica, di intendere la crescita e il progresso, perch\u00e9 siano davvero al servizio dell<\/span><\/span><span class=\"s3\"><span class=\"bumpedFont15\">\u2019<\/span><\/span><span class=\"s3\"><span class=\"bumpedFont15\">uomo e dell<\/span><\/span><span class=\"s3\"><span class=\"bumpedFont15\">\u2019<\/span><\/span><span class=\"s3\"><span class=\"bumpedFont15\">intera famiglia umana nella prospettiva di un<\/span><\/span><span class=\"s3\"><span class=\"bumpedFont15\">\u2019<\/span><\/span><span class=\"s3\"><span class=\"bumpedFont15\">ecologia integrale.<\/span><\/span><\/p>\n<p class=\"s5\"><span class=\"s3\"><span class=\"bumpedFont15\">Settimo: a <\/span><\/span><span class=\"s6\"><span class=\"bumpedFont15\">custodire e coltivare<\/span><\/span><span class=\"s3\"><span class=\"bumpedFont15\"> la nostra casa comune, proteggendola dallo sfruttamento delle sue risorse, adottando stili di vita pi\u00f9 sobri e puntando al completo utilizzo di energie rinnovabili e rispettose dell<\/span><\/span><span class=\"s3\"><span class=\"bumpedFont15\">\u2019<\/span><\/span><span class=\"s3\"><span class=\"bumpedFont15\">ambiente umano e naturale secondo i <\/span><\/span><span class=\"s6\"><span class=\"bumpedFont15\">principi di sussidiariet\u00e0 e solidariet\u00e0 e dell<\/span><\/span><span class=\"s6\"><span class=\"bumpedFont15\">\u2019<\/span><\/span><span class=\"s6\"><span class=\"bumpedFont15\">economia circolare<\/span><\/span><span class=\"s3\"><span class=\"bumpedFont15\">.<\/span><\/span><\/p>\n<p class=\"s5\">\n<p class=\"s5\"><span class=\"s3\"><span class=\"bumpedFont15\">Cari fratelli e sorelle, con coraggio vorremo impegnarci, infine, a dar vita, nei nostri Paesi di provenienza, a un <\/span><\/span><span class=\"s6\"><span class=\"bumpedFont15\">progetto educativo<\/span><\/span><span class=\"s3\"><span class=\"bumpedFont15\">, investendo le nostre migliori energie nonch\u00e9 dando avvio a processi creativi e trasformativi in collaborazione con la societ\u00e0 civile. In questo processo, un punto di riferimento \u00e8 la <\/span><\/span><span class=\"s6\"><span class=\"bumpedFont15\">dottrina sociale<\/span><\/span><span class=\"s3\"><span class=\"bumpedFont15\"> che, ispirata agli insegnamenti della Rivelazione e all<\/span><\/span><span class=\"s3\"><span class=\"bumpedFont15\">\u2019<\/span><\/span><span class=\"s3\"><span class=\"bumpedFont15\">umanesimo cristiano, si offre come una solida base e una fonte viva per trovare le strade da percorrere nell<\/span><\/span><span class=\"s3\"><span class=\"bumpedFont15\">\u2019<\/span><\/span><span class=\"s3\"><span class=\"bumpedFont15\">attuale situazione di emergenza.<\/span><\/span><\/p>\n<p class=\"s5\">\n<p class=\"s5\"><span class=\"s3\"><span class=\"bumpedFont15\">Un tale investimento formativo, basato su una rete di relazioni umane e aperte, dovr\u00e0 assicurare a tutti l<\/span><\/span><span class=\"s3\"><span class=\"bumpedFont15\">\u2019<\/span><\/span><span class=\"s3\"><span class=\"bumpedFont15\">accesso a un<\/span><\/span><span class=\"s3\"><span class=\"bumpedFont15\">\u2019<\/span><\/span><span class=\"s3\"><span class=\"bumpedFont15\">educazione di qualit\u00e0, all<\/span><\/span><span class=\"s3\"><span class=\"bumpedFont15\">\u2019<\/span><\/span><span class=\"s3\"><span class=\"bumpedFont15\">altezza della dignit\u00e0 della persona umana e della sua vocazione alla fraternit\u00e0. <\/span><\/span><span class=\"s6\"><span class=\"bumpedFont15\">\u00c8 tempo di guardare avanti con coraggio e con speranza<\/span><\/span><span class=\"s3\"><span class=\"bumpedFont15\">. Pertanto, ci sostenga la convinzione che nell<\/span><\/span><span class=\"s3\"><span class=\"bumpedFont15\">\u2019<\/span><\/span><span class=\"s3\"><span class=\"bumpedFont15\">educazione abita il seme della speranza: una speranza di pace e di giustizia. Una speranza di bellezza, di bont\u00e0; una speranza di armonia sociale.<\/span><\/span><\/p>\n<p class=\"s5\">\n<p class=\"s5\"><span class=\"s3\"><span class=\"bumpedFont15\">Ricordiamo, fratelli e sorelle, che le grandi trasformazioni non si costruiscono a tavolino, no. C<\/span><\/span><span class=\"s3\"><span class=\"bumpedFont15\">\u2019<\/span><\/span><span class=\"s3\"><span class=\"bumpedFont15\">\u00e8 una <\/span><\/span><span class=\"s3\"><span class=\"bumpedFont15\">\u201c<\/span><\/span><span class=\"s3\"><span class=\"bumpedFont15\">architettura<\/span><\/span><span class=\"s3\"><span class=\"bumpedFont15\">\u201d<\/span><\/span><span class=\"s3\"><span class=\"bumpedFont15\"> della pace in cui intervengono le varie istituzioni e persone di una societ\u00e0, ciascuna secondo la propria competenza ma senza escludere nessuno (<\/span><\/span><span class=\"s3\"><span class=\"bumpedFont15\">cf<\/span><\/span><span class=\"s3\"><span class=\"bumpedFont15\">,<\/span><\/span><a href=\"http:\/\/www.vatican.va\/content\/francesco\/it\/encyclicals\/documents\/papa-francesco_20201003_enciclica-fratelli-tutti.html\"><span class=\"s8\"><span class=\"bumpedFont15\">I<\/span><\/span><span class=\"s8\"><span class=\"bumpedFont15\">bid<\/span><\/span><\/a><span class=\"s8\"><span class=\"bumpedFont15\">em<\/span><\/span><span class=\"s3\"><span class=\"bumpedFont15\">, 231). Cos\u00ec dobbiamo andare avanti noi: tutti insieme, ognuno come \u00e8, ma sempre guardando avanti insieme, <\/span><\/span><span class=\"s6\"><span class=\"bumpedFont15\">verso questa costruzione di una civilt\u00e0 dell\u2019armonia, dell\u2019unit\u00e0<\/span><\/span><span class=\"s3\"><span class=\"bumpedFont15\">, dove non ci sia posto per questa cattiva pandemia della cultura dello scarto. Grazie.<\/span><\/span><\/p>\n<p class=\"s5\"><a name=\"_GoBack\"><\/a><\/p>\n<p class=\"s5\">\n","protected":false},"excerpt":{"rendered":"<p>MI sembra cos\u00ec importante quanto ha detto il Papa nel videomesaggio<\/p>\n","protected":false},"author":1,"featured_media":8881,"comment_status":"closed","ping_status":"closed","sticky":false,"template":"","format":"standard","meta":{"jetpack_post_was_ever_published":false,"_jetpack_newsletter_access":"","_jetpack_dont_email_post_to_subs":false,"_jetpack_newsletter_tier_id":0,"_jetpack_memberships_contains_paywalled_content":false,"_jetpack_memberships_contains_paid_content":false,"footnotes":""},"categories":[4],"tags":[],"class_list":["post-9434","post","type-post","status-publish","format-standard","has-post-thumbnail","hentry","category-riflessioni"],"jetpack_featured_media_url":"https:\/\/www.santamariaapparente.com\/wp\/wp-content\/uploads\/Papa_E-1.jpg","jetpack_sharing_enabled":true,"jetpack_shortlink":"https:\/\/wp.me\/p2XXfi-2sa","_links":{"self":[{"href":"https:\/\/www.santamariaapparente.com\/wp\/wp-json\/wp\/v2\/posts\/9434","targetHints":{"allow":["GET"]}}],"collection":[{"href":"https:\/\/www.santamariaapparente.com\/wp\/wp-json\/wp\/v2\/posts"}],"about":[{"href":"https:\/\/www.santamariaapparente.com\/wp\/wp-json\/wp\/v2\/types\/post"}],"author":[{"embeddable":true,"href":"https:\/\/www.santamariaapparente.com\/wp\/wp-json\/wp\/v2\/users\/1"}],"replies":[{"embeddable":true,"href":"https:\/\/www.santamariaapparente.com\/wp\/wp-json\/wp\/v2\/comments?post=9434"}],"version-history":[{"count":1,"href":"https:\/\/www.santamariaapparente.com\/wp\/wp-json\/wp\/v2\/posts\/9434\/revisions"}],"predecessor-version":[{"id":9435,"href":"https:\/\/www.santamariaapparente.com\/wp\/wp-json\/wp\/v2\/posts\/9434\/revisions\/9435"}],"wp:featuredmedia":[{"embeddable":true,"href":"https:\/\/www.santamariaapparente.com\/wp\/wp-json\/wp\/v2\/media\/8881"}],"wp:attachment":[{"href":"https:\/\/www.santamariaapparente.com\/wp\/wp-json\/wp\/v2\/media?parent=9434"}],"wp:term":[{"taxonomy":"category","embeddable":true,"href":"https:\/\/www.santamariaapparente.com\/wp\/wp-json\/wp\/v2\/categories?post=9434"},{"taxonomy":"post_tag","embeddable":true,"href":"https:\/\/www.santamariaapparente.com\/wp\/wp-json\/wp\/v2\/tags?post=9434"}],"curies":[{"name":"wp","href":"https:\/\/api.w.org\/{rel}","templated":true}]}}