{"id":9311,"date":"2020-09-17T09:09:34","date_gmt":"2020-09-17T07:09:34","guid":{"rendered":"http:\/\/www.santamariaapparente.com\/wp\/?p=9311"},"modified":"2020-09-14T18:14:08","modified_gmt":"2020-09-14T16:14:08","slug":"educare-infinito-presente-la-pastorale-della-chiesa-per-la-scuola","status":"publish","type":"post","link":"https:\/\/www.santamariaapparente.com\/wp\/educare-infinito-presente-la-pastorale-della-chiesa-per-la-scuola\/","title":{"rendered":"Educare, infinito presente. La pastorale della Chiesa per la scuola"},"content":{"rendered":"<p class=\"cci_content_single_title\"><span style=\"font-family: -apple-system, BlinkMacSystemFont, 'Segoe UI', Roboto, Oxygen-Sans, Ubuntu, Cantarell, 'Helvetica Neue', sans-serif; font-size: 16px;\">\u00c8 il titolo del Sussidio elaborato dalla Commissione episcopale per l\u2019educazione cattolica, la scuola e l\u2019universit\u00e0 a conclusione del decennio sull\u2019educare alla vita buona del Vangelo e pubblicato nel giorno in cui, in molte regioni italiane, le scuole riaprono i battenti.<\/span><br \/>\n<!--more--><\/p>\n<div class=\"cci_entry_content\">\n<div><\/div>\n<div>Il testo, sottolinea nella presentazione mons. Mariano Crociata, vescovo di Latina-Terracina-Sezze-Priverno e presidente della Commissione, \u201ctestimonia che quello dell\u2019educazione \u00e8 un dossier che non pu\u00f2 mai essere considerato chiuso\u201d e che necessita \u201cdi un impegno che si presenta accresciuto per urgenza e novit\u00e0 di esigenze\u201d. In un tempo in cui il nostro Paese e l\u2019intero pianeta sono segnati dolorosamente dall\u2019emergenza sanitaria e dalle sue conseguenze,\u00a0<strong>dedicarsi alla scuola infatti riveste ancora pi\u00f9 valore<\/strong>. Per la Chiesa, il mondo scolastico \u00e8 una realt\u00e0 da amare e in cui stare con passione e competenza, contribuendo alla costruzione del progetto scolastico.<\/div>\n<div><\/div>\n<div>Pensato innanzitutto per le comunit\u00e0 cristiane, il documento si rivolge a tutti coloro che hanno a cuore la formazione dei ragazzi e dei giovani. Oltre a contenere riflessioni, spunti e approfondimenti, rappresenta uno strumento prezioso per creare sinergie e lavorare insieme. Del resto, osserva Ernesto Diaco, direttore dell\u2019Ufficio Nazionale per l\u2019educazione, la scuola e l\u2019universit\u00e0, \u201cdire scuola \u00e8 dire comunit\u00e0, responsabilit\u00e0, significati per la vita: tutte cose senza le quali non si vincono le sfide che abbiamo oggi davanti\u201d. In quest\u2019ottica, la pubblicazione del Sussidio vuole essere \u201cun segno dell\u2019attenzione e dell\u2019amore della Chiesa per la scuola e per il mondo dell\u2019educazione\u201d che abbraccia scuole di ogni ordine e grado, statali e paritarie, centri di formazione professionale e ogni altra istituzione con compiti formativi specifici.<\/div>\n<div><\/div>\n<div>Cliccando qui sotto troverete il sussidio:<\/div>\n<\/div>\n<div><\/div>\n<div><a href=\"https:\/\/www.chiesacattolica.it\/wp-content\/uploads\/sites\/31\/2020\/09\/14\/Educare-infinito-presente.-La-pastorale-della-Chiesa-per-la-scuola.pdf\">Il sussidio<\/a><\/div>\n","protected":false},"excerpt":{"rendered":"<p>\u00c8 il titolo del Sussidio elaborato dalla Commissione episcopale per l\u2019educazione cattolica, la scuola e l\u2019universit\u00e0 a conclusione del decennio sull\u2019educare alla vita buona del Vangelo e pubblicato nel giorno in cui, in molte regioni italiane, le scuole riaprono i battenti.<\/p>\n","protected":false},"author":1,"featured_media":4417,"comment_status":"closed","ping_status":"closed","sticky":false,"template":"","format":"standard","meta":{"jetpack_post_was_ever_published":false,"_jetpack_newsletter_access":"","_jetpack_dont_email_post_to_subs":false,"_jetpack_newsletter_tier_id":0,"_jetpack_memberships_contains_paywalled_content":false,"_jetpack_memberships_contains_paid_content":false,"footnotes":""},"categories":[5],"tags":[11],"class_list":["post-9311","post","type-post","status-publish","format-standard","has-post-thumbnail","hentry","category-news","tag-chiesa"],"jetpack_featured_media_url":"https:\/\/www.santamariaapparente.com\/wp\/wp-content\/uploads\/pastorale_familiare_E.jpg","jetpack_sharing_enabled":true,"jetpack_shortlink":"https:\/\/wp.me\/p2XXfi-2qb","_links":{"self":[{"href":"https:\/\/www.santamariaapparente.com\/wp\/wp-json\/wp\/v2\/posts\/9311","targetHints":{"allow":["GET"]}}],"collection":[{"href":"https:\/\/www.santamariaapparente.com\/wp\/wp-json\/wp\/v2\/posts"}],"about":[{"href":"https:\/\/www.santamariaapparente.com\/wp\/wp-json\/wp\/v2\/types\/post"}],"author":[{"embeddable":true,"href":"https:\/\/www.santamariaapparente.com\/wp\/wp-json\/wp\/v2\/users\/1"}],"replies":[{"embeddable":true,"href":"https:\/\/www.santamariaapparente.com\/wp\/wp-json\/wp\/v2\/comments?post=9311"}],"version-history":[{"count":3,"href":"https:\/\/www.santamariaapparente.com\/wp\/wp-json\/wp\/v2\/posts\/9311\/revisions"}],"predecessor-version":[{"id":9314,"href":"https:\/\/www.santamariaapparente.com\/wp\/wp-json\/wp\/v2\/posts\/9311\/revisions\/9314"}],"wp:featuredmedia":[{"embeddable":true,"href":"https:\/\/www.santamariaapparente.com\/wp\/wp-json\/wp\/v2\/media\/4417"}],"wp:attachment":[{"href":"https:\/\/www.santamariaapparente.com\/wp\/wp-json\/wp\/v2\/media?parent=9311"}],"wp:term":[{"taxonomy":"category","embeddable":true,"href":"https:\/\/www.santamariaapparente.com\/wp\/wp-json\/wp\/v2\/categories?post=9311"},{"taxonomy":"post_tag","embeddable":true,"href":"https:\/\/www.santamariaapparente.com\/wp\/wp-json\/wp\/v2\/tags?post=9311"}],"curies":[{"name":"wp","href":"https:\/\/api.w.org\/{rel}","templated":true}]}}