{"id":8696,"date":"2020-03-19T09:12:32","date_gmt":"2020-03-19T08:12:32","guid":{"rendered":"http:\/\/www.santamariaapparente.com\/wp\/?p=8696"},"modified":"2020-03-18T18:14:48","modified_gmt":"2020-03-18T17:14:48","slug":"beati-i-misericordiosi-perche-troveranno-misericordia-mt-57","status":"publish","type":"post","link":"https:\/\/www.santamariaapparente.com\/wp\/beati-i-misericordiosi-perche-troveranno-misericordia-mt-57\/","title":{"rendered":"Beati i misericordiosi, perch\u00e9 troveranno misericordia\u00bb (\u00a0Mt\u00a05,7)"},"content":{"rendered":"<div>La Prefettura della Casa Pontificia ha comunicato che, a motivo dell\u2019emergenza sanitaria internazionale,\u00a0le Udienze Generali\u00a0 e le recite dell\u2019Angelus saranno proposte da Francesco nella Biblioteca del Palazzo Apostolico e saranno solo in diretta streaming.<\/div>\n<p><!--more--><\/p>\n<div><\/div>\n<div>Catechesi di mercoled\u00ec 18 marzo:\u00a0<em>Beati i misericordiosi, perch\u00e9 troveranno misericordia<\/em>\u00bb (\u00a0<em>Mt<\/em>\u00a05,7).<\/div>\n<div><\/div>\n<div>Cari fratelli e sorelle, buongiorno!<\/div>\n<div>Ci soffermiamo oggi sulla quinta beatitudine, che dice: \u00ab\u00a0<em>Beati i misericordiosi, perch\u00e9 troveranno misericordia<\/em>\u00bb (\u00a0<em>Mt<\/em>\u00a05,7). In questa beatitudine c\u2019\u00e8 una particolarit\u00e0: \u00e8 l\u2019unica in cui la causa e il frutto della felicit\u00e0 coincidono, la misericordia. Coloro che esercitano la misericordia troveranno misericordia, saranno\u00a0<em>\u00a0<\/em>\u201cmisericordiati\u201d.<\/div>\n<div>Questo tema della\u00a0<strong>reciprocit\u00e0 del perdono non \u00e8 presente solo in questa beatitudine, ma \u00e8 ricorrente nel Vangelo<\/strong>. E come potrebbe essere altrimenti? La misericordia \u00e8 il cuore stesso di Dio! Ges\u00f9 dice: \u00abNon giudicate e non sarete giudicati; non condannate e non sarete condannati; perdonate e sarete perdonati\u00bb (\u00a0<em>Lc<\/em>\u00a06, 37). Sempre la stessa reciprocit\u00e0. E la Lettera di Giacomo afferma che \u00abla misericordia ha sempre la meglio sul giudizio\u00bb (2, 13).<\/div>\n<div>Ma \u00e8 soprattutto nel Padre Nostro che noi preghiamo: \u00abRimetti a noi i nostri debiti come anche noi li rimettiamo ai nostri debitori\u00bb (\u00a0<em>Mt<\/em>\u00a06, 12); e questa domanda \u00e8 l\u2019unica ripresa alla fine: \u00abSe voi infatti perdonerete agli altri le loro colpe, il Padre vostro che \u00e8 nei cieli perdoner\u00e0 anche a voi; ma se voi non perdonerete agli altri, neppure il Padre vostro perdoner\u00e0 le vostre colpe\u00bb (\u00a0<em>Mt<\/em>\u00a06, 14-15; cf.\u00a0\u00a0<em><a href=\"http:\/\/www.vatican.va\/archive\/ccc_it\/documents\/2663cat669-752.PDF\">Catechismo della Chiesa Cattolica<\/a><\/em>, 2838).<\/div>\n<div>Ci sono due cose che non si possono separare:\u00a0<strong>il perdono dato e il perdono ricevuto<\/strong>. Ma tante persone sono in difficolt\u00e0, non riescono a perdonare. Tante volte il male ricevuto \u00e8 cos\u00ec grande che riuscire a perdonare sembra come scalare una montagna altissima: uno sforzo enorme; e uno pensa: non si pu\u00f2, questo non si pu\u00f2. Questo fatto della reciprocit\u00e0 della misericordia indica che\u00a0<strong>abbiamo bisogno di rovesciare la prospettiva<\/strong>. Da soli non possiamo, ci vuole la grazia di Dio, dobbiamo chiederla. Infatti, se la quinta beatitudine promette di trovare misericordia e nel Padre Nostro chiediamo la remissione dei debiti, vuol dire che noi siamo essenzialmente dei debitori e abbiamo necessit\u00e0 di trovare misericordia!<\/div>\n<div>Tutti siamo debitori. Tutti. Verso Dio, che \u00e8 tanto generoso, e verso i fratelli. Ogni persona sa di non essere il padre o la madre che dovrebbe essere, lo sposo o la sposa, il fratello o la sorella che dovrebbe essere. Tutti siamo \u201cin deficit\u201d, nella vita. E abbiamo bisogno di misericordia. Sappiamo che anche noi abbiamo fatto il male, manca sempre qualcosa al bene che avremmo dovuto fare.<\/div>\n<div>Ma proprio questa nostra povert\u00e0 diventa la forza per perdonare! Siamo debitori e se, come abbiamo ascoltato all\u2019inizio, saremo misurati con la misura con cui misuriamo gli altri (cf.\u00a0\u00a0<em>Lc<\/em>\u00a06, 38),\u00a0<em>\u00a0<\/em>allora ci conviene allargare la misura e rimettere i debiti, perdonare. Ognuno deve ricordare di avere bisogno di perdonare, di avere bisogno del perdono, di avere bisogno della pazienza; questo \u00e8 il segreto della misericordia:\u00a0\u00a0<em>perdonando si \u00e8 perdonati<\/em>. Perci\u00f2 Dio ci precede e ci perdona Lui per primo (cf.\u00a0\u00a0<em>Rm<\/em>\u00a05, 8). Ricevendo il suo perdono, diventiamo capaci a nostra volta di perdonare. Cos\u00ec la propria miseria e la propria carenza di giustizia diventano occasione per aprirsi al regno dei cieli, a una misura pi\u00f9 grande, la misura di Dio, che \u00e8 misericordia.<\/div>\n<div>Da dove nasce la nostra misericordia? Ges\u00f9 ci ha detto: \u00abSiate misericordiosi, come il Padre vostro \u00e8 misericordioso\u00bb (\u00a0<em>Lc<\/em>\u00a06, 36). Quanto pi\u00f9 si accoglie l\u2019amore del Padre, tanto pi\u00f9 si ama (cf.\u00a0\u00a0<em><a href=\"http:\/\/www.vatican.va\/archive\/ccc_it\/documents\/2663cat669-752.PDF\">CCC<\/a><\/em>, 2842).\u00a0<em>La misericordia non \u00e8 una dimensione fra le altre, ma \u00e8 il centro della vita cristiana: non c\u2019\u00e8 cristianesimo senza misericordia<\/em>\u00a0<a href=\"http:\/\/w2.vatican.va\/content\/francesco\/it\/audiences\/2020\/documents\/papa-francesco_20200318_udienza-generale.html#_ftn1\">[Cf. S. Giovanni Paolo II, Enc.\u00a0<em>Dives in misericordia<\/em>\u00a0(30 novembre 1980); Bolla\u00a0<em>Misericordae Vultus<\/em>\u00a0(11 aprile 2015);\u00a0 Lett. ap.\u00a0<em>Misericordia et misera<\/em>\u00a0(20 novembre 2016)]<\/a>.\u00a0Se tutto il nostro cristianesimo non ci porta alla misericordia, abbiamo sbagliato strada, perch\u00e9\u00a0<strong>la misericordia \u00e8 l\u2019unica vera meta di ogni cammino spirituale<\/strong>. Essa \u00e8 uno dei frutti pi\u00f9 belli della carit\u00e0 (cf.\u00a0\u00a0<em><a href=\"http:\/\/www.vatican.va\/archive\/ccc_it\/documents\/2663cat473-668.PDF\">CCC<\/a><\/em>, 1829).<\/div>\n<div>Ricordo che questo tema \u00e8 stato scelto fin dal\u00a0\u00a0<a href=\"http:\/\/www.vatican.va\/content\/francesco\/it\/angelus\/2013\/documents\/papa-francesco_angelus_20130317.html\">primo\u00a0<em>Angelus<\/em><\/a>\u00a0che ho dovuto dire come Papa: la misericordia. E questo \u00e8 rimasto molto impresso in me, come un messaggio che come Papa io avrei dovuto dare sempre, un messaggio che dev\u2019essere di tutti i giorni: la misericordia. Ricordo che quel giorno ho avuto anche l\u2019atteggiamento un po\u2019 \u201cspudorato\u201d di fare pubblicit\u00e0 a un libro sulla misericordia, appena pubblicato dal cardinale Kasper. E quel giorno ho sentito tanto forte che questo \u00e8 il messaggio che devo dare, come Vescovo di Roma: misericordia, misericordia, per favore, perdono.<\/div>\n<div>La misericordia di Dio \u00e8 la nostra liberazione e la nostra felicit\u00e0. Noi viviamo di misericordia e non ci possiamo permettere di stare senza misericordia: \u00e8 l\u2019aria da respirare.\u00a0<strong>Siamo troppo poveri per porre le condizioni, abbiamo bisogno di perdonare, perch\u00e9 abbiamo bisogno di essere perdonati<\/strong>. Grazie!<\/div>\n<div><\/div>\n<div>&#8212;&#8212;&#8212;&#8212;&#8212;&#8212;&#8212;&#8212;&#8212;&#8212;&#8212;&#8212;&#8212;&#8212;&#8212;&#8212;&#8212;&#8212;&#8212;&#8212;&#8212;&#8212;&#8212;&#8212;&#8212;&#8212;&#8212;&#8212;&#8212;-<\/div>\n<div>HA AGGIUNTO INOLTRE DUE NOTE rigurdanti gioved\u00ec 19 marzo:<\/div>\n<div><\/div>\n<div>Domani festeggeremo la\u00a0<strong>solennit\u00e0 di San Giuseppe<\/strong>. Nella vita, nel lavoro, nella famiglia, nella gioia e nel dolore egli ha sempre cercato e amato il Signore, meritando l\u2019elogio della Scrittura come uomo giusto e saggio. Invocatelo sempre con fiducia, specialmente nei momenti difficili e affidate a questo grande Santo la vostra esistenza.<\/div>\n<div><\/div>\n<div>Faccio mio l\u2019appello dei Vescovi italiani che in questa emergenza sanitaria hanno promosso un momento di preghiera per tutto il Paese. Ogni famiglia, ogni fedele, ogni comunit\u00e0 religiosa:\u00a0<strong>tutti uniti spiritualmente domani alle ore 21 nella recita del Rosario, con i Misteri della luce<\/strong>. Io vi accompagner\u00f2 da qui. Al volto luminoso e trasfigurato di Ges\u00f9 Cristo e al suo Cuore ci conduce Maria, Madre di Dio, salute degli infermi, alla quale ci rivolgiamo con la preghiera del Rosario, sotto lo sguardo amorevole di San Giuseppe, Custode della Santa Famiglia e delle nostre famiglie. E gli chiediamo che custodisca in modo speciale la nostra famiglia, le nostre famiglie, in particolare gli ammalati e le persone che stanno prendendosi cura degli ammalati: i medici, gli infermieri, le infermiere, i volontari, che rischiano la vita in questo servizio.<\/div>\n<div>&#8212;&#8212;&#8212;&#8212;&#8212;&#8212;&#8212;&#8212;&#8212;&#8212;&#8212;&#8212;&#8212;&#8212;&#8212;&#8212;&#8212;&#8212;&#8212;&#8212;&#8212;&#8212;&#8212;&#8212;&#8212;&#8212;&#8212;&#8212;&#8212;-<\/div>\n<div><\/div>\n<div><\/div>\n<div><\/div>\n","protected":false},"excerpt":{"rendered":"<p>La Prefettura della Casa Pontificia ha comunicato che, a motivo dell\u2019emergenza sanitaria internazionale,\u00a0le Udienze Generali\u00a0 e le recite dell\u2019Angelus saranno proposte da Francesco nella Biblioteca del Palazzo Apostolico e saranno solo in diretta streaming.<\/p>\n","protected":false},"author":1,"featured_media":8652,"comment_status":"closed","ping_status":"closed","sticky":false,"template":"","format":"standard","meta":{"jetpack_post_was_ever_published":false,"_jetpack_newsletter_access":"","_jetpack_dont_email_post_to_subs":false,"_jetpack_newsletter_tier_id":0,"_jetpack_memberships_contains_paywalled_content":false,"_jetpack_memberships_contains_paid_content":false,"footnotes":""},"categories":[4],"tags":[],"class_list":["post-8696","post","type-post","status-publish","format-standard","has-post-thumbnail","hentry","category-riflessioni"],"jetpack_featured_media_url":"https:\/\/www.santamariaapparente.com\/wp\/wp-content\/uploads\/udienza_papa3.jpg","jetpack_sharing_enabled":true,"jetpack_shortlink":"https:\/\/wp.me\/p2XXfi-2gg","_links":{"self":[{"href":"https:\/\/www.santamariaapparente.com\/wp\/wp-json\/wp\/v2\/posts\/8696","targetHints":{"allow":["GET"]}}],"collection":[{"href":"https:\/\/www.santamariaapparente.com\/wp\/wp-json\/wp\/v2\/posts"}],"about":[{"href":"https:\/\/www.santamariaapparente.com\/wp\/wp-json\/wp\/v2\/types\/post"}],"author":[{"embeddable":true,"href":"https:\/\/www.santamariaapparente.com\/wp\/wp-json\/wp\/v2\/users\/1"}],"replies":[{"embeddable":true,"href":"https:\/\/www.santamariaapparente.com\/wp\/wp-json\/wp\/v2\/comments?post=8696"}],"version-history":[{"count":1,"href":"https:\/\/www.santamariaapparente.com\/wp\/wp-json\/wp\/v2\/posts\/8696\/revisions"}],"predecessor-version":[{"id":8697,"href":"https:\/\/www.santamariaapparente.com\/wp\/wp-json\/wp\/v2\/posts\/8696\/revisions\/8697"}],"wp:featuredmedia":[{"embeddable":true,"href":"https:\/\/www.santamariaapparente.com\/wp\/wp-json\/wp\/v2\/media\/8652"}],"wp:attachment":[{"href":"https:\/\/www.santamariaapparente.com\/wp\/wp-json\/wp\/v2\/media?parent=8696"}],"wp:term":[{"taxonomy":"category","embeddable":true,"href":"https:\/\/www.santamariaapparente.com\/wp\/wp-json\/wp\/v2\/categories?post=8696"},{"taxonomy":"post_tag","embeddable":true,"href":"https:\/\/www.santamariaapparente.com\/wp\/wp-json\/wp\/v2\/tags?post=8696"}],"curies":[{"name":"wp","href":"https:\/\/api.w.org\/{rel}","templated":true}]}}