{"id":8460,"date":"2019-12-10T11:26:30","date_gmt":"2019-12-10T10:26:30","guid":{"rendered":"http:\/\/www.santamariaapparente.com\/wp\/?p=8460"},"modified":"2019-12-22T11:28:19","modified_gmt":"2019-12-22T10:28:19","slug":"tempo-di-avvento-lettera-del-direttore-della-caritas","status":"publish","type":"post","link":"https:\/\/www.santamariaapparente.com\/wp\/tempo-di-avvento-lettera-del-direttore-della-caritas\/","title":{"rendered":"Tempo di Avvento &#8211; Lettera del direttore della Caritas"},"content":{"rendered":"<p style=\"text-align: center;\">AVVENTO-NATALE 2019<\/p>\n<p style=\"text-align: right;\">\u00a0Agli operatori della Caritas<\/p>\n<p style=\"text-align: right;\">Alle comunit\u00e0 cristiane<\/p>\n<p>&nbsp;<\/p>\n<p>\u201cMi avvicinai all\u2019angelo e lo pregai di darmi il piccolo libro \u2026 Presi quel piccolo libro dalla mano dell\u2019angelo e lo divorai; in bocca lo sentii dolce come il miele, ma come l\u2019ebbi inghiottito ne sentii nelle viscere tutta l\u2019amarezza. Allora mi fu detto: \u00abdevi profetizzare ancora su molti popoli, nazioni, lingue, re\u00bb\u201d (<em>Ap<\/em> 10, 9-11).<\/p>\n<p>Il piccolo libro: libro della storia umana in cui Ges\u00f9 Cristo si immerge per rivelare l\u2019amore di Dio per tutti gli uomini e portare a compimento il suo progetto di salvezza. \u00c8 un libro nello stesso tempo dolce e amaro: preannuncia la vittoria del bene, il trionfo di Ges\u00f9 Cristo e dei credenti in Lui, ma nello stesso tempo profetizza le sofferenze della comunit\u00e0 dei credenti nel corso della storia. La Chiesa prosegue il suo pellegrinaggio \u201cfra le persecuzioni del mondo e le consolazioni di Dio\u201d (S. Agostino).<\/p>\n<p>La Chiesa che \u201caccoglie e mangia\u201d il piccolo libro \u00e8 chiamata a profetizzare su molti popoli: \u00e8 la funzione profetica della comunit\u00e0 cristiana nel nostro mondo e nel nostro tempo.<\/p>\n<p>Voglio fare un esempio: ho visitato di recente, in seguito ad una iniziativa promossa da Caritas italiana, la minuscola comunit\u00e0 cattolica di Gibuti. Gibuti \u00e8 un piccolo stato dove la religione ufficiale \u00e8 l\u2019Islam. Vi \u00e8 libert\u00e0 di culto, ma \u00e8 vietata ogni forma di proselitismo. In altri termini non \u00e8 permessa l\u2019evangelizzazione. <strong>Questa piccola comunit\u00e0 con il suo vescovo per\u00f2 parla ed evangelizza con le opere della carit\u00e0.<\/strong> Si occupa di coloro di cui lo stato non si interessa: accoglie e cerca di dare un futuro ai bambini e ragazzi di strada; promuove attraverso le scuole di alfabetizzazione (leggere, scrivere, fare i conti) coloro che per vari motivi sono rimasti fuori dal sistema scolastico; favorisce l\u2019inserimento al lavoro attraverso una formazione professionale: ricamo e cucito per le ragazze e le donne; falegnameria, edilizia, elettricit\u00e0, meccanica per i ragazzi; stimola l\u2019inserimento sociale dei ragazzi con disabilit\u00e0 (scuola per tutti) \u2026.<\/p>\n<p>Questa piccola comunit\u00e0 cattolica evangelizza attraverso la carit\u00e0 e con la sua azione profetica spinge lo stato ad occuparsi delle categorie disagiate. Molti altri esempi vicini e lontani evidenziano la <strong>profezia della carit\u00e0.<\/strong><\/p>\n<p>In questo tempo di Avvento-Natale in cui sperimentiamo e celebriamo l\u2019amore del Dio, che si fa uomo, sentiamoci stimolati a vivere pi\u00f9 intensamente la carit\u00e0 e la nostra azione sia profetica: l\u2019attenzione agli ultimi, ai senza fissa dimora, ai \u201csenza documenti\u201d, a coloro che non hanno tutele giuridiche, a coloro che non possono entrare legalmente nel mondo del lavoro, a tutti i disagiati e sofferenti, \u2026<\/p>\n<p>Il nostro impegno sia profetico verso le comunit\u00e0 cristiane che troppo spesso delegano le Caritas e verso la societ\u00e0 civile dove in molti casi si riscontrano indifferenza, paura, chiusura, rifiuto, forme pi\u00f9 o meno esplicite di razzismo, \u2026<\/p>\n<p>&nbsp;<\/p>\n<p>A tutte le comunit\u00e0 cristiane ricordo che la <strong>terza Domenica di Avvento<\/strong> \u00e8 tradizionalmente la <strong>Domenica della Carit\u00e0<\/strong>; la Caritas diocesana invier\u00e0 alle parrocchie alcuni strumenti per l\u2019animazione delle liturgie. Nel pomeriggio dalle 15,30 alle 18 ci sar\u00e0 <strong>un incontro di formazione<\/strong> per <strong>gli operatori della Caritas e per tutti i fedeli<\/strong>, guidato dal nostro Arcivescovo, presso la parrocchia <strong>S. Maria di Montegranaro<\/strong>.<\/p>\n<p>&nbsp;<\/p>\n<p>A tutti auguro un buon cammino nella fede e nella carit\u00e0.<\/p>\n<p style=\"text-align: right;\">Il Direttore della Caritas Diocesana<\/p>\n<p style=\"text-align: right;\"><em>d. Pietro Orazi<\/em><\/p>\n<p>&nbsp;<\/p>\n","protected":false},"excerpt":{"rendered":"<p>AVVENTO-NATALE 2019 \u00a0Agli operatori della Caritas Alle comunit\u00e0 cristiane &nbsp; \u201cMi avvicinai all\u2019angelo e lo pregai di darmi il piccolo libro \u2026 Presi quel piccolo libro dalla mano dell\u2019angelo e lo divorai; in bocca lo sentii dolce come il miele, ma come l\u2019ebbi inghiottito ne sentii nelle viscere tutta l\u2019amarezza. Allora mi fu detto: \u00abdevi [&hellip;]<\/p>\n","protected":false},"author":1,"featured_media":5699,"comment_status":"closed","ping_status":"closed","sticky":false,"template":"","format":"standard","meta":{"jetpack_post_was_ever_published":false,"_jetpack_newsletter_access":"","_jetpack_dont_email_post_to_subs":false,"_jetpack_newsletter_tier_id":0,"_jetpack_memberships_contains_paywalled_content":false,"_jetpack_memberships_contains_paid_content":false,"footnotes":""},"categories":[4],"tags":[],"class_list":["post-8460","post","type-post","status-publish","format-standard","has-post-thumbnail","hentry","category-riflessioni"],"jetpack_featured_media_url":"https:\/\/www.santamariaapparente.com\/wp\/wp-content\/uploads\/Avvento_E.jpg","jetpack_sharing_enabled":true,"jetpack_shortlink":"https:\/\/wp.me\/p2XXfi-2cs","_links":{"self":[{"href":"https:\/\/www.santamariaapparente.com\/wp\/wp-json\/wp\/v2\/posts\/8460","targetHints":{"allow":["GET"]}}],"collection":[{"href":"https:\/\/www.santamariaapparente.com\/wp\/wp-json\/wp\/v2\/posts"}],"about":[{"href":"https:\/\/www.santamariaapparente.com\/wp\/wp-json\/wp\/v2\/types\/post"}],"author":[{"embeddable":true,"href":"https:\/\/www.santamariaapparente.com\/wp\/wp-json\/wp\/v2\/users\/1"}],"replies":[{"embeddable":true,"href":"https:\/\/www.santamariaapparente.com\/wp\/wp-json\/wp\/v2\/comments?post=8460"}],"version-history":[{"count":1,"href":"https:\/\/www.santamariaapparente.com\/wp\/wp-json\/wp\/v2\/posts\/8460\/revisions"}],"predecessor-version":[{"id":8461,"href":"https:\/\/www.santamariaapparente.com\/wp\/wp-json\/wp\/v2\/posts\/8460\/revisions\/8461"}],"wp:featuredmedia":[{"embeddable":true,"href":"https:\/\/www.santamariaapparente.com\/wp\/wp-json\/wp\/v2\/media\/5699"}],"wp:attachment":[{"href":"https:\/\/www.santamariaapparente.com\/wp\/wp-json\/wp\/v2\/media?parent=8460"}],"wp:term":[{"taxonomy":"category","embeddable":true,"href":"https:\/\/www.santamariaapparente.com\/wp\/wp-json\/wp\/v2\/categories?post=8460"},{"taxonomy":"post_tag","embeddable":true,"href":"https:\/\/www.santamariaapparente.com\/wp\/wp-json\/wp\/v2\/tags?post=8460"}],"curies":[{"name":"wp","href":"https:\/\/api.w.org\/{rel}","templated":true}]}}