{"id":8011,"date":"2019-07-06T15:47:46","date_gmt":"2019-07-06T13:47:46","guid":{"rendered":"http:\/\/www.santamariaapparente.com\/wp\/?p=8011"},"modified":"2019-07-06T15:47:46","modified_gmt":"2019-07-06T13:47:46","slug":"avvisi-di-luglio-2","status":"publish","type":"post","link":"https:\/\/www.santamariaapparente.com\/wp\/avvisi-di-luglio-2\/","title":{"rendered":"Avvisi di Luglio"},"content":{"rendered":"<p style=\"text-align: center;\">Parrocchia di Santa Maria Apparente<\/p>\n<p><strong>Sabato 29 e Domenica 30 giugno <\/strong>(XIII del tempo ordinario)<\/p>\n<p>Tu invece va\u2019 e annuncia il regno di Dio (<em>Lc<\/em> 9, 60)<\/p>\n<p>Le offerte che si raccolgono<!--more--> oggi verranno consegnate in Curia e inviate a Francesco; infatti, in Italia si celebra la <em>Giornata della Carit\u00e0 del Papa<\/em>.<\/p>\n<p>&nbsp;<\/p>\n<p>Per la Parola di Vita (<em>Gratuitamente avete ricevuto, gratuitamente date<\/em>: <em>Mt<\/em> 10, 8:), si propone di trovarsi al Santuario <strong>Domenica 7 luglio <\/strong>alle 17,30 e non il primo luned\u00ec.<\/p>\n<p><strong>\u00a0<\/strong><\/p>\n<p><strong>Sabato 6 e Domenica 7 luglio <\/strong>(XIV del tempo ordinario)<\/p>\n<p>Pregate il Signore della messe (<em>Lc<\/em> 10, 2)<\/p>\n<p><strong>Marted\u00ec 9<\/strong>, memoria diocesana di sant\u2019Anatolia, vergine e martire.<\/p>\n<p><strong>Gioved\u00ec 11<\/strong>, festa di san Benedetto, patrono d\u2019Europa.<\/p>\n<p><strong>\u00a0<\/strong><\/p>\n<p><strong>Sabato 13 e Domenica 14 luglio <\/strong>(XV del tempo ordinario)<\/p>\n<p>Vide e ne ebbe compassione (<em>Lc<\/em> 10, 33)<\/p>\n<p><strong>Marted\u00ec 16<\/strong>, memoria della beata Vergine del Monte Carmelo.<\/p>\n<p>&nbsp;<\/p>\n<p><strong>Sabato 20 e Domenica 21 luglio <\/strong>(XVI del tempo ordinario)<\/p>\n<p>Maria ha scelto la parte migliore (<em>Lc<\/em> 10, 42)<\/p>\n<p><strong>Marted\u00ec 23<\/strong>, festa di santa Brigida, patrona d\u2019Europa.<\/p>\n<p><strong>Mercoled\u00ec 24<\/strong>, alle 21,15 al santuario il G.A.M. propone la recita del Rosario.<\/p>\n<p><strong>Gioved\u00ec 25<\/strong>, festa di san Giacomo, apostolo<\/p>\n<p><strong>Venerd\u00ec 26<\/strong>, memoria dei santi Gioacchino e Anna, genitori della beata vergine Maria.<\/p>\n<p><strong>Sabato 27<\/strong>, memoria diocesana del beato Pietro da Mogliano, religioso.<\/p>\n<p>&nbsp;<\/p>\n<p><strong>Sabato 27 e Domenica 28 luglio <\/strong>(XVII del tempo ordinario)<\/p>\n<p>Chiedete e vi sar\u00e0 dato (<em>Lc<\/em> 11, 9)<\/p>\n<p><strong>Mercoled\u00ec 31<\/strong>, memoria di sant\u2019Ignazio di Loyola, fondatore della Compagnia di Ges\u00f9.<\/p>\n<p>&nbsp;<\/p>\n<p>Dalle ore 12 di <strong>gioved\u00ec 1\u00b0 <\/strong>alle 24 di <strong>venerd<\/strong><strong>\u00ec 2 agosto<\/strong> si celebra il \u201cperdono di Assisi\u201d con la possibilit\u00e0 di lucrare indulgenze nei luoghi francescani e nelle chiese parrocchiali.<\/p>\n<p>&nbsp;<\/p>\n<p>Per la Parola di Vita (<em>Perch\u00e9, dov\u2019\u00e8 il vostro tesoro, l\u00e0 sar\u00e0 anche il vostro cuore<\/em>: <em>Lc<\/em> 12, 34:), si propone di trovarsi al Santuario <strong>Domenica 4 agosto <\/strong>alle 17,30.<\/p>\n<p><strong>\u00a0<\/strong><\/p>\n<p><strong>Sabato 3 e Domenica 4 agosto <\/strong>(XVIII del tempo ordinario)<\/p>\n<p>Tenetevi lontani da ogni cupidigia (<em>Lc<\/em> 11, 25)<\/p>\n<p><strong>Marted\u00ec 6 <\/strong>(festa della Trasfigurazione del Signore).<\/p>\n<p><strong>Gioved\u00ec 8<\/strong>, memoria di san Domenico.<\/p>\n<p><strong>Venerd\u00ec 9<\/strong>, festa di santa Teresa Benedetta della Croce, compatrona d\u2019Europa.<\/p>\n<p><strong>Sabato 10<\/strong>, festa di san Lorenzo, diacono e martire.<\/p>\n<p><strong>\u00a0<\/strong><\/p>\n<p><strong>Sabato 10 e Domenica 11 agosto <\/strong>(XIX del tempo ordinario)<\/p>\n<p>Siate pronti con le vesti strette ai fianchi e le lampade accese (<em>Lc<\/em> 12, 35)<\/p>\n<p><strong>Mercoled\u00ec 14<\/strong> alle ore 19 si celebreranno i Primi Vespri della solennit\u00e0 dell\u2019Assunzione della beata Vergine Maria e la Messa vespertina del 15 agosto verr\u00e0 celebrata, alle ore 18, al Santuario, pur non essendo domenica.<\/p>\n<p>&nbsp;<\/p>\n<p><em>Quanto prima daremo informazioni sulla festa di san Marone, patrono della Citt\u00e0<\/em><\/p>\n<p>&nbsp;<\/p>\n<p>Marted\u00ec 25 giugno 2019\u00a0\u00a0\u00a0\u00a0\u00a0\u00a0\u00a0\u00a0\u00a0\u00a0\u00a0\u00a0\u00a0\u00a0\u00a0\u00a0\u00a0\u00a0\u00a0\u00a0\u00a0\u00a0\u00a0\u00a0\u00a0\u00a0\u00a0\u00a0\u00a0\u00a0\u00a0\u00a0\u00a0\u00a0\u00a0\u00a0\u00a0\u00a0\u00a0\u00a0\u00a0\u00a0\u00a0\u00a0\u00a0\u00a0\u00a0\u00a0\u00a0\u00a0\u00a0\u00a0\u00a0\u00a0\u00a0\u00a0\u00a0 \u00a0\u00a0\u00a0\u00a0\u00a0\u00a0\u00a0\u00a0\u00a0\u00a0\u00a0\u00a0\u00a0\u00a0\u00a0\u00a0\u00a0\u00a0\u00a0\u00a0\u00a0\u00a0\u00a0\u00a0\u00a0\u00a0\u00a0\u00a0\u00a0\u00a0\u00a0\u00a0\u00a0\u00a0\u00a0\u00a0don Emilio e padre Elia<\/p>\n","protected":false},"excerpt":{"rendered":"<p>Parrocchia di Santa Maria Apparente Sabato 29 e Domenica 30 giugno (XIII del tempo ordinario) Tu invece va\u2019 e annuncia il regno di Dio (Lc 9, 60) Le offerte che si raccolgono<\/p>\n","protected":false},"author":1,"featured_media":3758,"comment_status":"closed","ping_status":"closed","sticky":false,"template":"","format":"standard","meta":{"jetpack_post_was_ever_published":false,"_jetpack_newsletter_access":"","_jetpack_dont_email_post_to_subs":false,"_jetpack_newsletter_tier_id":0,"_jetpack_memberships_contains_paywalled_content":false,"_jetpack_memberships_contains_paid_content":false,"footnotes":""},"categories":[5],"tags":[8],"class_list":["post-8011","post","type-post","status-publish","format-standard","has-post-thumbnail","hentry","category-news","tag-parrocchia"],"jetpack_featured_media_url":"https:\/\/www.santamariaapparente.com\/wp\/wp-content\/uploads\/avvisi_luglio.jpg","jetpack_sharing_enabled":true,"jetpack_shortlink":"https:\/\/wp.me\/p2XXfi-25d","_links":{"self":[{"href":"https:\/\/www.santamariaapparente.com\/wp\/wp-json\/wp\/v2\/posts\/8011","targetHints":{"allow":["GET"]}}],"collection":[{"href":"https:\/\/www.santamariaapparente.com\/wp\/wp-json\/wp\/v2\/posts"}],"about":[{"href":"https:\/\/www.santamariaapparente.com\/wp\/wp-json\/wp\/v2\/types\/post"}],"author":[{"embeddable":true,"href":"https:\/\/www.santamariaapparente.com\/wp\/wp-json\/wp\/v2\/users\/1"}],"replies":[{"embeddable":true,"href":"https:\/\/www.santamariaapparente.com\/wp\/wp-json\/wp\/v2\/comments?post=8011"}],"version-history":[{"count":1,"href":"https:\/\/www.santamariaapparente.com\/wp\/wp-json\/wp\/v2\/posts\/8011\/revisions"}],"predecessor-version":[{"id":8012,"href":"https:\/\/www.santamariaapparente.com\/wp\/wp-json\/wp\/v2\/posts\/8011\/revisions\/8012"}],"wp:featuredmedia":[{"embeddable":true,"href":"https:\/\/www.santamariaapparente.com\/wp\/wp-json\/wp\/v2\/media\/3758"}],"wp:attachment":[{"href":"https:\/\/www.santamariaapparente.com\/wp\/wp-json\/wp\/v2\/media?parent=8011"}],"wp:term":[{"taxonomy":"category","embeddable":true,"href":"https:\/\/www.santamariaapparente.com\/wp\/wp-json\/wp\/v2\/categories?post=8011"},{"taxonomy":"post_tag","embeddable":true,"href":"https:\/\/www.santamariaapparente.com\/wp\/wp-json\/wp\/v2\/tags?post=8011"}],"curies":[{"name":"wp","href":"https:\/\/api.w.org\/{rel}","templated":true}]}}