{"id":7931,"date":"2019-06-27T19:00:24","date_gmt":"2019-06-27T17:00:24","guid":{"rendered":"http:\/\/www.santamariaapparente.com\/wp\/?p=7931"},"modified":"2019-06-27T19:00:24","modified_gmt":"2019-06-27T17:00:24","slug":"sacratissimo-cuore-di-gesu","status":"publish","type":"post","link":"https:\/\/www.santamariaapparente.com\/wp\/sacratissimo-cuore-di-gesu\/","title":{"rendered":"Sacratissimo cuore di Ges\u00f9"},"content":{"rendered":"<p><a dir=\"ltr\" href=\"x-apple-data-detectors:\/\/0\">Venerd\u00ec 28 giugno<\/a> in questo anno si celebra la solennit\u00e0 del Sacratissimo Cuore di Ges\u00f9. Questo<!--more--> ha detto in proposito Papa Francesco nell&#8217;udienza generale di mercoled\u00ec 26 giugno 2019: &#8220;Invito tutti a guardare a quel Cuore e ad imitarne i sentimenti pi\u00f9 veri. Pregate per tutti i Sacerdoti e per il mio Ministero petrino, affinch\u00e9 ogni azione pastorale sia improntata sull\u2019amore che Cristo ha per ogni uomo&#8221;.<\/p>\n","protected":false},"excerpt":{"rendered":"<p>Venerd\u00ec 28 giugno in questo anno si celebra la solennit\u00e0 del Sacratissimo Cuore di Ges\u00f9. Questo<\/p>\n","protected":false},"author":1,"featured_media":7933,"comment_status":"closed","ping_status":"closed","sticky":false,"template":"","format":"standard","meta":{"jetpack_post_was_ever_published":false,"_jetpack_newsletter_access":"","_jetpack_dont_email_post_to_subs":false,"_jetpack_newsletter_tier_id":0,"_jetpack_memberships_contains_paywalled_content":false,"_jetpack_memberships_contains_paid_content":false,"footnotes":""},"categories":[5],"tags":[9],"class_list":["post-7931","post","type-post","status-publish","format-standard","has-post-thumbnail","hentry","category-news","tag-diocesi"],"jetpack_featured_media_url":"https:\/\/www.santamariaapparente.com\/wp\/wp-content\/uploads\/cuore-gesu\u0300_E.jpg","jetpack_sharing_enabled":true,"jetpack_shortlink":"https:\/\/wp.me\/p2XXfi-23V","_links":{"self":[{"href":"https:\/\/www.santamariaapparente.com\/wp\/wp-json\/wp\/v2\/posts\/7931","targetHints":{"allow":["GET"]}}],"collection":[{"href":"https:\/\/www.santamariaapparente.com\/wp\/wp-json\/wp\/v2\/posts"}],"about":[{"href":"https:\/\/www.santamariaapparente.com\/wp\/wp-json\/wp\/v2\/types\/post"}],"author":[{"embeddable":true,"href":"https:\/\/www.santamariaapparente.com\/wp\/wp-json\/wp\/v2\/users\/1"}],"replies":[{"embeddable":true,"href":"https:\/\/www.santamariaapparente.com\/wp\/wp-json\/wp\/v2\/comments?post=7931"}],"version-history":[{"count":1,"href":"https:\/\/www.santamariaapparente.com\/wp\/wp-json\/wp\/v2\/posts\/7931\/revisions"}],"predecessor-version":[{"id":7934,"href":"https:\/\/www.santamariaapparente.com\/wp\/wp-json\/wp\/v2\/posts\/7931\/revisions\/7934"}],"wp:featuredmedia":[{"embeddable":true,"href":"https:\/\/www.santamariaapparente.com\/wp\/wp-json\/wp\/v2\/media\/7933"}],"wp:attachment":[{"href":"https:\/\/www.santamariaapparente.com\/wp\/wp-json\/wp\/v2\/media?parent=7931"}],"wp:term":[{"taxonomy":"category","embeddable":true,"href":"https:\/\/www.santamariaapparente.com\/wp\/wp-json\/wp\/v2\/categories?post=7931"},{"taxonomy":"post_tag","embeddable":true,"href":"https:\/\/www.santamariaapparente.com\/wp\/wp-json\/wp\/v2\/tags?post=7931"}],"curies":[{"name":"wp","href":"https:\/\/api.w.org\/{rel}","templated":true}]}}