{"id":7342,"date":"2018-05-25T00:02:49","date_gmt":"2018-05-24T22:02:49","guid":{"rendered":"http:\/\/www.santamariaapparente.com\/wp\/?p=7342"},"modified":"2018-05-23T00:05:24","modified_gmt":"2018-05-22T22:05:24","slug":"assemblea-generale-della-cei","status":"publish","type":"post","link":"https:\/\/www.santamariaapparente.com\/wp\/assemblea-generale-della-cei\/","title":{"rendered":"Assemblea generale della CEI"},"content":{"rendered":"<p>DISCORSO DI PAPA FRANCESCO ALL&#8217;ASSEMBLEA GENERALE DELLA CEI<br \/>\n(Aula Nuova del Sinodo &#8211; Luned\u00ec, 21 maggio 2018)<\/p>\n<p>Cari fratelli, buonasera!<br \/>\nBenvenuti in Vaticano. Ma credo che quest\u2019aula [quella del Sinodo] \u00e8 in Vaticano soltanto quando c\u2019\u00e8 il Papa, perch\u00e9 \u00e8 sul territorio italiano. Anche l\u2019Aula Paolo VI\u2026 Dicono che \u00e8 cos\u00ec, non \u00e8 vero?<br \/>\nGrazie tante della vostra presenza per inaugurare questa giornata di Maria Madre della Chiesa. Noi diciamo dal nostro cuore, tutti insieme: \u201cMonstra te esse matrem\u201d. Sempre: \u201cMonstra te esse matrem\u201d. \u00c8 la preghiera: \u201cFacci sentire che sei la madre\u201d, che non siamo soli, che Tu ci accompagni come madre. \u00c8 la maternit\u00e0 della Chiesa, della Santa Madre Chiesa Gerarchica, che \u00e8 qui radunata\u2026 Ma che sia madre. \u201cSanta Madre Chiesa Gerarchica\u201d, cos\u00ec piaceva dire a Sant\u2019Ignazio [di Loyola]. Che Maria, Madre nostra, ci aiuti affinch\u00e9 la Chiesa sia madre. E \u2013 seguendo l\u2019ispirazione dei padri \u2013 che anche la nostra anima sia madre. Le tre donne: Maria, la Chiesa e l\u2019anima nostra. Tutte e tre madri. Che la Chiesa sia Madre, che la nostra anima sia Madre.<br \/>\nVi ringrazio per questo incontro che vorrei fosse un momento di dialogo e di riflessione. Ho pensato, dopo avervi ringraziato per tutto il lavoro che fate \u2013 \u00e8 abbastanza! \u2013, di condividere con voi tre mie preoccupazioni, ma non per \u201cbastonarvi\u201d, no, ma per dire che mi preoccupano queste cose, e voi vedete\u2026 E per dare a voi la parola cos\u00ec che mi rivolgiate tutte le domande, le ansie, le critiche \u2013 non \u00e8 peccato criticare il Papa qui! Non \u00e8 peccato, si pu\u00f2 fare \u2013 e le ispirazioni che portate nel cuore.<\/p>\n<p>La prima cosa che mi preoccupa \u00e8 la crisi delle vocazioni. \u00c8 la nostra paternit\u00e0 quella che \u00e8 in gioco qui! Di questa preoccupazione, anzi, di questa emorragia di vocazioni, ho parlato alla Plenaria della Congregazione per gli Istituti di Vita Consacrata e le Societ\u00e0 di Vita Apostolica, spiegando che si tratta del frutto avvelenato della cultura del provvisorio, del relativismo e della dittatura del denaro, che allontanano i giovani dalla vita consacrata; accanto, certamente, alla tragica diminuzione delle nascite, questo \u201cinverno demografico\u201d; nonch\u00e9 agli scandali e alla testimonianza tiepida. Quanti seminari, chiese e monasteri e conventi saranno chiusi nei prossimi anni per la mancanza di vocazioni? Dio lo sa. \u00c8 triste vedere questa terra, che \u00e8 stata per lunghi secoli fertile e generosa nel donare missionari, suore, sacerdoti pieni di zelo apostolico, insieme al vecchio continente entrare in una sterilit\u00e0 vocazionale senza cercare rimedi efficaci. Io credo che li cerca, ma non riusciamo a trovarli!<br \/>\nPropongo ad esempio una pi\u00f9 concreta \u2013 perch\u00e9 dobbiamo incominciare con le cose pratiche, quelle che sono nelle nostre mani \u2013, vi propongo una pi\u00f9 concreta e generosa condivisione fidei donum tra le diocesi italiane, che certamente arricchirebbe tutte le diocesi che donano e quelle che ricevono, rafforzando nei cuori del clero e dei fedeli il sensus ecclesiae e il sensus fidei. Voi vedete, se potete\u2026 Fare uno scambio di [sacerdoti] fidei donum da una diocesi a un\u2019altra. Penso a qualche diocesi del Piemonte: c\u2019\u00e8 un\u2019aridit\u00e0 grande\u2026 E penso alla Puglia, dove c\u2019\u00e8 una sovrabbondanza\u2026 Pensate, una creativit\u00e0 bella: un sistema fidei donum dentro l\u2019Italia. Qualcuno sorride\u2026 Ma vediamo se siete capaci di fare questo.<\/p>\n<p>Seconda preoccupazione: povert\u00e0 evangelica e trasparenza. Per me, sempre \u2013 perch\u00e9 l\u2019ho imparato come gesuita nella Costituzione \u2013 la povert\u00e0 \u00e8 \u201cmadre\u201d ed \u00e8 \u201cmuro\u201d della vita apostolica. \u00c8 madre perch\u00e9 la fa nascere, e muro perch\u00e9 la protegge. Senza povert\u00e0 non c\u2019\u00e8 zelo apostolico, non c\u2019\u00e8 vita di servizio agli altri\u2026 \u00c8 una preoccupazione che riguarda il denaro e la trasparenza. In realt\u00e0, chi crede non pu\u00f2 parlare di povert\u00e0 e vivere come un faraone. A volte si vedono queste cose\u2026 \u00c8 una contro-testimonianza parlare di povert\u00e0 e condurre una vita di lusso; ed \u00e8 molto scandaloso trattare il denaro senza trasparenza o gestire i beni della Chiesa come fossero beni personali. Voi conoscete gli scandali finanziari che ci sono stati in alcune diocesi\u2026 Per favore, a me fa molto male sentire che un ecclesiastico si \u00e8 fatto manipolare mettendosi in situazioni che superano le sue capacit\u00e0 o, peggio ancora, gestendo in maniera disonesta \u201cgli spiccioli della vedova\u201d. Noi abbiamo il dovere di gestire con esemplarit\u00e0, attraverso regole chiare e comuni, ci\u00f2 per cui un giorno daremo conto al padrone della vigna. Penso a uno di voi, per esempio \u2013 lo conosco bene \u2013 che mai, mai invita a cena o a pranzo con i soldi della diocesi: paga di tasca sua, senn\u00f2 non invita. Piccoli gesti, come proposito fatto negli esercizi spirituali. Noi abbiamo il dovere di gestire con esemplarit\u00e0 attraverso regole chiare e comuni ci\u00f2 per cui un giorno daremo conto al padrone della vigna. Sono consapevole \u2013 questo voglio dirlo \u2013 e riconoscente che nella CEI si \u00e8 fatto molto negli ultimi anni soprattutto, sulla via della povert\u00e0 e della trasparenza. Un bel lavoro di trasparenza. Ma si deve fare ancora un po\u2019 di pi\u00f9 su alcune cose\u2026, ma poi ne parler\u00f2.<\/p>\n<p>E la terza preoccupazione \u00e8 la riduzione e accorpamento delle diocesi. Non \u00e8 facile, perch\u00e9, soprattutto in questo tempo\u2026 L\u2019anno scorso stavamo per accorparne una, ma sono venuti quelli di l\u00e0 e dicevano: \u201c\u00c8 piccolina la diocesi&#8230; Padre, perch\u00e9 fa questo? L\u2019universit\u00e0 \u00e8 andata via; hanno chiuso una scuola; adesso non c\u2019\u00e8 il sindaco, c\u2019\u00e8 un delegato; e adesso anche voi\u2026\u201d. E uno sente questo dolore e dice: \u201cChe rimanga il vescovo, perch\u00e9 soffrono\u201d. Ma credo che ci sono delle diocesi che si possono accorpare. Questa questione l\u2019ho gi\u00e0 sollevata il 23 maggio del 2013, ossia la riduzione delle diocesi italiane. Si tratta certamente di un\u2019esigenza pastorale, studiata ed esaminata pi\u00f9 volte \u2013 voi lo sapete \u2013 gi\u00e0 prima del Concordato del \u201929. Infatti Paolo VI nel \u201964, parlando il 14 aprile all\u2019Assemblea dei vescovi, parl\u00f2 di \u201ceccessivo numero delle diocesi\u201d; e successivamente, il 23 giugno del \u201966, torn\u00f2 ancora sull\u2019argomento incontrando l\u2019Assemblea della CEI dicendo: \u00abSar\u00e0 quindi necessario ritoccare i confini di alcune diocesi, ma pi\u00f9 che altro si dovr\u00e0 procedere alla fusione di non poche diocesi, in modo che la circoscrizione risultante abbia un\u2019estensione territoriale, una consistenza demografica, una dotazione di clero e di opere idonee a sostenere un\u2019organizzazione diocesana veramente funzionale e a sviluppare un\u2019attivit\u00e0 pastorale efficace ed unitaria\u201d. Fin qui Paolo VI. Anche la Congregazione per i Vescovi nel 2016 &#8211; ma io ne ho parlato nel \u201913 \u2013 ha chiesto alle Conferenze episcopali regionali di inviare il loro parere circa un progetto di riordino delle diocesi alla Segreteria Generale della CEI. Quindi stiamo parlando di un argomento datato e attuale, trascinato per troppo tempo, e credo sia giunta l\u2019ora di concluderlo al pi\u00f9 presto. \u00c8 facile farlo, \u00e8 facile\u2026 Forse ci sono un caso o due che non si possono fare adesso per quello che ho detto prima \u2013 perch\u00e9 \u00e8 una terra abbandonata \u2013, ma si pu\u00f2 fare qualcosa.<\/p>\n<p>Queste sono le mie tre preoccupazioni che ho voluto condividere con voi come spunti di riflessione. Ora lascio a voi la parola e vi ringrazio per la parresia. Grazie tante.<\/p>\n<p><!--more--><!--more--><!--more--><\/p>\n","protected":false},"excerpt":{"rendered":"<p>DISCORSO DI PAPA FRANCESCO ALL&#8217;ASSEMBLEA GENERALE DELLA CEI (Aula Nuova del Sinodo &#8211; Luned\u00ec, 21 maggio 2018) Cari fratelli, buonasera! Benvenuti in Vaticano. Ma credo che quest\u2019aula [quella del Sinodo] \u00e8 in Vaticano soltanto quando c\u2019\u00e8 il Papa, perch\u00e9 \u00e8 sul territorio italiano. Anche l\u2019Aula Paolo VI\u2026 Dicono che \u00e8 cos\u00ec, non \u00e8 vero? Grazie [&hellip;]<\/p>\n","protected":false},"author":1,"featured_media":2962,"comment_status":"closed","ping_status":"closed","sticky":false,"template":"","format":"standard","meta":{"jetpack_post_was_ever_published":false,"_jetpack_newsletter_access":"","_jetpack_dont_email_post_to_subs":false,"_jetpack_newsletter_tier_id":0,"_jetpack_memberships_contains_paywalled_content":false,"_jetpack_memberships_contains_paid_content":false,"footnotes":""},"categories":[4],"tags":[],"class_list":["post-7342","post","type-post","status-publish","format-standard","has-post-thumbnail","hentry","category-riflessioni"],"jetpack_featured_media_url":"https:\/\/www.santamariaapparente.com\/wp\/wp-content\/uploads\/sinodo_vescovi_E.jpg","jetpack_sharing_enabled":true,"jetpack_shortlink":"https:\/\/wp.me\/p2XXfi-1Uq","_links":{"self":[{"href":"https:\/\/www.santamariaapparente.com\/wp\/wp-json\/wp\/v2\/posts\/7342","targetHints":{"allow":["GET"]}}],"collection":[{"href":"https:\/\/www.santamariaapparente.com\/wp\/wp-json\/wp\/v2\/posts"}],"about":[{"href":"https:\/\/www.santamariaapparente.com\/wp\/wp-json\/wp\/v2\/types\/post"}],"author":[{"embeddable":true,"href":"https:\/\/www.santamariaapparente.com\/wp\/wp-json\/wp\/v2\/users\/1"}],"replies":[{"embeddable":true,"href":"https:\/\/www.santamariaapparente.com\/wp\/wp-json\/wp\/v2\/comments?post=7342"}],"version-history":[{"count":1,"href":"https:\/\/www.santamariaapparente.com\/wp\/wp-json\/wp\/v2\/posts\/7342\/revisions"}],"predecessor-version":[{"id":7343,"href":"https:\/\/www.santamariaapparente.com\/wp\/wp-json\/wp\/v2\/posts\/7342\/revisions\/7343"}],"wp:featuredmedia":[{"embeddable":true,"href":"https:\/\/www.santamariaapparente.com\/wp\/wp-json\/wp\/v2\/media\/2962"}],"wp:attachment":[{"href":"https:\/\/www.santamariaapparente.com\/wp\/wp-json\/wp\/v2\/media?parent=7342"}],"wp:term":[{"taxonomy":"category","embeddable":true,"href":"https:\/\/www.santamariaapparente.com\/wp\/wp-json\/wp\/v2\/categories?post=7342"},{"taxonomy":"post_tag","embeddable":true,"href":"https:\/\/www.santamariaapparente.com\/wp\/wp-json\/wp\/v2\/tags?post=7342"}],"curies":[{"name":"wp","href":"https:\/\/api.w.org\/{rel}","templated":true}]}}