{"id":7228,"date":"2018-03-22T11:43:19","date_gmt":"2018-03-22T10:43:19","guid":{"rendered":"http:\/\/www.santamariaapparente.com\/wp\/?p=7228"},"modified":"2018-03-22T11:43:19","modified_gmt":"2018-03-22T10:43:19","slug":"incontro-con-i-genitori-2","status":"publish","type":"post","link":"https:\/\/www.santamariaapparente.com\/wp\/incontro-con-i-genitori-2\/","title":{"rendered":"Incontro con i genitori"},"content":{"rendered":"<p style=\"text-align: left;\">Il pomeriggio di Domenica 18 marzo mi sono trovato al teatrino con diversi <!--more-->genitori i cui figli e figlie non hanno ancora iniziato la catechesi parrocchiale che si avvia con la terza elementare. Un&#8217;ora significativa, a mio avviso, nella quale si \u00e8 riflettuto sulla virt\u00f9 teologale della carit\u00e0, dopo che nei mesi scorsi si era parlato della speranza e della fede. Carit\u00e0 che ha la sorgente inesauribile in Dio, che \u00e8 amore, secondo l&#8217;insegnamento dell&#8217;Ultimo Testamento (cf. 1Gv 4, 16). Carit\u00e0 che pu\u00f2 crescere sempre di pi\u00f9 &#8230; e questo accade in coloro che sanno valorizzare ci\u00f2 che non avevano previsto e che sembrava impedire o interrompere bruscamente il cammino. Ci si vedr\u00e0 probabilmente in una domenica pomeriggio del mese di maggio; forse, il 13 maggio. don Emilio<\/p>\n","protected":false},"excerpt":{"rendered":"<p>Il pomeriggio di Domenica 18 marzo mi sono trovato al teatrino con diversi<\/p>\n","protected":false},"author":1,"featured_media":4767,"comment_status":"closed","ping_status":"closed","sticky":false,"template":"","format":"standard","meta":{"jetpack_post_was_ever_published":false,"_jetpack_newsletter_access":"","_jetpack_dont_email_post_to_subs":false,"_jetpack_newsletter_tier_id":0,"_jetpack_memberships_contains_paywalled_content":false,"_jetpack_memberships_contains_paid_content":false,"footnotes":""},"categories":[6],"tags":[],"class_list":["post-7228","post","type-post","status-publish","format-standard","has-post-thumbnail","hentry","category-stare-insieme"],"jetpack_featured_media_url":"https:\/\/www.santamariaapparente.com\/wp\/wp-content\/uploads\/incontro_genitori_E.jpg","jetpack_sharing_enabled":true,"jetpack_shortlink":"https:\/\/wp.me\/p2XXfi-1SA","_links":{"self":[{"href":"https:\/\/www.santamariaapparente.com\/wp\/wp-json\/wp\/v2\/posts\/7228","targetHints":{"allow":["GET"]}}],"collection":[{"href":"https:\/\/www.santamariaapparente.com\/wp\/wp-json\/wp\/v2\/posts"}],"about":[{"href":"https:\/\/www.santamariaapparente.com\/wp\/wp-json\/wp\/v2\/types\/post"}],"author":[{"embeddable":true,"href":"https:\/\/www.santamariaapparente.com\/wp\/wp-json\/wp\/v2\/users\/1"}],"replies":[{"embeddable":true,"href":"https:\/\/www.santamariaapparente.com\/wp\/wp-json\/wp\/v2\/comments?post=7228"}],"version-history":[{"count":1,"href":"https:\/\/www.santamariaapparente.com\/wp\/wp-json\/wp\/v2\/posts\/7228\/revisions"}],"predecessor-version":[{"id":7229,"href":"https:\/\/www.santamariaapparente.com\/wp\/wp-json\/wp\/v2\/posts\/7228\/revisions\/7229"}],"wp:featuredmedia":[{"embeddable":true,"href":"https:\/\/www.santamariaapparente.com\/wp\/wp-json\/wp\/v2\/media\/4767"}],"wp:attachment":[{"href":"https:\/\/www.santamariaapparente.com\/wp\/wp-json\/wp\/v2\/media?parent=7228"}],"wp:term":[{"taxonomy":"category","embeddable":true,"href":"https:\/\/www.santamariaapparente.com\/wp\/wp-json\/wp\/v2\/categories?post=7228"},{"taxonomy":"post_tag","embeddable":true,"href":"https:\/\/www.santamariaapparente.com\/wp\/wp-json\/wp\/v2\/tags?post=7228"}],"curies":[{"name":"wp","href":"https:\/\/api.w.org\/{rel}","templated":true}]}}