{"id":6538,"date":"2017-10-09T14:31:04","date_gmt":"2017-10-09T12:31:04","guid":{"rendered":"http:\/\/www.santamariaapparente.com\/wp\/?p=6538"},"modified":"2017-10-09T14:31:04","modified_gmt":"2017-10-09T12:31:04","slug":"parola-di-vita-ottobre","status":"publish","type":"post","link":"https:\/\/www.santamariaapparente.com\/wp\/parola-di-vita-ottobre\/","title":{"rendered":"Parola di Vita &#8211; Ottobre"},"content":{"rendered":"<p>Ogni volta che mi trovo a riflettere con la gente sulla Parola di Vita, faccio quasi sempre l&#8217;esperienza<!--more--> di &#8220;un popolo che rinasce dal Vangelo&#8221;. Infatti, \u00e8 l&#8217;annuncio del Vangelo che ha generato tanti alla vita della comunit\u00e0 cristiana, e continua a farlo ancora. Quella promossa da Chiara Lubich negli anni &#8217;40, e che ora prosegue dopo la sua morte con altre persone che scrivono i commenti di una frase della Scrittura che si cerca di vivere in quel mese, \u00e8 una forma tra le tante; una modalit\u00e0 che manifesta per\u00f2 le sue potenzialit\u00e0 quando si giunge con semplicit\u00e0 a\u00a0condividerne gli effetti con gli altri fratelli e sorelle. E in questo, ciascuno pu\u00f2 (e dovrebbe) dire e dare il suo contributo; non conta infatti l&#8217;et\u00e0, n\u00e9 il sesso, n\u00e9 la vocazione. Ognuno diventa\u00a0<em>discepolo e maestro<\/em>\u00a0se ha l&#8217;umilt\u00e0 di rimanere alla scuola di Ges\u00f9 nella Chiesa. E cos\u00ec ascoltando la Parla, mettendola in pratica ogni giorno e condividendole i frutti, Lo si scopre pi\u00f9 vivo che mai, nella propria vita e in quella di molti altri! E questo spirito evangelico che si diffonde ovunque fa tanto bene al corpo e all&#8217;anima, del singolo come della comunit\u00e0. In questo mese, ci \u00e8 offerta una espressione di san Paolo che abbiamo ascoltato nella liturgia di Domenica 1\u00b0 ottobre.<\/p>\n<p align=\"center\"><b>\u00a0<\/b><\/p>\n<p align=\"center\"><i>\u201cAbbiate in voi gli stessi sentimenti di Cristo Ges\u00f9\u201d (Fil 2,5).<\/i><\/p>\n<p>\u00a0L\u2019apostolo Paolo, mentre si trova in carcere a causa della sua predicazione, scrive una lettera alla comunit\u00e0 cristiana della citt\u00e0 di Filippi. E\u2019 stato proprio lui il primo a portare l\u00ec il Vangelo e tanti hanno creduto e si sono impegnati con generosit\u00e0 nella nuova vita, testimoniando l\u2019amore cristiano anche quando Paolo \u00e8 dovuto partire. Queste notizie danno a lui una grande gioia e per questo la sua lettera \u00e8 piena di affetto per i filippesi.<\/p>\n<p>Egli dunque li incoraggia ad andare avanti, a crescere ancora come singoli e come comunit\u00e0, e per questo ricorda il loro modello, dal quale imparare lo stile di vita evangelico:<\/p>\n<p><b><i>\u201cAbbiate in voi gli stessi sentimenti di Cristo Ges\u00f9\u201d.<\/i><\/b><\/p>\n<p>E quali sono questi \u201csentimenti\u201d? Come \u00e8 possibile conoscere i desideri profondi di Ges\u00f9, per imitarlo?<\/p>\n<p>Paolo lo ha capito: Cristo Ges\u00f9, il Figlio di Dio, ha svuotato se stesso ed \u00e8 sceso in mezzo a noi; si \u00e8 fatto uomo, totalmente al servizio del Padre, per permettere a noi di diventare figli di Dio<a href=\"http:\/\/www.focolare.org\/news\/2017\/09\/28\/parola-di-vita-ottobre-2017\/#_ftn1\">[1]<\/a>.<\/p>\n<p>Ha realizzato la sua missione attraverso il modo di vivere di tutta la sua esistenza: si \u00e8 continuamente abbassato per raggiungere chi era pi\u00f9 piccolo, debole, insicuro, per risollevarlo, per farlo sentire finalmente amato e salvato: il lebbroso, la vedova, lo straniero, il peccatore.<\/p>\n<p><b><i>\u201cAbbiate in voi gli stessi sentimenti di Cristo Ges\u00f9\u201d.<\/i><\/b><\/p>\n<p>Per riconoscere e coltivare in noi i sentimenti di Ges\u00f9, riconosciamo prima di tutto in noi stessi la presenza del suo amore e la potenza del suo perdono; poi guardiamo a lui, facendo nostro il suo stile di vita, che ci spinge ad aprire il cuore, la mente e le braccia per accogliere ogni persona cos\u00ec com\u2019\u00e8. Evitiamo ogni giudizio verso gli altri, ma invece lasciamoci arricchire dal positivo di chi incontriamo, anche quando \u00e8 nascosto da un cumulo di miserie e di errori e ci sembra di \u201cperdere tempo\u201d in questa ricerca.<\/p>\n<p>Il sentimento pi\u00f9 forte di Ges\u00f9 che possiamo fare nostro \u00e8 l\u2019amore gratuito, la volont\u00e0 di metterci a disposizione degli altri con i nostri piccoli o grandi talenti, per costruire coraggiosamente e concretamente rapporti positivi in tutti i nostri ambienti di vita; \u00e8 saper affrontare anche le difficolt\u00e0, le incomprensioni, le divergenze con spirito di mitezza e con la determinazione di trovare le strade del dialogo e della concordia.<\/p>\n<p><b><i>\u201cAbbiate in voi gli stessi sentimenti di Cristo Ges\u00f9\u201d.<\/i><\/b><\/p>\n<p>Chiara Lubich, che per tutta la vita si \u00e8 lasciata guidare dal Vangelo e ne ha sperimentato la potenza, ha scritto:<\/p>\n<p>\u201cImitare Ges\u00f9 significa comprendere che noi cristiani abbiamo senso se viviamo\u00a0<i>per<\/i>\u00a0gli altri, se concepiamo la nostra esistenza come un servizio ai fratelli, se impostiamo tutta la nostra vita su questa base. Allora avremo realizzato ci\u00f2 che a Ges\u00f9 sta pi\u00f9 a cuore. Avremo centrato il Vangelo. E saremo veramente beati\u201d.<a href=\"http:\/\/www.focolare.org\/news\/2017\/09\/28\/parola-di-vita-ottobre-2017\/#_ftn2\">[2]<\/a><\/p>\n<p align=\"right\"><i>Letizia Magri\u00a0<\/i><\/p>\n<p align=\"right\"><i>________________________________________________________________________________<\/i><\/p>\n<p><a href=\"http:\/\/www.focolare.org\/news\/2017\/09\/28\/parola-di-vita-ottobre-2017\/#_ftnref1\">[1]<\/a>\u00a0Cfr. \u00a0<i>Gal<\/i>\u00a04,6: \u201c<i>E che voi siete figli lo prova il fatto che Dio mand\u00f2 nei nostri cuori lo Spirito del suo Figlio, il quale\u00a0grida<\/i>: \u00ab<i>Abb\u00e0! Padre!<\/i>\u00bb\u201d.\u00a0Anche\u00a0<i>Gv<\/i>\u00a01,12: \u201c<i>A quanti lo hanno accolto ha dato potere di diventare figli di Dio<\/i>\u201d.<\/p>\n<p><a href=\"http:\/\/www.focolare.org\/news\/2017\/09\/28\/parola-di-vita-ottobre-2017\/#_ftnref2\">[2]<\/a>\u00a0Cfr. C. Lubich,\u00a0<i>Beati quelli che si amano a vicenda<\/i>, Citt\u00e0 Nuova, 26, (1982), 6, p.43.<\/p>\n","protected":false},"excerpt":{"rendered":"<p>Ogni volta che mi trovo a riflettere con la gente sulla Parola di Vita, faccio quasi sempre l&#8217;esperienza<\/p>\n","protected":false},"author":1,"featured_media":6411,"comment_status":"closed","ping_status":"closed","sticky":false,"template":"","format":"standard","meta":{"jetpack_post_was_ever_published":false,"_jetpack_newsletter_access":"","_jetpack_dont_email_post_to_subs":false,"_jetpack_newsletter_tier_id":0,"_jetpack_memberships_contains_paywalled_content":false,"_jetpack_memberships_contains_paid_content":false,"footnotes":""},"categories":[6],"tags":[],"class_list":["post-6538","post","type-post","status-publish","format-standard","has-post-thumbnail","hentry","category-stare-insieme"],"jetpack_featured_media_url":"https:\/\/www.santamariaapparente.com\/wp\/wp-content\/uploads\/parola-vita_E.jpg","jetpack_sharing_enabled":true,"jetpack_shortlink":"https:\/\/wp.me\/p2XXfi-1Hs","_links":{"self":[{"href":"https:\/\/www.santamariaapparente.com\/wp\/wp-json\/wp\/v2\/posts\/6538","targetHints":{"allow":["GET"]}}],"collection":[{"href":"https:\/\/www.santamariaapparente.com\/wp\/wp-json\/wp\/v2\/posts"}],"about":[{"href":"https:\/\/www.santamariaapparente.com\/wp\/wp-json\/wp\/v2\/types\/post"}],"author":[{"embeddable":true,"href":"https:\/\/www.santamariaapparente.com\/wp\/wp-json\/wp\/v2\/users\/1"}],"replies":[{"embeddable":true,"href":"https:\/\/www.santamariaapparente.com\/wp\/wp-json\/wp\/v2\/comments?post=6538"}],"version-history":[{"count":1,"href":"https:\/\/www.santamariaapparente.com\/wp\/wp-json\/wp\/v2\/posts\/6538\/revisions"}],"predecessor-version":[{"id":6539,"href":"https:\/\/www.santamariaapparente.com\/wp\/wp-json\/wp\/v2\/posts\/6538\/revisions\/6539"}],"wp:featuredmedia":[{"embeddable":true,"href":"https:\/\/www.santamariaapparente.com\/wp\/wp-json\/wp\/v2\/media\/6411"}],"wp:attachment":[{"href":"https:\/\/www.santamariaapparente.com\/wp\/wp-json\/wp\/v2\/media?parent=6538"}],"wp:term":[{"taxonomy":"category","embeddable":true,"href":"https:\/\/www.santamariaapparente.com\/wp\/wp-json\/wp\/v2\/categories?post=6538"},{"taxonomy":"post_tag","embeddable":true,"href":"https:\/\/www.santamariaapparente.com\/wp\/wp-json\/wp\/v2\/tags?post=6538"}],"curies":[{"name":"wp","href":"https:\/\/api.w.org\/{rel}","templated":true}]}}