{"id":6433,"date":"2017-07-20T08:21:02","date_gmt":"2017-07-20T06:21:02","guid":{"rendered":"http:\/\/www.santamariaapparente.com\/wp\/?p=6433"},"modified":"2017-07-13T14:27:17","modified_gmt":"2017-07-13T12:27:17","slug":"catechesi-saper-cambiare-per-rendere-il-messaggio-piu-vicino","status":"publish","type":"post","link":"https:\/\/www.santamariaapparente.com\/wp\/catechesi-saper-cambiare-per-rendere-il-messaggio-piu-vicino\/","title":{"rendered":"Catechesi: saper \u201ccambiare\u201d per rendere il messaggio pi\u00f9 vicino"},"content":{"rendered":"<p>Lettera del Papa al Simposio Internazionale sulla Catechesi, che si conclude venerd\u00ec 14 luglio a Buenos Aires.<!--more--><\/p>\n<p>\u201cBisogna saper \u2018cambiare\u2019, adattarsi, per rendere il messaggio pi\u00f9 vicino, bench\u00e9\u00a0sia sempre lo stesso, perch\u00e9 Dio non cambia\u201d.<\/p>\n<p>Lo sottolinea papa Francesco nel suo messaggio al primo\u00a0Simposio Internazionale sulla Catechesi, iniziato ieri, marted\u00ec 11 luglio 2017, presso la Facolt\u00e0 di Teologia della Pontificia Universit\u00e0 Cattolica Argentina (UCA), a Buenos Aires.<\/p>\n<p>Nella sua missiva, il Pontefice italo-argentino incoraggia i catechisti ad essere creativi, a cercare \u201cmezzi e modi diversi per annunciare Cristo\u201d, a trovare \u201cnuovi segni e forme per la trasmissione della fede\u201d.<\/p>\n<p>Non occorre infatti dimenticare che il catechista non proclama se stesso, ma Ges\u00f9. \u201cCammina da e con Cristo\u201d, ricorda il Pontefice, \u201cnon \u00e8 una persona che parte dalle sue proprie idee e gusti\u201d.<\/p>\n<p>Questo significa che la catechesi ha implicazioni a livello personale. Essa \u201cnon \u00e8 un \u2018lavoro\u2019 o un compito esterno alla persona del catechista, ma che si \u2018\u00e8\u2019 catechisti e tutta la vita gira attorno a questa missione\u201d, sottolinea Francesco.<\/p>\n<p>\u201cInfatti \u2013 prosegue Jorge Bergoglio \u2013, \u2018essere\u2019 catechista \u00e8 una vocazione di servizio nella Chiesa, ci\u00f2 che \u00e8 stato\u00a0ricevuto come dono da parte del Signore, bisogna a sua volta trasmettere.\u201d\u00a0Perci\u00f2 il catechiste deve tornare \u201ccostantemente\u201d al primo annuncio o \u201ckerygma\u201d, cio\u00e8 a quel \u201cdono che gli ha cambiato la vita\u201d.<\/p>\n<p>\u201cQuesto annuncio deve accompagnare la fede gi\u00e0 presente nella religiosit\u00e0 del nostro popolo\u201d, continua Francesco. \u201cE\u2019 necessario prendersi cura di tutto il potenziale di piet\u00e0 e amore che racchiude la religiosit\u00e0 popolare, affinch\u00e9 non solo si trasmettano i contenuti della fede, ma si crei anche una vera scuola di formazione, nella quale si coltivi il dono della fede che si \u00e8\u00a0ricevuto.\u201d<\/p>\n<p>Jorge Bergoglio esorta infine i catechisti anche ad essere \u201cdei messaggeri gioiosi, dei custodi del bene e della bellezza, che risplendono nella vita fedele del discepolo missionario\u201d.<\/p>\n<p>L\u2019incontro \u00e8\u00a0organizzato dall\u2019Istituto Superiore Argentino di Catechesi (ISCA), il quale dipende dalla Commissione di catechesi e pastorale biblica della Conferenza Episcopale Argentina (CEA). La lettera di papa Francesco era indirizzata al presidente della Commissione, mons.\u00a0Ram\u00f3n Alfredo Dus, arcivescovo di Resistencia.<\/p>\n<p>&nbsp;<\/p>\n","protected":false},"excerpt":{"rendered":"<p>Lettera del Papa al Simposio Internazionale sulla Catechesi, che si conclude venerd\u00ec 14 luglio a Buenos Aires.<\/p>\n","protected":false},"author":1,"featured_media":6434,"comment_status":"closed","ping_status":"closed","sticky":false,"template":"","format":"standard","meta":{"jetpack_post_was_ever_published":false,"_jetpack_newsletter_access":"","_jetpack_dont_email_post_to_subs":false,"_jetpack_newsletter_tier_id":0,"_jetpack_memberships_contains_paywalled_content":false,"_jetpack_memberships_contains_paid_content":false,"footnotes":""},"categories":[4],"tags":[],"class_list":["post-6433","post","type-post","status-publish","format-standard","has-post-thumbnail","hentry","category-riflessioni"],"jetpack_featured_media_url":"https:\/\/www.santamariaapparente.com\/wp\/wp-content\/uploads\/GMG_E.jpg","jetpack_sharing_enabled":true,"jetpack_shortlink":"https:\/\/wp.me\/p2XXfi-1FL","_links":{"self":[{"href":"https:\/\/www.santamariaapparente.com\/wp\/wp-json\/wp\/v2\/posts\/6433","targetHints":{"allow":["GET"]}}],"collection":[{"href":"https:\/\/www.santamariaapparente.com\/wp\/wp-json\/wp\/v2\/posts"}],"about":[{"href":"https:\/\/www.santamariaapparente.com\/wp\/wp-json\/wp\/v2\/types\/post"}],"author":[{"embeddable":true,"href":"https:\/\/www.santamariaapparente.com\/wp\/wp-json\/wp\/v2\/users\/1"}],"replies":[{"embeddable":true,"href":"https:\/\/www.santamariaapparente.com\/wp\/wp-json\/wp\/v2\/comments?post=6433"}],"version-history":[{"count":1,"href":"https:\/\/www.santamariaapparente.com\/wp\/wp-json\/wp\/v2\/posts\/6433\/revisions"}],"predecessor-version":[{"id":6435,"href":"https:\/\/www.santamariaapparente.com\/wp\/wp-json\/wp\/v2\/posts\/6433\/revisions\/6435"}],"wp:featuredmedia":[{"embeddable":true,"href":"https:\/\/www.santamariaapparente.com\/wp\/wp-json\/wp\/v2\/media\/6434"}],"wp:attachment":[{"href":"https:\/\/www.santamariaapparente.com\/wp\/wp-json\/wp\/v2\/media?parent=6433"}],"wp:term":[{"taxonomy":"category","embeddable":true,"href":"https:\/\/www.santamariaapparente.com\/wp\/wp-json\/wp\/v2\/categories?post=6433"},{"taxonomy":"post_tag","embeddable":true,"href":"https:\/\/www.santamariaapparente.com\/wp\/wp-json\/wp\/v2\/tags?post=6433"}],"curies":[{"name":"wp","href":"https:\/\/api.w.org\/{rel}","templated":true}]}}