{"id":5626,"date":"2016-11-04T08:07:05","date_gmt":"2016-11-04T07:07:05","guid":{"rendered":"http:\/\/www.santamariaapparente.com\/wp\/?p=5626"},"modified":"2016-11-03T18:14:11","modified_gmt":"2016-11-03T17:14:11","slug":"cattolici-e-luterani-firmata-dichiarazione-congiunta-impegno-per-poveri-e-rifugiati","status":"publish","type":"post","link":"https:\/\/www.santamariaapparente.com\/wp\/cattolici-e-luterani-firmata-dichiarazione-congiunta-impegno-per-poveri-e-rifugiati\/","title":{"rendered":"Cattolici e Luterani, firmata Dichiarazione congiunta. Impegno per poveri e rifugiati"},"content":{"rendered":"<p><b style=\"line-height: 1.5em;\">Dall\u2019agenzia ZENIT del 31 ottobre 2016<\/b><\/p>\n<table border=\"0\" cellspacing=\"0\" cellpadding=\"0\" align=\"right\">\n<tbody>\n<tr>\n<td width=\"15\"><\/td>\n<td><\/td>\n<\/tr>\n<tr>\n<td width=\"15\"><\/td>\n<td><\/td>\n<\/tr>\n<\/tbody>\n<\/table>\n<p><span style=\"line-height: 1.5em;\">\u00a0<\/span><i style=\"line-height: 1.5em;\">Nel corso della celebrazione della Preghiera Ecumenica Comune, nella cattedrale Luterana di Lund Papa\u00a0Francesco<!--more--> e il vescovo Munib Yunan, presidente della Lutheran World Federation hanno firmato una Dichiarazione comune di cui pubblichiamo di seguito il testo integrale:<\/i><\/p>\n<p align=\"center\"><span style=\"line-height: 1.5em;\">***<\/span><\/p>\n<p>\u00a0\u00abRimanete in me e io in voi. Come il tralcio non pu\u00f2 portare frutto da se\u0301 stesso se non rimane nella vite, cosi\u0300 neanche voi se non rimanete in me\u00bb (<i>Gv<\/i> 15, 4).<\/p>\n<p>Con cuore riconoscente<\/p>\n<p>con questa Dichiarazione Congiunta, esprimiamo gioiosa gratitudine a Dio per questo momento di preghiera comune nella Cattedrale di Lund, con cui iniziamo l\u2019anno commemorativo del cinquecentesimo anniversario della Riforma. Cinquant\u2019anni di costante e fruttuoso dialogo ecumenico tra cattolici e luterani ci hanno aiutato a superare molte differenze e hanno approfondito la comprensione e la fiducia tra di noi. Al tempo stesso, ci siamo riavvicinati gli uni agli altri tramite il comune servizio al prossimo, spesso in situazioni di sofferenza e di persecuzione. Attraverso il dialogo e la testimonianza condivisa non siamo pi\u00f9 estranei. Anzi, abbiamo imparato che ci\u00f2 che ci unisce e\u0300 pi\u00f9 grande di ci\u00f2 che ci divide.<\/p>\n<p>&nbsp;<\/p>\n<p><i>\u00a0<\/i><i>Dal conflitto alla comunione<\/i><\/p>\n<p>Mentre siamo profondamente grati per i doni spirituali e teologici ricevuti attraverso la Riforma, <b>confessiamo e deploriamo davanti a Cristo il fatto che luterani e cattolici hanno ferito l\u2019unita\u0300 visibile della Chiesa<\/b>. Differenze teologiche sono state accompagnate da pregiudizi e conflitti e la religione e\u0300 stata strumentalizzata per fini politici. La nostra comune fede in Ges\u00f9 Cristo e il nostro battesimo esigono da noi una conversione quotidiana, grazie alla quale ripudiamo i dissensi e i conflitti storici che ostacolano il ministero della riconciliazione. Mentre il passato non pu\u00f2 essere cambiato, <b>la memoria e il modo di fare memoria possono essere trasformati<\/b>. Preghiamo per la guarigione delle nostre ferite e delle memorie che oscurano la nostra visione gli uni degli altri. Rifiutiamo categoricamente ogni odio e ogni violenza, passati e presenti, specialmente quelli attuati in nome della religione. Oggi ascoltiamo il comando di Dio di mettere da parte ogni conflitto. Riconosciamo che siamo liberati per grazia per camminare verso la comunione a cui Dio continuamente ci chiama.<\/p>\n<p>&nbsp;<\/p>\n<p><i>Il nostro impegno per una testimonianza comune<\/i><\/p>\n<p>Mentre superiamo quegli episodi della storia che pesano su di noi, <b>ci impegniamo a testimoniare insieme la grazia misericordiosa di Dio, rivelata in Cristo crocifisso e risorto<\/b>. Consapevoli che il modo di relazionarci tra di noi incide sulla nostra testimonianza del Vangelo, <b>ci impegniamo a crescere ulteriormente nella comunione radicata nel Battesimo, cercando di rimuovere i rimanenti ostacoli che ci impediscono di raggiungere la piena unita\u0300. Cristo desidera che siamo uno, cosi\u0300 che il mondo possa credere<\/b>.<\/p>\n<p>Molti membri delle nostre comunit\u00e0 aspirano a ricevere l\u2019Eucaristia ad un\u2019unica mensa, come concreta espressione della piena unita\u0300. Facciamo esperienza del dolore di quanti condividono tutta la loro vita, ma non possono condividere la presenza redentrice di Dio alla mensa eucaristica. Riconosciamo la nostra comune responsabilit\u00e0 pastorale di rispondere alla sete e alla fame spirituali del nostro popolo di essere uno in Cristo. Desideriamo ardentemente che questa ferita nel Corpo di Cristo sia sanata. <b>Questo e\u0300 l\u2019obiettivo dei nostri sforzi ecumenici, che vogliamo far progredire, anche rinnovando il nostro impegno per il dialogo teologico<\/b>.<\/p>\n<p>Preghiamo Dio che cattolici e luterani sappiano testimoniare insieme il Vangelo di Ges\u00f9 Cristo, invitando l\u2019umanit\u00e0 ad ascoltare e accogliere la buona notizia dell\u2019azione redentrice di Dio. Chiediamo a Dio ispirazione, incoraggiamento e forza affinch\u00e9 possiamo andare avanti insieme nel servizio, difendendo la dignit\u00e0 e i diritti umani, specialmente dei poveri, lavorando per la giustizia e rigettando ogni forma di violenza. Dio ci chiama ad essere vicini a coloro che aspirano alla dignit\u00e0, alla giustizia, alla pace e alla riconciliazione. Oggi, in particolare, noi alziamo le nostre voci per la fine della violenza e dell\u2019estremismo che colpiscono tanti Paesi e comunit\u00e0, e innumerevoli sorelle e fratelli in Cristo. <b>Esortiamo luterani e cattolici a lavorare insieme per accogliere chi e\u0300 straniero, per venire in aiuto di quanti sono costretti a fuggire a causa della guerra e della persecuzione, e a difendere i diritti dei rifugiati e di quanti cercano asilo<\/b>.<\/p>\n<p>Oggi pi\u00f9 che mai ci rendiamo conto che il nostro comune servizio nel mondo deve estendersi a tutto il creato, che soffre lo sfruttamento e gli effetti di un\u2019insaziabile avidit\u00e0. Riconosciamo il diritto delle future generazioni di godere il mondo, opera di Dio, in tutta la sua potenzialit\u00e0 e bellezza. Preghiamo per un cambiamento dei cuori e delle menti che porti ad una amorevole e responsabile cura del creato.<\/p>\n<p>&nbsp;<\/p>\n<p><i>Uno in Cristo<\/i><\/p>\n<p><span style=\"line-height: 1.5em;\">In questa occasione propizia esprimiamo la nostra gratitudine ai fratelli e alle sorelle delle varie Comunioni e Associazioni cristiane mondiali che sono presenti e si uniscono a noi in preghiera. <\/span><b style=\"line-height: 1.5em;\">Nel rinnovare il nostro impegno a progredire dal conflitto alla comunione, lo facciamo come membri dell\u2019unico Corpo di Cristo, al quale siamo incorporati per il Battesimo<\/b><span style=\"line-height: 1.5em;\">. Invitiamo i nostri compagni di strada nel cammino ecumenico a ricordarci i nostri impegni e ad incoraggiarci. Chiediamo loro di continuare a pregare per noi, di camminare con noi, di sostenerci nell\u2019osservare i religiosi impegni che oggi abbiamo manifestato.<\/span><\/p>\n<p>&nbsp;<\/p>\n<p><i>Appello ai cattolici e ai luterani del mondo intero<\/i><\/p>\n<p><span style=\"line-height: 1.5em;\">Facciamo appello a tutte le parrocchie e comunit\u00e0 luterane e cattoliche, perch\u00e9 siano coraggiose e creative, gioiose e piene di speranza nel loro impegno a continuare la grande avventura che ci aspetta. <\/span><b style=\"line-height: 1.5em;\">Piuttosto che i conflitti del passato, il dono divino dell\u2019unita\u0300 tra di noi guider\u00e0 la collaborazione e approfondir\u00e0 la nostra solidariet\u00e0<\/b><span style=\"line-height: 1.5em;\">. Stringendoci nella fede a Cristo, pregando insieme, ascoltandoci a vicenda, vivendo l\u2019amore di Cristo nelle nostre relazioni, noi, cattolici e luterani, ci apriamo alla potenza di Dio Uno e Trino. <\/span><b style=\"line-height: 1.5em;\">Radicati in Cristo e rendendo a Lui testimonianza, rinnoviamo la nostra determinazione ad essere fedeli araldi dell\u2019amore infinito di Dio per tutta l\u2019umanit\u00e0<\/b><span style=\"line-height: 1.5em;\">.<\/span><\/p>\n","protected":false},"excerpt":{"rendered":"<p>Dall\u2019agenzia ZENIT del 31 ottobre 2016 \u00a0Nel corso della celebrazione della Preghiera Ecumenica Comune, nella cattedrale Luterana di Lund Papa\u00a0Francesco<\/p>\n","protected":false},"author":1,"featured_media":5627,"comment_status":"closed","ping_status":"closed","sticky":false,"template":"","format":"standard","meta":{"jetpack_post_was_ever_published":false,"_jetpack_newsletter_access":"","_jetpack_dont_email_post_to_subs":false,"_jetpack_newsletter_tier_id":0,"_jetpack_memberships_contains_paywalled_content":false,"_jetpack_memberships_contains_paid_content":false,"footnotes":""},"categories":[4],"tags":[],"class_list":["post-5626","post","type-post","status-publish","format-standard","has-post-thumbnail","hentry","category-riflessioni"],"jetpack_featured_media_url":"https:\/\/www.santamariaapparente.com\/wp\/wp-content\/uploads\/Cattoli-e-Luterani.jpg","jetpack_sharing_enabled":true,"jetpack_shortlink":"https:\/\/wp.me\/p2XXfi-1sK","_links":{"self":[{"href":"https:\/\/www.santamariaapparente.com\/wp\/wp-json\/wp\/v2\/posts\/5626","targetHints":{"allow":["GET"]}}],"collection":[{"href":"https:\/\/www.santamariaapparente.com\/wp\/wp-json\/wp\/v2\/posts"}],"about":[{"href":"https:\/\/www.santamariaapparente.com\/wp\/wp-json\/wp\/v2\/types\/post"}],"author":[{"embeddable":true,"href":"https:\/\/www.santamariaapparente.com\/wp\/wp-json\/wp\/v2\/users\/1"}],"replies":[{"embeddable":true,"href":"https:\/\/www.santamariaapparente.com\/wp\/wp-json\/wp\/v2\/comments?post=5626"}],"version-history":[{"count":1,"href":"https:\/\/www.santamariaapparente.com\/wp\/wp-json\/wp\/v2\/posts\/5626\/revisions"}],"predecessor-version":[{"id":5628,"href":"https:\/\/www.santamariaapparente.com\/wp\/wp-json\/wp\/v2\/posts\/5626\/revisions\/5628"}],"wp:featuredmedia":[{"embeddable":true,"href":"https:\/\/www.santamariaapparente.com\/wp\/wp-json\/wp\/v2\/media\/5627"}],"wp:attachment":[{"href":"https:\/\/www.santamariaapparente.com\/wp\/wp-json\/wp\/v2\/media?parent=5626"}],"wp:term":[{"taxonomy":"category","embeddable":true,"href":"https:\/\/www.santamariaapparente.com\/wp\/wp-json\/wp\/v2\/categories?post=5626"},{"taxonomy":"post_tag","embeddable":true,"href":"https:\/\/www.santamariaapparente.com\/wp\/wp-json\/wp\/v2\/tags?post=5626"}],"curies":[{"name":"wp","href":"https:\/\/api.w.org\/{rel}","templated":true}]}}