{"id":5453,"date":"2016-09-10T08:37:22","date_gmt":"2016-09-10T06:37:22","guid":{"rendered":"http:\/\/www.santamariaapparente.com\/wp\/?p=5453"},"modified":"2016-09-12T11:50:38","modified_gmt":"2016-09-12T09:50:38","slug":"congresso-eucaristico-nazionale","status":"publish","type":"post","link":"https:\/\/www.santamariaapparente.com\/wp\/congresso-eucaristico-nazionale\/","title":{"rendered":"Congresso Eucaristico Nazionale"},"content":{"rendered":"<h2>Apre a Genova il Congresso Eucaristico Nazionale con uno sguardo speciale ai terremotati<\/h2>\n<p>Si celebra a\u00a0Genova,\u00a0<!--more-->dal\u00a015 al 18 settembre,\u00a0il\u00a0Congresso Eucaristico Nazionale,\u00a0che\u00a0avr\u00e0 per titolo:\u00a0\u201cL\u2019Eucaristia sorgente della Missione\u201d.\u00a0In contemporanea all&#8217;apertura in terra ligure del Congresso, nella nostra diocesi, il\u00a015 settembre,\u00a0monsignor Luigi Conti,\u00a0presieder\u00e0l\u2019Eucaristia\u00a0e la successiva adorazione\u00a0a Gualdo di Macerata, uno dei comuni e una delle parrocchie della nostra diocesi maggiormente colpiti dal sisma.\u00a0Don Emilio e\u00a0don Nazareno, originario di Gualdo,\u00a0andranno aconcelebrare con l\u2019arcivescovo\u00a0in\u00a0segno di comunione con\u00a0l\u2019intera diocesi: chi desidera vivere questo momento\u00a0pu\u00f2 rivolgersi tranquillamente al parroco e concordare la partenza; in ogni caso in parrocchia, al Santuario, si terr\u00e0 regolarmente la messa delle 19, presieduta da don Giuseppe. La celebrazione\u00a0di Gualdo\u00a0si terr\u00e0 probabilmente all&#8217;aperto perch\u00e9 la chiesa \u00e8 stata pesantemente danneggiata dal terremoto e\u00a0alcune delle preghiere saranno dedicate proprio ai terremotati. Da sottolineare che il giorno di chiusura de Congresso,\u00a0domenica 18 settembre, \u00e8 anche il giorno in cui\u00a0ci sar\u00e0 la\u00a0colletta nazionale a favore delle popolazioni colpite dal sisma\u00a0e\u00a0in tutte le chiese d&#8217;Italia\u00a0le offerte raccolte saranno devolute a questo scopo.<\/p>\n<p>Gli eventi del Congresso vero e proprio seguiranno tre direttrici principali: attenzione alle opere di misericordia, come visite guidate all&#8217;ospedale Gaslini, alle opere della Caritas locale e altro ancora; momenti di preghiera con ampio spazio dato all&#8217;adorazione eucaristica e, infine, catechesi. Ogni diocesi sar\u00e0 presente con una propria delegazione: responsabile diocesano della nostra sar\u00e0\u00a0don Paolo Canale, parroco di Santa Maria Addolorata,\u00a0alla Corva di Porto Sant&#8217;Elpidio, che sar\u00e0 presente sin dalla celebrazione iniziale del 15. Il 16 settembre sar\u00e0 raggiunto dal resto della delegazione diocesana,\u00a0che \u00e8 composta da alcune persone che rappresentano vari ambiti\u00a0pastorali. Per i giovani saranno inviati a Genova Chiara Salvatelli, di Corridonia, coordinatrice diocesana del progetto Policoro e Andrea Iual\u00e8 di Casette D&#8217;Ete, responsabile della formazione dei catechisti e dei giovani nella sua parrocchia; per le famiglie ci sar\u00e0 un giovane pap\u00e0, il diacono Fabio Pasquar\u00e8 di Marina di Altidona; per l&#8217;ambito caritativo\u00a0e familiare\u00a0partir\u00e0 Andimo Panetta,\u00a0presidente de Il Samaritano, organizzazione umanitaria di Porto Sant&#8217;Elpidio che si occupa dei poveri, insieme con la moglie Lorella Biagioli. L&#8217;evento conclusivo del Congresso sar\u00e0 la messa presieduta dal cardinale Angelo Bagnasco, arcivescovo di Genova e presidente della Conferenza episcopale italiana.<\/p>\n<p>&nbsp;<\/p>\n<p>Di seguito, la preghiera per il Congresso.<\/p>\n<p>O Dio, Padre buono,<br \/>\ncon viscere di misericordia<br \/>\nsempre ti chini su di noi<br \/>\npiccoli e poveri,<br \/>\nviandanti sulle strade del mondo,<br \/>\ne ci doni, in Cristo tuo Figlio<br \/>\nnato\u00a0 dalla Vergine Maria,<br \/>\nla Parola che \u00e8 lampada<br \/>\nai nostri passi<br \/>\ne il Pane che ci fortifica<br \/>\nlungo il cammino della vita.<br \/>\nTi preghiamo:<br \/>\nfa\u2019 che, nutriti al convito eucaristico,<br \/>\ntrasformati e sospinti dall\u2019Amore,<br \/>\nandiamo incontro a tutti<br \/>\ncon cuore libero e sguardo fiducioso<br \/>\nperch\u00e9 coloro che Ti cercano<br \/>\npossano trovare una porta aperta,<br \/>\nuna casa ospitale,<br \/>\nuna parola di speranza.<br \/>\nFa\u2019 che possiamo gustare<br \/>\nla gioia di vivere gli uni accanto agli altri<br \/>\nnel vincolo della carit\u00e0<br \/>\ne nella dolcezza della pace.<br \/>\nDesiderosi di essere da Te accolti<br \/>\nal banchetto del tuo Regno di eterno splendore,<br \/>\ndonaci la gioia di avanzare nel cammino della fede,<br \/>\nuniti in Cristo, nostro amato Salvatore.<br \/>\nAmen.<\/p>\n<p>&nbsp;<\/p>\n","protected":false},"excerpt":{"rendered":"<p>Apre a Genova il Congresso Eucaristico Nazionale con uno sguardo speciale ai terremotati Si celebra a\u00a0Genova,\u00a0<\/p>\n","protected":false},"author":1,"featured_media":5457,"comment_status":"closed","ping_status":"closed","sticky":false,"template":"","format":"standard","meta":{"jetpack_post_was_ever_published":false,"_jetpack_newsletter_access":"","_jetpack_dont_email_post_to_subs":false,"_jetpack_newsletter_tier_id":0,"_jetpack_memberships_contains_paywalled_content":false,"_jetpack_memberships_contains_paid_content":false,"footnotes":""},"categories":[5],"tags":[],"class_list":["post-5453","post","type-post","status-publish","format-standard","has-post-thumbnail","hentry","category-news"],"jetpack_featured_media_url":"https:\/\/www.santamariaapparente.com\/wp\/wp-content\/uploads\/CEN_E.jpg","jetpack_sharing_enabled":true,"jetpack_shortlink":"https:\/\/wp.me\/p2XXfi-1pX","_links":{"self":[{"href":"https:\/\/www.santamariaapparente.com\/wp\/wp-json\/wp\/v2\/posts\/5453","targetHints":{"allow":["GET"]}}],"collection":[{"href":"https:\/\/www.santamariaapparente.com\/wp\/wp-json\/wp\/v2\/posts"}],"about":[{"href":"https:\/\/www.santamariaapparente.com\/wp\/wp-json\/wp\/v2\/types\/post"}],"author":[{"embeddable":true,"href":"https:\/\/www.santamariaapparente.com\/wp\/wp-json\/wp\/v2\/users\/1"}],"replies":[{"embeddable":true,"href":"https:\/\/www.santamariaapparente.com\/wp\/wp-json\/wp\/v2\/comments?post=5453"}],"version-history":[{"count":3,"href":"https:\/\/www.santamariaapparente.com\/wp\/wp-json\/wp\/v2\/posts\/5453\/revisions"}],"predecessor-version":[{"id":5458,"href":"https:\/\/www.santamariaapparente.com\/wp\/wp-json\/wp\/v2\/posts\/5453\/revisions\/5458"}],"wp:featuredmedia":[{"embeddable":true,"href":"https:\/\/www.santamariaapparente.com\/wp\/wp-json\/wp\/v2\/media\/5457"}],"wp:attachment":[{"href":"https:\/\/www.santamariaapparente.com\/wp\/wp-json\/wp\/v2\/media?parent=5453"}],"wp:term":[{"taxonomy":"category","embeddable":true,"href":"https:\/\/www.santamariaapparente.com\/wp\/wp-json\/wp\/v2\/categories?post=5453"},{"taxonomy":"post_tag","embeddable":true,"href":"https:\/\/www.santamariaapparente.com\/wp\/wp-json\/wp\/v2\/tags?post=5453"}],"curies":[{"name":"wp","href":"https:\/\/api.w.org\/{rel}","templated":true}]}}