{"id":5416,"date":"2016-08-10T08:55:16","date_gmt":"2016-08-10T06:55:16","guid":{"rendered":"http:\/\/www.santamariaapparente.com\/wp\/?p=5416"},"modified":"2016-08-09T17:59:02","modified_gmt":"2016-08-09T15:59:02","slug":"notizie-dalla-parrocchia","status":"publish","type":"post","link":"https:\/\/www.santamariaapparente.com\/wp\/notizie-dalla-parrocchia\/","title":{"rendered":"Notizie dalla parrocchia"},"content":{"rendered":"<p><b>Michela Arcadipane coordinatrice dell&#8217;oratorio; nel 2017 Cresime il 30 aprile e 14 maggio, Comunioni il 28 maggio<!--more--><\/b><\/p>\n<p>Pastorale familiare, scuola materna e giovani: sono questi i tre temi fondamentali affrontati lo scorso 4 agosto dal Consiglio Pastorale e dal Consiglio per gli affari economici, che si sono riuniti nella sala \u201cTimor di Dio\u201d della chiesa parrocchiale di Santa Maria Apparente. Per quanto riguarda il primo punto si \u00e8 evidenziata la necessit\u00e0 di trovare delle coppie di sposi che aiutino nella preparazione al battesimo dei bambini, mentre sono gi\u00e0 presenti in parrocchia alcune coppie-corresponsabili che guidano il percorso dei fidanzati, <i>Carlo e Katia<\/i> e le giovani-coppie, <em>Riccardo e Michela, Simone e Laura<\/em><em>, <\/em><em>Sergio e Francesca<\/em><em>, <\/em><em>Simone e Sara<\/em><em>. Sul versante della scuola materna paritaria &#8220;Pio XII&#8221; funziona molto bene il coordinamento con le proposte della parrocchia e i<\/em>n particolare, con la festa patronale, durante la quale si svolge la pesca di beneficienza, il cui ricavato \u00e8 per la scuola. Alcune attivit\u00e0 che gi\u00e0 si svolgono sono senza dubbio da proseguire, come la festa dei nonni e nonne, lo spettacolo natalizio, la liturgia in preparazione al Natale, la Via crucis nella Settimana Santa, lo spettacolo di fine anno e la Messa di fine anno. Infine i giovani: occorre valorizzare quanto gi\u00e0 c\u2019\u00e8 e arricchire la proposta con le attivit\u00e0 dell\u2019oratorio \u201cSan Domenico Savio\u201d. Si \u00e8 scelta Michela Arcadipane come coordinatrice e si \u00e8 approvato un programma di massima, confermando i giorni di apertura (marted\u00ec, gioved\u00ec e sabato). E&#8217; stata anche approvata la richiesta della scuola di musica \u201cGiovent\u00f9 di San Gabriele\u201d di usare le strutture oratoriali, da settembre, il mercoled\u00ec dalle 14 alle 20.<\/p>\n<p>Dopo la trattazione di questi punti sono state ricordate alcune date importanti tra cui domenica 16 aprile, solennit\u00e0 di Pasqua, il sacramento della Confermazione (domenica 30 aprile e 14 maggio), la \u201cPrima Comunione\u201d il 28 maggio 2017, la Festa patronale da mercoled\u00ec 31 maggio a luned\u00ec 12 giugno (5 giugno \u00e8 luned\u00ec). Da ultimo, tra le varie, si \u00e8 parlato della situazione che si creer\u00e0 al Santuario in particolare dopo la partenza dei Frati di settembre prossimo. Su questo punto si \u00e8 deciso di dedicare un altro momento specifico.<\/p>\n<p>Hanno partecipato all&#8217;incontro: Frapiccini Giuseppe, Mattioli Francesca, Pierluigi Alberto, Pizzichini Graziella, Romiti Riccardo, Sbaffoni Nicholas, Torresi Leonella, Patan\u00e8 Fra Andrea e Rocchi don Emilio. In tre sono stati impediti di partecipare (Corallini Marinella, Diamanti Orietta e Micucci Manuele); i nominati sono membri del Consiglio pastorale. Per il Consiglio per gli affari economici hanno partecipato Felicioni Ernesto, Ripari Franco, Andreoli Luigi, Pierini Maria Pia, Patan\u00e8 fra Andrea e Rocchi don Emilio. Mancava Taffoni Vittorio.<\/p>\n<p><b>\u00a0<\/b><span style=\"line-height: 1.5em;\">Nel corso della riunione \u00e8 stato approvato anche il PROGRAMMA DELL&#8217;ORATORIO. Come detto l&#8217;oratorio sar\u00e0 aperto il marted\u00ec, gioved\u00ec e sabato dalle 16 alle 19: i ragazzi avranno a disposizione gli spazi interni ed esterni per giocare, con la supervisione di educatori professionali: Un\u2019ora al giorno sar\u00e0 dedicata ai seguenti laboratori: pittura e disegno, musicale, di lettura, di cucina, di Natale, dedicato ai compiti, e per la festa di Carnevale. L\u2019oratorio predisporr\u00e0 anche incontri serali gratuiti per gli adulti: introduzione all\u2019insegnamento di attivit\u00e0 manuali, laboratorio di cucina, di cucito, incontri di formazione, presieduti dal Parroco che prevederanno la collaborazione di psicologi e l\u2019intervento di testimonianze sui temi trattati, incontri formativi rivolti ai genitori, incontri di sostegno per giovani coppie, incontri di approfondimento spirituale. Rivolti a tutte la fasce di et\u00e0 saranno eventi quali la preparazione del presepio vivente, la cena di Carnevale, la cena dell&#8217;Ultimo dell&#8217;anno, la preparazione alla partecipazione al carnevale cittadino, le feste di inizio e fine delle attivit\u00e0 annuali e gli eventi di rione. La principale risorsa impiegata sar\u00e0 la comunit\u00e0 stessa, tutti coloro che vorranno mettere a disposizione le proprie competenze al servizio dell\u2019utenza dell\u2019oratorio. Per quanto riguarda i laboratori le forme di collaborazione saranno sia di tipo retribuito che di volontariato. Sempre i laboratori avranno durata trimestrale e copriranno il periodo annuale da ottobre 2016 a maggio 2017. Nel periodo estivo invece, saranno previste attivit\u00e0 per bambini e ragazzi, curate dall&#8217;associazione di animazione Piccoli Sogni.<\/span><\/p>\n\n\t\t<style type=\"text\/css\">\n\t\t\t#gallery-1 {\n\t\t\t\tmargin: auto;\n\t\t\t}\n\t\t\t#gallery-1 .gallery-item {\n\t\t\t\tfloat: left;\n\t\t\t\tmargin-top: 10px;\n\t\t\t\ttext-align: center;\n\t\t\t\twidth: 33%;\n\t\t\t}\n\t\t\t#gallery-1 img {\n\t\t\t\tborder: 2px solid #cfcfcf;\n\t\t\t}\n\t\t\t#gallery-1 .gallery-caption {\n\t\t\t\tmargin-left: 0;\n\t\t\t}\n\t\t\t\/* see gallery_shortcode() in wp-includes\/media.php *\/\n\t\t<\/style>\n\t\t<div data-carousel-extra='{&quot;blog_id&quot;:1,&quot;permalink&quot;:&quot;https:\/\/www.santamariaapparente.com\/wp\/notizie-dalla-parrocchia\/&quot;}' id='gallery-1' class='gallery galleryid-5416 gallery-columns-3 gallery-size-thumbnail'><dl class='gallery-item'>\n\t\t\t<dt class='gallery-icon landscape'>\n\t\t\t\t<a href='https:\/\/www.santamariaapparente.com\/wp\/notizie-dalla-parrocchia\/20160804_213425\/'><img loading=\"lazy\" decoding=\"async\" width=\"150\" height=\"150\" src=\"https:\/\/www.santamariaapparente.com\/wp\/wp-content\/uploads\/20160804_213425-150x150.jpg\" class=\"attachment-thumbnail size-thumbnail\" alt=\"\" data-attachment-id=\"5419\" data-permalink=\"https:\/\/www.santamariaapparente.com\/wp\/notizie-dalla-parrocchia\/20160804_213425\/\" data-orig-file=\"https:\/\/www.santamariaapparente.com\/wp\/wp-content\/uploads\/20160804_213425.jpg\" data-orig-size=\"3264,1836\" data-comments-opened=\"0\" data-image-meta=\"{&quot;aperture&quot;:&quot;2.4&quot;,&quot;credit&quot;:&quot;&quot;,&quot;camera&quot;:&quot;SM-G530FZ&quot;,&quot;caption&quot;:&quot;&quot;,&quot;created_timestamp&quot;:&quot;1470346464&quot;,&quot;copyright&quot;:&quot;&quot;,&quot;focal_length&quot;:&quot;3.3&quot;,&quot;iso&quot;:&quot;500&quot;,&quot;shutter_speed&quot;:&quot;0.058823529411765&quot;,&quot;title&quot;:&quot;&quot;}\" data-image-title=\"20160804_213425\" data-image-description=\"\" data-image-caption=\"\" data-medium-file=\"https:\/\/www.santamariaapparente.com\/wp\/wp-content\/uploads\/20160804_213425-300x168.jpg\" data-large-file=\"https:\/\/www.santamariaapparente.com\/wp\/wp-content\/uploads\/20160804_213425-1024x576.jpg\" \/><\/a>\n\t\t\t<\/dt><\/dl><dl class='gallery-item'>\n\t\t\t<dt class='gallery-icon landscape'>\n\t\t\t\t<a href='https:\/\/www.santamariaapparente.com\/wp\/notizie-dalla-parrocchia\/jpeg\/'><img loading=\"lazy\" decoding=\"async\" width=\"150\" height=\"150\" src=\"https:\/\/www.santamariaapparente.com\/wp\/wp-content\/uploads\/P_20160804_213433-150x150.jpg\" class=\"attachment-thumbnail size-thumbnail\" alt=\"\" data-attachment-id=\"5420\" data-permalink=\"https:\/\/www.santamariaapparente.com\/wp\/notizie-dalla-parrocchia\/jpeg\/\" data-orig-file=\"https:\/\/www.santamariaapparente.com\/wp\/wp-content\/uploads\/P_20160804_213433.jpg\" data-orig-size=\"1600,900\" data-comments-opened=\"0\" data-image-meta=\"{&quot;aperture&quot;:&quot;2.3&quot;,&quot;credit&quot;:&quot;&quot;,&quot;camera&quot;:&quot;P01Y&quot;,&quot;caption&quot;:&quot;&quot;,&quot;created_timestamp&quot;:&quot;1470346473&quot;,&quot;copyright&quot;:&quot;&quot;,&quot;focal_length&quot;:&quot;2.15&quot;,&quot;iso&quot;:&quot;410&quot;,&quot;shutter_speed&quot;:&quot;0.05&quot;,&quot;title&quot;:&quot;Jpeg&quot;}\" data-image-title=\"Jpeg\" data-image-description=\"\" data-image-caption=\"\" data-medium-file=\"https:\/\/www.santamariaapparente.com\/wp\/wp-content\/uploads\/P_20160804_213433-300x168.jpg\" data-large-file=\"https:\/\/www.santamariaapparente.com\/wp\/wp-content\/uploads\/P_20160804_213433-1024x576.jpg\" \/><\/a>\n\t\t\t<\/dt><\/dl>\n\t\t\t<br style='clear: both' \/>\n\t\t<\/div>\n\n","protected":false},"excerpt":{"rendered":"<p>Michela Arcadipane coordinatrice dell&#8217;oratorio; nel 2017 Cresime il 30 aprile e 14 maggio, Comunioni il 28 maggio<\/p>\n","protected":false},"author":1,"featured_media":4682,"comment_status":"closed","ping_status":"closed","sticky":false,"template":"","format":"standard","meta":{"jetpack_post_was_ever_published":false,"_jetpack_newsletter_access":"","_jetpack_dont_email_post_to_subs":false,"_jetpack_newsletter_tier_id":0,"_jetpack_memberships_contains_paywalled_content":false,"_jetpack_memberships_contains_paid_content":false,"footnotes":""},"categories":[5],"tags":[],"class_list":["post-5416","post","type-post","status-publish","format-standard","has-post-thumbnail","hentry","category-news"],"jetpack_featured_media_url":"https:\/\/www.santamariaapparente.com\/wp\/wp-content\/uploads\/avviso.jpg","jetpack_sharing_enabled":true,"jetpack_shortlink":"https:\/\/wp.me\/p2XXfi-1pm","_links":{"self":[{"href":"https:\/\/www.santamariaapparente.com\/wp\/wp-json\/wp\/v2\/posts\/5416","targetHints":{"allow":["GET"]}}],"collection":[{"href":"https:\/\/www.santamariaapparente.com\/wp\/wp-json\/wp\/v2\/posts"}],"about":[{"href":"https:\/\/www.santamariaapparente.com\/wp\/wp-json\/wp\/v2\/types\/post"}],"author":[{"embeddable":true,"href":"https:\/\/www.santamariaapparente.com\/wp\/wp-json\/wp\/v2\/users\/1"}],"replies":[{"embeddable":true,"href":"https:\/\/www.santamariaapparente.com\/wp\/wp-json\/wp\/v2\/comments?post=5416"}],"version-history":[{"count":1,"href":"https:\/\/www.santamariaapparente.com\/wp\/wp-json\/wp\/v2\/posts\/5416\/revisions"}],"predecessor-version":[{"id":5421,"href":"https:\/\/www.santamariaapparente.com\/wp\/wp-json\/wp\/v2\/posts\/5416\/revisions\/5421"}],"wp:featuredmedia":[{"embeddable":true,"href":"https:\/\/www.santamariaapparente.com\/wp\/wp-json\/wp\/v2\/media\/4682"}],"wp:attachment":[{"href":"https:\/\/www.santamariaapparente.com\/wp\/wp-json\/wp\/v2\/media?parent=5416"}],"wp:term":[{"taxonomy":"category","embeddable":true,"href":"https:\/\/www.santamariaapparente.com\/wp\/wp-json\/wp\/v2\/categories?post=5416"},{"taxonomy":"post_tag","embeddable":true,"href":"https:\/\/www.santamariaapparente.com\/wp\/wp-json\/wp\/v2\/tags?post=5416"}],"curies":[{"name":"wp","href":"https:\/\/api.w.org\/{rel}","templated":true}]}}