{"id":5387,"date":"2016-07-28T17:50:17","date_gmt":"2016-07-28T15:50:17","guid":{"rendered":"http:\/\/www.santamariaapparente.com\/wp\/?p=5387"},"modified":"2016-07-28T17:50:17","modified_gmt":"2016-07-28T15:50:17","slug":"la-comunione-di-elia-e-poi-la-partenza-la-famiglia-sorichetti-va-in-missione","status":"publish","type":"post","link":"https:\/\/www.santamariaapparente.com\/wp\/la-comunione-di-elia-e-poi-la-partenza-la-famiglia-sorichetti-va-in-missione\/","title":{"rendered":"La comunione di Elia e poi la partenza: la famiglia Sorichetti va in missione"},"content":{"rendered":"<p>La famiglia Sorichetti, il pap\u00e0 Cesare, 45anni, la mamma Laura Francinelli, 43 anni e il piccolo Elia di otto anni e Isacco, di cinque \u00e8 in partenza.<!--more--> Ma non si tratta di vacanze: i quattro stanno per affrontare una &#8220;missio ad gentes&#8221;, ovvero vanno in missione in Serbia, nella citt\u00e0 di Zajecar, a partire dalla met\u00e0 di agosto: prima di andare Elia, con il permesso del vescovo Conti, ricever\u00e0 la prima comunione nella parrocchia di Santa Maria Apparente, il 31 luglio.<\/p>\n<p>E&#8217; una storia bella e sorprendente quella che li ha portati a decidere di lasciare casa, lavoro e cari per andare in una citt\u00e0 dove le famiglie sono anziane, i giovani non frequentano nessuna chiesa, neppure quella ortodossa e i cattolici sono appena il due per cento. &#8220;In realt\u00e0 &#8211; dice la coppia &#8211; noi non abbiamo deciso niente: \u00e8 Dio che fa la storia e noi apriamo le porte&#8221;.<\/p>\n<p>Guardando al passato i due vedono una serie di segni che hanno indicato loro la strada da percorrere: dall&#8217;inizio turbolento lontano dalla fede, all&#8217;incontro fortuito con un sacerdote, all&#8217;approdo al cammino di fede neocatecumenale nella parrocchia di Cristo Re, alla decisione di adottare due bambini in Messico fermata dalla scoperta di lei di essere incinta dopo dieci anni di matrimonio, alla disponibilit\u00e0 data alla missione nel 2005 e concretizzatasi solo ora, dopo che i due si erano presi cura del padre malato di Laura, poi purtroppo deceduto.<\/p>\n<p>&#8220;Ci siamo conosciuti a scuola &#8211; raccontano &#8211; a ragioneria. Il nostro fidanzamento \u00e8 durato sei anni e poi ci siamo sposati: eravamo giovani, 25 e 27 anni, e nessuno ci dava fiducia; avevamo avuto esperienze negative, eravamo fuori fase. Un incontro fortunato, o forse, meglio, provvidenziale, con don Alberto Massucci, ci ha aiutato molto: ci dava dei versetti del Vangelo da leggere e meditare a un certo punto ci ha detto &#8216;trovate la casa e sposatevi&#8217;!<\/p>\n<p>In sei mesi abbiamo deciso e ci siamo sposati: il padre di Laura era contento e ci ha incoraggiati e sostenuti. Abbiamo trovato una casa in corso Dalmazia e ci siamo uniti in matrimonio a luglio, a Civitanova Alta, nella chiesa di san Paolo; rito celebrato da don Ubaldo Ripa. Dopo pochi mesi don Alberto ci ha invitato a questo cammino di fede, nella parrocchia di Cristo Re, che ci ha salvato, ci ha tenuto legati al Signore e ci ha portato all&#8217;interno della Chiesa&#8221;.<\/p>\n<p>Dopo poco pi\u00f9 di un anno i due cambiano casa e vanno ad abitare in uno dei sei appartamenti, affittati ad equo canone, lascito della famiglia dei conti Frisciotti alla Confraternita del Santissimo Sacramento, che vennero inaugurati dal vescovo di allora, monsignor Franceschetti: i Sorichetti furono una delle prime coppie ad abitarli.<\/p>\n<p>I due, lui artigiano edile e lei, dipendente della cooperativa sociale il Faro, continuano la loro vita e il loro cammino di fede: durante una delle &#8220;chiamate&#8221; che avvengono all&#8217;interno del cammino neocatecumenale per i giovani, per la vita consacrata e per le famiglie in missione i due, dopo un ascolto attento della Parola e con tutto il cuore, maturano la loro disponibilit\u00e0. E&#8217; il 2005 lo stesso anno in cui Cesare e Laura cominciano con l&#8217;Avsi e l&#8217;associazione papa Giovanni XXIII il cammino per l&#8217;adozione.<\/p>\n<p>E qui succede un altro piccolo miracolo: &#8220;ad agosto del 2008 dovevamo partire per il Messico &#8211; ricordano &#8211; per adottare due fratellini di 5 e 6 anni. Avevamo firmato per l&#8217;accettazione e avevamo fatto il primo versamento: poi, improvvisamente, Laura si \u00e8 accorta di essere incinta e il Tribunale dei minori ci ha fermato nelle pratiche per l&#8217;adozione; a distanza di tre anni \u00e8 nato anche Isacco. Noi in tutti questi anni abbiamo rinnovato la nostra disponibilit\u00e0 a partire ma quasi non ci pensavamo pi\u00f9. Poi lo scorso agosto \u00e8 morto il pap\u00e0 di Laura e il successivo gennaio \u00e8 arrivata la chiamata. Non sapevamo dove ci avrebbero mandato, la destinazione \u00e8 stata estratta a sorte, tra varie citt\u00e0 in cui i vescovi hanno richiesto la presenza di famiglie missionarie. Saremo in cinque famiglie, di varie nazionalit\u00e0, pi\u00f9 un sacerdote ucraino ad animare la missione a Zajecar.<\/p>\n<p>Tutti ci chiedono cosa andremo a fare: semplicemente andremo a portare Cristo. Vedere delle famiglie con bambini che frequentano la chiesa \u00e8 gi\u00e0 un segno di per s\u00e9: noi lo facciamo per gratitudine a Dio e per testimoniare che vivere Cristo al cento per cento ci ha ridato il senso della vita.<\/p>\n<p>Dove andremo ad abitare? Cesare trover\u00e0 un lavoro? L\u00e0 non ci manterr\u00e0 nessuno, ma qui abbiamo gi\u00e0 sperimentato la precariet\u00e0 e sappiamo che la Provvidenza e la misericordia di Dio sono infinite. Comunque la prima volta che siamo andati, abbiamo gi\u00e0 visto una casa che forse potrebbe andare, anche se un po&#8217; scomoda ed Elia comincer\u00e0 da settembre a frequentare la scuola serba, \u00e8 gi\u00e0 iscritto. Lui \u00e8 un po&#8217; dispiaciuto di lasciare il Savio club, il gruppo di don Bosco a san Marone e il servizio da chierichetto a Santa Maria Apparente ma al tempo stesso ci fa coraggio e ci dice di non preoccuparci.<\/p>\n<p>Quella che abbiamo avuto \u00e8 una chiamata, umanamente non si spiega, sappiamo solo che avevamo il desiderio di restituire ci\u00f2 che ci era stato dato, non abbiamo programmato niente&#8221;.<\/p>\n<p>Cesare e Laura mentre parlavano sembravano emozionati, ma sereni, e i bambini per niente preoccupati per quello che li aspetta: la famiglia ha ricevuto anche la benedizione di papa Francesco, in un\u2019udienza con altri quattrocento nuclei familiari in partenza per la missione e a giugno, con il vescovo Conti, c&#8217;\u00e8 stato un incontro con &#8220;l&#8217;invio&#8221;.<\/p>\n<p>Ora non resta che partire.<\/p>\n","protected":false},"excerpt":{"rendered":"<p>La famiglia Sorichetti, il pap\u00e0 Cesare, 45anni, la mamma Laura Francinelli, 43 anni e il piccolo Elia di otto anni e Isacco, di cinque \u00e8 in partenza.<\/p>\n","protected":false},"author":1,"featured_media":5388,"comment_status":"closed","ping_status":"closed","sticky":false,"template":"","format":"standard","meta":{"jetpack_post_was_ever_published":false,"_jetpack_newsletter_access":"","_jetpack_dont_email_post_to_subs":false,"_jetpack_newsletter_tier_id":0,"_jetpack_memberships_contains_paywalled_content":false,"_jetpack_memberships_contains_paid_content":false,"footnotes":""},"categories":[5],"tags":[],"class_list":["post-5387","post","type-post","status-publish","format-standard","has-post-thumbnail","hentry","category-news"],"jetpack_featured_media_url":"https:\/\/www.santamariaapparente.com\/wp\/wp-content\/uploads\/Fam.Sorichetti_E.jpg","jetpack_sharing_enabled":true,"jetpack_shortlink":"https:\/\/wp.me\/p2XXfi-1oT","_links":{"self":[{"href":"https:\/\/www.santamariaapparente.com\/wp\/wp-json\/wp\/v2\/posts\/5387","targetHints":{"allow":["GET"]}}],"collection":[{"href":"https:\/\/www.santamariaapparente.com\/wp\/wp-json\/wp\/v2\/posts"}],"about":[{"href":"https:\/\/www.santamariaapparente.com\/wp\/wp-json\/wp\/v2\/types\/post"}],"author":[{"embeddable":true,"href":"https:\/\/www.santamariaapparente.com\/wp\/wp-json\/wp\/v2\/users\/1"}],"replies":[{"embeddable":true,"href":"https:\/\/www.santamariaapparente.com\/wp\/wp-json\/wp\/v2\/comments?post=5387"}],"version-history":[{"count":1,"href":"https:\/\/www.santamariaapparente.com\/wp\/wp-json\/wp\/v2\/posts\/5387\/revisions"}],"predecessor-version":[{"id":5389,"href":"https:\/\/www.santamariaapparente.com\/wp\/wp-json\/wp\/v2\/posts\/5387\/revisions\/5389"}],"wp:featuredmedia":[{"embeddable":true,"href":"https:\/\/www.santamariaapparente.com\/wp\/wp-json\/wp\/v2\/media\/5388"}],"wp:attachment":[{"href":"https:\/\/www.santamariaapparente.com\/wp\/wp-json\/wp\/v2\/media?parent=5387"}],"wp:term":[{"taxonomy":"category","embeddable":true,"href":"https:\/\/www.santamariaapparente.com\/wp\/wp-json\/wp\/v2\/categories?post=5387"},{"taxonomy":"post_tag","embeddable":true,"href":"https:\/\/www.santamariaapparente.com\/wp\/wp-json\/wp\/v2\/tags?post=5387"}],"curies":[{"name":"wp","href":"https:\/\/api.w.org\/{rel}","templated":true}]}}