{"id":4980,"date":"2016-06-13T11:59:41","date_gmt":"2016-06-13T09:59:41","guid":{"rendered":"http:\/\/www.santamariaapparente.com\/wp\/?p=4980"},"modified":"2016-06-13T11:59:41","modified_gmt":"2016-06-13T09:59:41","slug":"processione-conclusiva","status":"publish","type":"post","link":"https:\/\/www.santamariaapparente.com\/wp\/processione-conclusiva\/","title":{"rendered":"Processione conclusiva"},"content":{"rendered":"<div>\n<div><i>Luned\u00ec prossimo, 13 giugno, avremo la processione e la Messa che concluderanno la festa patronale, sono invitati tutti ma in particolare<!--more--> le famiglie i cui figli e figlie hanno celebrato in modo pieno l&#8217;Eucaristia avendo fatto la Prima Comunione.<\/i><\/div>\n<div><i>Forse, non saremo molti &#8211; ci sar\u00e0 l&#8217;esordio della nazionale di calcio italiana agli europei di Francia &#8211; ma non importa il numero. Se fosse stato importante Maria sarebbe apparsa il 5 giugno 1411 a 100 persone, invece a uno soltanto &#8230;.<\/i><\/div>\n<div><i>Noi siamo condizionati dai numeri, non il Cielo.<\/i><\/div>\n<p><i>\u00a0<\/i><\/p>\n<p align=\"center\">Parrocchia di Santa Maria Apparente (Civitanova Marche)<\/p>\n<p align=\"center\">Conclusione della festa patronale mariana del 2016<\/p>\n<p align=\"center\">(13 giugno, memoria di sant\u2019Antonio di Padova)<\/p>\n<p align=\"center\">\n<\/div>\n<p>&nbsp;<\/p>\n<p>Nello svolgere la processione, <i>vogliamo ringraziare Dio<\/i> per averci donato come madre amabile la beata vergine Maria, e <i>Lei<\/i>, per la disponibilit\u00e0 totale ai disegni di Dio, ieri come oggi.<\/p>\n<p>Vogliamo invocarla affinch\u00e9 protegga con la sua mano materna le nostre persone, le famiglie, la parrocchia e la nostra citt\u00e0.<\/p>\n<p>Vogliamo farlo passando attraverso alcune vie della parrocchia verso il Santuario.<\/p>\n<p>Reciteremo il santo Rosario e eleveremo dei canti in onore di santa Maria Apparente.<\/p>\n<p>&nbsp;<\/p>\n<p>&nbsp;<\/p>\n<div>\n<p>Nel 1\u00b0 mistero contempliamo <b>L\u2019annunciazione a Maria Vergine <\/b><\/p>\n<\/div>\n<p>&nbsp;<\/p>\n<p>\u00abNel sesto mese, l\u2019angelo Gabriele fu mandato da Dio in una citt\u00e0 della Galilea, chiamata Nazaret, a una vergine, promessa sposa di un uomo della casa di Davide, chiamato Giuseppe. La vergine si chiamava Maria\u00bb (<i>Lc<\/i> 1, 26-27).<\/p>\n<p>&nbsp;<\/p>\n<p><b>[Intenzione<\/b>]\n<p><i>Grazie Maria del \u201cs\u00ec\u201d che hai detto a Dio<\/i>, senza \u201cse\u201d e senza \u201cma\u201d.<\/p>\n<p>Permetti che ti chiediamo, o Stella della nuova evangelizzazione, che lo Spirito Santo possa dare il coraggio ai battezzati-missionari di portare la presenza del tuo figlio Ges\u00f9 a tutti, anche con le parole.<\/p>\n<p>&nbsp;<\/p>\n<p><i>Padre nostro<\/i>. 10 <i>Ave Maria<\/i>. <i>Gloria<\/i>.<\/p>\n<p>&nbsp;<\/p>\n<p><b>[Preghiamo<\/b>]\n<p><i>O Dio, che all\u2019annunzio dell\u2019Angelo hai voluto che il tuo Verbo si facesse uomo nel grembo della Vergine Maria: concedi al tuo popolo, che la onora come vera Madre di Dio, di godere sempre della sua intercessione presso di te.<\/i><\/p>\n<p>&nbsp;<\/p>\n<p><i>Canto mariano.<\/i><\/p>\n<p>&nbsp;<\/p>\n<div>\n<p>Nel 2\u00b0 mistero contempliamo <b>La visita di Maria a sua cugina Elisabetta<\/b><\/p>\n<\/div>\n<p><b>\u00a0<\/b><\/p>\n<p>\u00abAppena Elisabetta ebbe udito il saluto di Maria, il bambino le sussult\u00f2 nel grembo. Elisabetta fu piena di Spirito Santo ed esclam\u00f2 a gran voce: \u201cBenedetta tu fra le donne e benedetto il frutto del tuo grembo! A che debbo che la madre del mio Signore venga a me? Ecco, appena la voce del tuo saluto \u00e8 giunta ai miei orecchi, il bambino ha esultato di gioia nel mio grembo. E beata colei che ha creduto nell\u2019adempimento delle parole del Signore\u201d\u00bb (<i>Lc<\/i> 1, 41-45).<\/p>\n<p><b>\u00a0<\/b><\/p>\n<p><b>[Intenzione<\/b>]\n<p><i>Grazie Maria del dono dello Spirito Santo<\/i> a Elisabetta e Giovanni Battista.<\/p>\n<p>Fa\u2019 che quanti in questo anno hanno rinnovato le promesse battesimali nella celebrazione del sacramento della Confermazione, sappiano coltivare i doni dello Spirito Santo e attuarli nella loro vita.<\/p>\n<p><i>\u00a0<\/i><\/p>\n<p><i>Padre nostro<\/i>. 10 <i>Ave Maria<\/i>. <i>Gloria<\/i>.<\/p>\n<p><i>\u00a0<\/i><\/p>\n<p><i>\u00a0<\/i><\/p>\n<p><b>[Preghiamo<\/b>]\n<p><i>O Signore Ges\u00f9, che per mezzo della beata Vergine Maria, arca della nuova alleanza,<\/i><\/p>\n<p><i>hai recato alla casa di Elisabetta la salvezza e la gioia,<\/i><\/p>\n<p><i>fa\u2019 che possiamo imparare a magnificare il tuo nome.<\/i><\/p>\n<p>&nbsp;<\/p>\n<p><i>Canto mariano.<\/i><\/p>\n<p>&nbsp;<\/p>\n<div>\n<p>Nel 3\u00b0 mistero contempliamo <b>La nascita di Ges\u00f9 a Betlemme<\/b><\/p>\n<\/div>\n<p>&nbsp;<\/p>\n<p>\u00ab \u2026 un angelo del Signore disse a Giuseppe: \u201cnon temere di prendere con te, Maria, tua sposa, perch\u00e9 quel che \u00e8 generato in lei viene dallo Spirito Santo. Essa partorir\u00e0 un figlio e tu lo chiamerai Ges\u00f9: egli infatti salver\u00e0 il suo popolo dai suoi peccati\u201d. Tutto questo avvenne perch\u00e9 si adempisse ci\u00f2 che era stato detto dal Signore per mezzo del profeta: <i>Ecco, la vergine concepir\u00e0 e partorir\u00e0 un figlio che sar\u00e0 chiamato Emmanuele<\/i>, che significa <i>Dio con noi<\/i>\u00bb (cf. <i>Mt<\/i> 1, 20-23).<\/p>\n<p>&nbsp;<\/p>\n<p><b>[Intenzione<\/b>]\n<p><i>Grazie Maria del dono straordinario del Figlio di Dio fatto uomo<\/i>.<\/p>\n<p>Ti affidiamo quanti in questo anno hanno celebrato il sacramento del Matrimonio e ogni nostra famiglia.<\/p>\n<p>Possano sentire la tua presenza, o Madre del Buon Consiglio.<\/p>\n<p>&nbsp;<\/p>\n<p><i>Padre nostro<\/i>. 10 <i>Ave Maria<\/i>. <i>Gloria<\/i>.<\/p>\n<p>&nbsp;<\/p>\n<p><b>[Preghiamo<\/b>]\n<p><i>O Dio, che hai mandato dal cielo il tuo Figlio, parola e pane di vita,<\/i><\/p>\n<p><i>nel grembo della santa Vergine;<\/i><\/p>\n<p><i>fa\u2019 che sull\u2019esempio di Maria doniamo a tutti la buona novella del tuo Verbo fatto uomo.<\/i><\/p>\n<p>&nbsp;<\/p>\n<p><i>Canto mariano.<\/i><\/p>\n<p>&nbsp;<\/p>\n<div>\n<p>Nel 4\u00b0 mistero contempliamo <b>La presentazione di Ges\u00f9 al tempio <\/b><\/p>\n<\/div>\n<p><b>\u00a0<\/b><\/p>\n<p>\u00abQuando venne il tempo della loro purificazione secondo la Legge di Mos\u00e8, portarono il bambino a Gerusalemme per offrirlo al Signore\u00bb (<i>Lc<\/i> 2, 22).<\/p>\n<p>&nbsp;<\/p>\n<p><b>[Intenzione<\/b>]\n<p><i>Grazie Maria perch\u00e9 con Giuseppe osservi il amore la legge di Dio<\/i>.<\/p>\n<p>Vogliamo pregarti per e con i giovani e le giovani. Aiutali a scoprire la loro vocazione, a vincere ogni paura e a vivere per grandi ideali.<\/p>\n<p>&nbsp;<\/p>\n<p><i>Padre nostro<\/i>. 10 <i>Ave Maria<\/i>. <i>Gloria<\/i>.<\/p>\n<p>&nbsp;<\/p>\n<p><b>[Preghiamo<\/b>]\n<p><i>O Padre,<\/i><\/p>\n<p><i>fa\u2019 che, sull\u2019esempio di Maria, umile tua serva,<\/i><\/p>\n<p><i>che present\u00f2 al tempio Ges\u00f9, Via, Verit\u00e0 e Vita,<\/i><\/p>\n<p><i>possiamo accogliere la tua misericordia<\/i><\/p>\n<p><i>e testimoniarla ogni giorno di pi\u00f9.<\/i><\/p>\n<p>&nbsp;<\/p>\n<p><i>Canto mariano<\/i><\/p>\n<p>&nbsp;<\/p>\n<p>&nbsp;<\/p>\n<div>\n<p>Nel 5\u00b0 mistero contempliamo <b>Ges\u00f9 ritrovato nel tempio <\/b><\/p>\n<\/div>\n<p><b>\u00a0<\/b><\/p>\n<p>\u00abPerch\u00e9 mi cercavate? Non sapete che io devo occuparmi delle cose del Padre mio?\u00bb (<i>Lc<\/i> 2, 49).<\/p>\n<p>&nbsp;<\/p>\n<p><b>[Intenzione<\/b>]\n<p><i>Grazie Maria perch\u00e9 con Giuseppe non ti sei stancata di cercare Ges\u00f9<\/i>.<\/p>\n<p>Aiutaci a riconoscere il volto del tuo Figlio<\/p>\n<p>in quanti passano o vivono nella nostra citt\u00e0,<\/p>\n<p>soprattutto nelle persone pi\u00f9 povere e sole.<\/p>\n<p>&nbsp;<\/p>\n<p><i>Padre nostro<\/i>. 10 <i>Ave Maria<\/i>. <i>Gloria<\/i>.<\/p>\n<p>&nbsp;<\/p>\n<p><b>[Preghiamo<\/b>]\n<p><i>O Dio,<\/i><\/p>\n<p><i>fa\u2019 che possiamo camminare tra le vicende del mondo,<\/i><\/p>\n<p><i>avendo, dinanzi agli occhi e nel nostro cuore,<\/i><\/p>\n<p><i>il modello di vita della Santa Famiglia di Nazaret.<\/i><\/p>\n<p>&nbsp;<\/p>\n<p><i>Canto mariano<\/i><\/p>\n<p><i>\u00a0<\/i><\/p>\n<p><i>Salve Regina<\/i><\/p>\n<p>&nbsp;<\/p>\n<p>&nbsp;<\/p>\n<div>\n<h4 align=\"center\">Litanie LAURETANE<\/h4>\n<\/div>\n<p>&nbsp;<\/p>\n<p>Signore, piet\u00e0.\u00a0\u00a0\u00a0\u00a0\u00a0\u00a0\u00a0\u00a0\u00a0\u00a0\u00a0\u00a0\u00a0\u00a0\u00a0\u00a0\u00a0\u00a0\u00a0\u00a0\u00a0\u00a0\u00a0\u00a0\u00a0\u00a0\u00a0\u00a0\u00a0\u00a0\u00a0\u00a0\u00a0\u00a0\u00a0\u00a0\u00a0\u00a0\u00a0\u00a0\u00a0\u00a0\u00a0\u00a0\u00a0\u00a0 <b>Signore, piet\u00e0.<\/b><\/p>\n<p>Cristo, piet\u00e0.\u00a0\u00a0\u00a0\u00a0\u00a0\u00a0\u00a0\u00a0\u00a0\u00a0\u00a0\u00a0\u00a0\u00a0\u00a0\u00a0\u00a0\u00a0\u00a0\u00a0\u00a0\u00a0\u00a0\u00a0\u00a0\u00a0\u00a0\u00a0\u00a0\u00a0\u00a0\u00a0\u00a0\u00a0\u00a0\u00a0\u00a0\u00a0\u00a0\u00a0\u00a0\u00a0\u00a0\u00a0\u00a0\u00a0\u00a0\u00a0 <b>Cristo, piet\u00e0.<\/b><\/p>\n<p>Signore, piet\u00e0. \u00a0\u00a0\u00a0\u00a0\u00a0\u00a0\u00a0\u00a0\u00a0\u00a0\u00a0\u00a0\u00a0\u00a0\u00a0\u00a0\u00a0\u00a0\u00a0\u00a0\u00a0\u00a0\u00a0\u00a0\u00a0\u00a0\u00a0\u00a0\u00a0\u00a0\u00a0\u00a0\u00a0\u00a0\u00a0\u00a0\u00a0\u00a0\u00a0\u00a0\u00a0\u00a0\u00a0\u00a0\u00a0 <b>Signore, piet\u00e0.<\/b><\/p>\n<p>Cristo, ascoltaci.\u00a0\u00a0\u00a0\u00a0\u00a0\u00a0\u00a0\u00a0\u00a0\u00a0\u00a0\u00a0\u00a0\u00a0\u00a0\u00a0\u00a0\u00a0\u00a0\u00a0\u00a0\u00a0\u00a0\u00a0\u00a0\u00a0\u00a0\u00a0\u00a0\u00a0\u00a0\u00a0\u00a0\u00a0\u00a0\u00a0\u00a0\u00a0\u00a0\u00a0\u00a0\u00a0 <b>Cristo, ascoltaci.<\/b><\/p>\n<p>Cristo, esaudiscici.\u00a0\u00a0\u00a0\u00a0\u00a0\u00a0\u00a0\u00a0\u00a0\u00a0\u00a0\u00a0\u00a0\u00a0\u00a0\u00a0\u00a0\u00a0\u00a0\u00a0\u00a0\u00a0\u00a0\u00a0\u00a0\u00a0\u00a0\u00a0\u00a0\u00a0\u00a0\u00a0\u00a0\u00a0\u00a0\u00a0\u00a0\u00a0\u00a0 <b>Cristo, esaudiscici.<\/b><\/p>\n<p>Padre del cielo, che sei Dio,\u00a0\u00a0\u00a0\u00a0\u00a0\u00a0\u00a0\u00a0\u00a0\u00a0\u00a0\u00a0\u00a0\u00a0\u00a0\u00a0\u00a0\u00a0\u00a0\u00a0\u00a0\u00a0\u00a0\u00a0\u00a0 <b>abbi piet\u00e0 di noi.<\/b><\/p>\n<p>Figlio, Redentore del mondo, che sei Dio,\u00a0\u00a0\u00a0 <b>abbi piet\u00e0 di noi.<\/b><\/p>\n<p>Spirito Santo, che sei Dio,\u00a0\u00a0\u00a0\u00a0\u00a0\u00a0\u00a0\u00a0\u00a0\u00a0\u00a0\u00a0\u00a0\u00a0\u00a0\u00a0\u00a0\u00a0\u00a0\u00a0\u00a0\u00a0\u00a0\u00a0\u00a0\u00a0\u00a0\u00a0 <b>abbi piet\u00e0 di noi.<\/b><\/p>\n<p>Santa Trinit\u00e0, unico Dio,\u00a0\u00a0\u00a0\u00a0\u00a0\u00a0\u00a0\u00a0\u00a0\u00a0\u00a0\u00a0\u00a0\u00a0\u00a0\u00a0\u00a0\u00a0\u00a0\u00a0\u00a0\u00a0\u00a0\u00a0\u00a0\u00a0\u00a0\u00a0\u00a0\u00a0 <b>abbi piet\u00e0 di noi.<\/b><\/p>\n<p>Santa Maria,\u00a0\u00a0\u00a0\u00a0\u00a0\u00a0\u00a0\u00a0\u00a0\u00a0\u00a0\u00a0\u00a0\u00a0\u00a0\u00a0\u00a0\u00a0\u00a0\u00a0\u00a0\u00a0\u00a0\u00a0\u00a0\u00a0\u00a0\u00a0\u00a0\u00a0\u00a0\u00a0\u00a0\u00a0\u00a0\u00a0\u00a0\u00a0\u00a0\u00a0\u00a0\u00a0\u00a0\u00a0\u00a0\u00a0\u00a0\u00a0\u00a0 <b>prega per noi.<\/b><\/p>\n<p>Santa Madre di Dio,\u00a0\u00a0\u00a0\u00a0\u00a0\u00a0\u00a0\u00a0\u00a0\u00a0\u00a0\u00a0\u00a0\u00a0\u00a0\u00a0\u00a0\u00a0\u00a0\u00a0\u00a0\u00a0\u00a0\u00a0\u00a0\u00a0\u00a0\u00a0\u00a0\u00a0\u00a0\u00a0\u00a0\u00a0\u00a0\u00a0\u00a0 \u2026<\/p>\n<p>Santa Vergine delle vergini,<\/p>\n<p>Madre di Cristo,<\/p>\n<p>Madre della Chiesa,<\/p>\n<p>Madre della divina grazia,<\/p>\n<p>Madre purissima,<\/p>\n<p>Madre castissima,<\/p>\n<p>Madre sempre vergine,<\/p>\n<p>Madre immacolata,<\/p>\n<p>Madre degna d\u2019amore,<\/p>\n<p>Madre ammirabile,<\/p>\n<p>Madre del buon consiglio,<\/p>\n<p>Madre del Creatore,<\/p>\n<p>Madre del Salvatore,<\/p>\n<p>Madre di misericordia,<\/p>\n<p>Vergine prudentissima,<\/p>\n<p>Vergine degna d\u2019onore,<\/p>\n<p>Vergine degna di lode,<\/p>\n<p>Vergine potente,<\/p>\n<p>Vergine clemente,<\/p>\n<p>Vergine fedele,<\/p>\n<p>Specchio della santit\u00e0 divina,<\/p>\n<p>Sede della sapienza,<\/p>\n<p>Causa della nostra gioia,<\/p>\n<p>Tempio dello Spirito Santo,<\/p>\n<p>Tabernacolo dell\u2019eterna gloria,<\/p>\n<p>Dimora tutta consacrata a Dio,<\/p>\n<p>Rosa mistica,<\/p>\n<p>Torre di Davide,<\/p>\n<p>Torre d\u2019avorio,<\/p>\n<p>Casa d\u2019oro,<\/p>\n<p>Arca dell\u2019alleanza,<\/p>\n<p>Porta del cielo,<\/p>\n<p>Stella del mattino,<\/p>\n<p>Salute degli infermi,<\/p>\n<p>Rifugio dei peccatori,<\/p>\n<p>Consolatrice degli afflitti,<\/p>\n<p>Aiuto dei cristiani,<\/p>\n<p>Regina degli Angeli,<\/p>\n<p>Regina dei Patriarchi,<\/p>\n<p>Regina dei Profeti,<\/p>\n<p>Regina degli Apostoli,<\/p>\n<p>Regina dei Martiri,<\/p>\n<p>Regina dei veri cristiani,<\/p>\n<p>Regina delle Vergini,<\/p>\n<p>Regina di tutti i Santi,<\/p>\n<p>Regina concepita senza peccato originale,<\/p>\n<p>Regina assunta in cielo,<\/p>\n<p>Regina del santo Rosario,<\/p>\n<p>Regina della famiglia,<\/p>\n<p>Regina della pace,<\/p>\n<p>&nbsp;<\/p>\n<p>Agnello di Dio, che togli i peccati del mondo <b>perdonaci, Signore<\/b><\/p>\n<p>Agnello di Dio, che togli i peccati del mondo <b>esaudiscici, Signore<\/b><i><\/i><\/p>\n<p>Agnello di Dio, che togli i peccati del mondo <b>abbi piet\u00e0 di noi<\/b><\/p>\n<p>Prega per noi, santa Madre di Dio <b>&#8211; E saremo fatti degli delle promesse di Cristo.<\/b><\/p>\n<p align=\"center\"><b>\u00a0<\/b><\/p>\n<p>&nbsp;<\/p>\n<p>&nbsp;<\/p>\n<p>&nbsp;<\/p>\n<p>Preghiamo secondo le intenzioni di Papa Francesco e perch\u00e9 il Signore lo sostenga nel suo servizio alla Chiesa universale.<\/p>\n<p><b>Padre Nostro. Ave Maria. Gloria.<\/b><\/p>\n<p align=\"center\"><b>\u00a0<\/b><\/p>\n<p>&nbsp;<\/p>\n<p>&nbsp;<\/p>\n<p>Giunti al Santuario e deposta l\u2019immagine, fra Andrea Patan\u00e8 celebra la Messa che conclude la festa di santa Maria Apparente, insieme con san Marone, Patrona della nostra citt\u00e0.<\/p>\n","protected":false},"excerpt":{"rendered":"<p>Luned\u00ec prossimo, 13 giugno, avremo la processione e la Messa che concluderanno la festa patronale, sono invitati tutti ma in particolare<\/p>\n","protected":false},"author":1,"featured_media":4964,"comment_status":"closed","ping_status":"closed","sticky":false,"template":"","format":"standard","meta":{"jetpack_post_was_ever_published":false,"_jetpack_newsletter_access":"","_jetpack_dont_email_post_to_subs":false,"_jetpack_newsletter_tier_id":0,"_jetpack_memberships_contains_paywalled_content":false,"_jetpack_memberships_contains_paid_content":false,"footnotes":""},"categories":[5],"tags":[],"class_list":["post-4980","post","type-post","status-publish","format-standard","has-post-thumbnail","hentry","category-news"],"jetpack_featured_media_url":"https:\/\/www.santamariaapparente.com\/wp\/wp-content\/uploads\/processione_E.jpg","jetpack_sharing_enabled":true,"jetpack_shortlink":"https:\/\/wp.me\/p2XXfi-1ik","_links":{"self":[{"href":"https:\/\/www.santamariaapparente.com\/wp\/wp-json\/wp\/v2\/posts\/4980","targetHints":{"allow":["GET"]}}],"collection":[{"href":"https:\/\/www.santamariaapparente.com\/wp\/wp-json\/wp\/v2\/posts"}],"about":[{"href":"https:\/\/www.santamariaapparente.com\/wp\/wp-json\/wp\/v2\/types\/post"}],"author":[{"embeddable":true,"href":"https:\/\/www.santamariaapparente.com\/wp\/wp-json\/wp\/v2\/users\/1"}],"replies":[{"embeddable":true,"href":"https:\/\/www.santamariaapparente.com\/wp\/wp-json\/wp\/v2\/comments?post=4980"}],"version-history":[{"count":2,"href":"https:\/\/www.santamariaapparente.com\/wp\/wp-json\/wp\/v2\/posts\/4980\/revisions"}],"predecessor-version":[{"id":4982,"href":"https:\/\/www.santamariaapparente.com\/wp\/wp-json\/wp\/v2\/posts\/4980\/revisions\/4982"}],"wp:featuredmedia":[{"embeddable":true,"href":"https:\/\/www.santamariaapparente.com\/wp\/wp-json\/wp\/v2\/media\/4964"}],"wp:attachment":[{"href":"https:\/\/www.santamariaapparente.com\/wp\/wp-json\/wp\/v2\/media?parent=4980"}],"wp:term":[{"taxonomy":"category","embeddable":true,"href":"https:\/\/www.santamariaapparente.com\/wp\/wp-json\/wp\/v2\/categories?post=4980"},{"taxonomy":"post_tag","embeddable":true,"href":"https:\/\/www.santamariaapparente.com\/wp\/wp-json\/wp\/v2\/tags?post=4980"}],"curies":[{"name":"wp","href":"https:\/\/api.w.org\/{rel}","templated":true}]}}