{"id":4809,"date":"2016-05-25T14:06:25","date_gmt":"2016-05-25T12:06:25","guid":{"rendered":"http:\/\/www.santamariaapparente.com\/wp\/?p=4809"},"modified":"2016-05-25T14:06:25","modified_gmt":"2016-05-25T12:06:25","slug":"solennita-del-corpus-domini","status":"publish","type":"post","link":"https:\/\/www.santamariaapparente.com\/wp\/solennita-del-corpus-domini\/","title":{"rendered":"Solennit\u00e0 del \u201cCorpus Domini\u201d"},"content":{"rendered":"<table width=\"581\" border=\"0\" cellspacing=\"0\" cellpadding=\"0\">\n<tbody>\n<tr>\n<td width=\"581\">\n<p align=\"center\"><b>Gioved\u00ec 26 nella Citt\u00e0 del Vaticano e Domenica 29 maggio in Italia<\/b><\/p>\n<p align=\"center\"><b>si celebra la solennit\u00e0 del \u201cCorpus Domini\u201d<\/b><\/p>\n<table border=\"0\" cellspacing=\"0\" cellpadding=\"0\" align=\"right\">\n<tbody>\n<tr>\n<td width=\"15\"><\/td>\n<td><\/td>\n<\/tr>\n<tr>\n<td width=\"15\"><\/td>\n<td><\/td>\n<\/tr>\n<\/tbody>\n<\/table>\n<p>&nbsp;<\/p>\n<p>&nbsp;<\/p>\n<p>Gioved\u00ec 26 maggio<!--more--> alle ore 19, papa Francesco celebrer\u00e0 la Messa della Solennit\u00e0 del SS. Corpo e Sangue di Cristo sul sagrato della Basilica di San Giovanni in Laterano e, subito dopo la distribuzione della Comunione, inizier\u00e0 la processione eucaristica, con il Santissimo Sacramento lungo via Merulana, fino alla Basilica di Santa Maria Maggiore, dove impartir\u00e0 la Benedizione Eucaristica.<\/p>\n<p>\u00c8 un appuntamento annuale delle Confraternite, che hanno il compito di aprire la solenne processione Eucaristica, con i loro abiti solenni e i loro stendardi, facendo corona al Santissimo Sacramento.<\/p>\n<p>Molte Confraternite sono intitolate al Santissimo Sacramento: nacquero con la missione di incrementare nel popolo venerazione e devozione nella presenza reale di Cristo nell\u2019Eucarestia.<\/p>\n<p>Il\u00a0<i>Corpus Domini<\/i>, espressione\u00a0latina\u00a0(\u201cCorpo del Signore\u201d) \u00e8 una delle principali solennit\u00e0 dell\u2019anno liturgico della Chiesa cattolica. Nella Citt\u00e0 del Vaticano e in diversi paesi europei si celebra il\u00a0gioved\u00ec\u00a0successivo alla solennit\u00e0 della Santissima Trinit\u00e0, mentre in Italia la Domenica seguente.<\/p>\n<p>La Solennit\u00e0 che rievoca la Cena del Signore\u00a0del\u00a0Gioved\u00ec santo, \u00e8 stata istituita nel\u00a01247\u00a0nella\u00a0diocesi di Liegi (Belgio) per celebrare la reale presenza di Cristo nell\u2019eucarestia\u00a0in contrasto con quanti, tra cui Berengario di Tours, parlavano di una presenza non era reale, ma solo simbolica di Cristo. Ma fu soltanto nel 1264 che divenisse obbligatoria ovunque, dopo il \u201cmiracolo di Bolsena-Orvieto\u201d.<\/p>\n<p>La storia narra che nell\u2019estate del 1263 un\u00a0sacerdote\u00a0boemo, di nome Pietro da Praga inizi\u00f2 a dubitare della reale presenza di\u00a0Ges\u00f9\u00a0nell\u2019ostia e nel vino consacrati.<\/p>\n<p>Il sacerdote si rec\u00f2 allora in pellegrinaggio a\u00a0Roma, per pregare sulla tomba di\u00a0Pietro\u00a0e fugare i suoi dubbi: il soggiorno romano lo rasseren\u00f2 e intraprese il viaggio di ritorno. Percorrendo la\u00a0via Cassia\u00a0si ferm\u00f2 a pernottare a\u00a0Bolsena, dove i dubbi di fede lo assalirono nuovamente. Il giorno successivo celebr\u00f2 la Messa nella chiesa di Santa Cristina.<\/p>\n<p>Secondo quanto tramandato dalla tradizione,\u00a0al momento della consacrazione l\u2019ostia cominci\u00f2 a sanguinare sul corporale. Impaurito e confuso il sacerdote cerc\u00f2 di nascondere il fatto, concluse la celebrazione, avvolse l\u2019ostia nel\u00a0corporale\u00a0di lino e fugg\u00ec verso la\u00a0sacrestia. Durante il tragitto alcune gocce di sangue caddero sul marmo del pavimento e sui gradini dell\u2019altare.<\/p>\n<p>Pietro da Praga si rec\u00f2 subito dal\u00a0papa Urbano IV, che si trovava in quel momento a\u00a0Orvieto, per riferirgli l\u2019accaduto. Il pontefice invi\u00f2 a Bolsena il vescovo di Orvieto per verificare la veridicit\u00e0 del racconto e per recuperare le reliquie.<\/p>\n<p>Urbano IV dichiar\u00f2 la soprannaturalit\u00e0 dell\u2019evento e, per ricordarlo, l\u201911 agosto\u00a01264\u00a0estese a tutta la Chiesa la solennit\u00e0 chiamata\u00a0<i>Corpus Domini<\/i>.<\/p>\n<p>Per custodire il corporale venne edificato, a partire dal\u00a01290, il\u00a0duomo di Orvieto, al quale si aggiunsero la cappella del corporale, nel\u00a01364, e la cappella nuova, nel\u00a01504.<\/p>\n<p>Urbano IV affid\u00f2 a\u00a0Tommaso d\u2019Aquino\u00a0il compito di preparare i testi per la\u00a0liturgia delle Ore\u00a0e per la\u00a0Messa, e stabil\u00ec che si dovesse celebrare il primo\u00a0gioved\u00ec\u00a0dopo l\u2019ottava di Pentecoste.<span style=\"color: #333333; font-family: Georgia, 'Times New Roman', 'Bitstream Charter', Times, serif; font-size: 14px; line-height: 1.5em;\">\u00a0<\/span><\/td>\n<\/tr>\n<\/tbody>\n<\/table>\n","protected":false},"excerpt":{"rendered":"<p>Gioved\u00ec 26 nella Citt\u00e0 del Vaticano e Domenica 29 maggio in Italia si celebra la solennit\u00e0 del \u201cCorpus Domini\u201d &nbsp; &nbsp; Gioved\u00ec 26 maggio<\/p>\n","protected":false},"author":1,"featured_media":4810,"comment_status":"closed","ping_status":"closed","sticky":false,"template":"","format":"standard","meta":{"jetpack_post_was_ever_published":false,"_jetpack_newsletter_access":"","_jetpack_dont_email_post_to_subs":false,"_jetpack_newsletter_tier_id":0,"_jetpack_memberships_contains_paywalled_content":false,"_jetpack_memberships_contains_paid_content":false,"footnotes":""},"categories":[4],"tags":[],"class_list":["post-4809","post","type-post","status-publish","format-standard","has-post-thumbnail","hentry","category-riflessioni"],"jetpack_featured_media_url":"https:\/\/www.santamariaapparente.com\/wp\/wp-content\/uploads\/corpus-domini_E.jpg","jetpack_sharing_enabled":true,"jetpack_shortlink":"https:\/\/wp.me\/p2XXfi-1fz","_links":{"self":[{"href":"https:\/\/www.santamariaapparente.com\/wp\/wp-json\/wp\/v2\/posts\/4809","targetHints":{"allow":["GET"]}}],"collection":[{"href":"https:\/\/www.santamariaapparente.com\/wp\/wp-json\/wp\/v2\/posts"}],"about":[{"href":"https:\/\/www.santamariaapparente.com\/wp\/wp-json\/wp\/v2\/types\/post"}],"author":[{"embeddable":true,"href":"https:\/\/www.santamariaapparente.com\/wp\/wp-json\/wp\/v2\/users\/1"}],"replies":[{"embeddable":true,"href":"https:\/\/www.santamariaapparente.com\/wp\/wp-json\/wp\/v2\/comments?post=4809"}],"version-history":[{"count":1,"href":"https:\/\/www.santamariaapparente.com\/wp\/wp-json\/wp\/v2\/posts\/4809\/revisions"}],"predecessor-version":[{"id":4813,"href":"https:\/\/www.santamariaapparente.com\/wp\/wp-json\/wp\/v2\/posts\/4809\/revisions\/4813"}],"wp:featuredmedia":[{"embeddable":true,"href":"https:\/\/www.santamariaapparente.com\/wp\/wp-json\/wp\/v2\/media\/4810"}],"wp:attachment":[{"href":"https:\/\/www.santamariaapparente.com\/wp\/wp-json\/wp\/v2\/media?parent=4809"}],"wp:term":[{"taxonomy":"category","embeddable":true,"href":"https:\/\/www.santamariaapparente.com\/wp\/wp-json\/wp\/v2\/categories?post=4809"},{"taxonomy":"post_tag","embeddable":true,"href":"https:\/\/www.santamariaapparente.com\/wp\/wp-json\/wp\/v2\/tags?post=4809"}],"curies":[{"name":"wp","href":"https:\/\/api.w.org\/{rel}","templated":true}]}}