{"id":4737,"date":"2016-03-16T12:51:44","date_gmt":"2016-03-16T11:51:44","guid":{"rendered":"http:\/\/www.santamariaapparente.com\/wp\/?p=4737"},"modified":"2016-03-18T19:14:18","modified_gmt":"2016-03-18T18:14:18","slug":"settimana-santa-20-27-marzo","status":"publish","type":"post","link":"https:\/\/www.santamariaapparente.com\/wp\/settimana-santa-20-27-marzo\/","title":{"rendered":"Settimana Santa (20 \u2013 27 marzo)"},"content":{"rendered":"<p align=\"center\">Parrocchia di Santa Maria Apparente<\/p>\n<p align=\"center\"><span style=\"line-height: 1.5em;\">Celebrazioni della Settimana Santa<\/span><\/p>\n<p align=\"center\">(20 \u2013 27 marzo 2016)<\/p>\n<p>&nbsp;<\/p>\n<p><b>Domenica delle Palme<\/b>, 20 marzo, alle ore 10 si partir\u00e0 dal Santuario<!--more--> e prima del passaggio a livello si far\u00e0 la benedizione delle Palme e poi si andr\u00e0 nella chiesa parrocchiale per la Celebrazione della 31<sup>a<\/sup> Giornata Mondiale della Giovent\u00f9.<\/p>\n<p>Dopo la Messa delle 11,15 cominceremo l\u2019Adorazione Eucaristica sino alle 17.<\/p>\n<p>&nbsp;<\/p>\n<p><b>Luned\u00ec<\/b>, alle 8,15, la Messa e l\u2019Adorazione Eucaristica sino alla Messa delle 19. In chiesa ci saranno dei Confessori durante tutto il giorno.<\/p>\n<p>&nbsp;<\/p>\n<p><b>Marted\u00ec<\/b>, alle 8,15, la Messa e l\u2019Adorazione Eucaristica sino alla Messa delle 19. In chiesa ci saranno dei Confessori durante tutto il giorno.<\/p>\n<div>\n<p>Alle 21.15 la <i>celebrazione comunitaria del Sacramento della Penitenza<\/i>.<\/p>\n<\/div>\n<p><b>\u00a0<\/b><\/p>\n<p><b>Mercoled\u00ec<\/b>, alle 11,15 la \u201cVia Crucis\u201d con la Scuola materna \u201cPio XII\u201d.<\/p>\n<p>Alle 19 la santa Messa e alle 20,30 la <i>Messa crismale<\/i><b> <\/b>in Cattedrale.<\/p>\n<p>&nbsp;<\/p>\n<p style=\"text-align: left;\" align=\"center\"><b>Gioved\u00ec Santo <\/b><\/p>\n<p style=\"text-align: left;\" align=\"center\">(Ultima Cena, preghiera di Ges\u00f9 nel Getsemani e arresto)<\/p>\n<p>Durante il giorno la Comunione ai malati.<\/p>\n<p>Alle 19, Messa dell\u2019Ultima Cena (raccolta Quaresima-caritas) e Adorazione eucaristica sino alle 24. Dalle 22 alle 23 l\u2019Ora santa di adorazione \u2013 guidata dai giovani \u2013 per vivere l\u2019agonia del Getsemani e l\u2019offerta della vita di Ges\u00f9.<\/p>\n<p><b>\u00a0<\/b><\/p>\n<p style=\"text-align: left;\" align=\"center\"><b>Venerd\u00ec Santo<\/b><\/p>\n<p style=\"text-align: left;\" align=\"center\">(Condanna, Passione e Morte di Ges\u00f9 [digiuno e astinenza dalle carni])<\/p>\n<p style=\"text-align: left;\">Alle 9,30 la celebrazione delle Lodi.<\/p>\n<div>\n<p style=\"text-align: left;\" align=\"center\">Si ricordano le \u201cSette parole\u201d di Ges\u00f9:<\/p>\n<p>\u201cPadre, perdona loro, perch\u00e9 non sanno quello che fanno\u201d (<i>Lc<\/i> 23, 34);<\/p>\n<p>\u201cIn verit\u00e0, io ti dico: oggi con me sarai nel paradiso\u201d (<i>Lc<\/i> 23, 43);<\/p>\n<p>\u201cDonna, ecco tuo figlio! \u2013 Ecco, tua madre!\u201d (<i>Gv<\/i> 19, 26);<\/p>\n<p>\u201cHo sete\u201d (<i>Gv<\/i> 19, 28);<\/p>\n<p>\u201cDio mio, Dio mio, perch\u00e9 mi hai abbandonato?\u201d (<i>Mt<\/i> 27, 46);<\/p>\n<p>\u201cTutto \u00e8 compiuto\u201d (<i>Gv<\/i> 19, 30);<\/p>\n<p>\u201cPadre, nelle tue mani consegno il mio spirito\u201d (<i>Lc<\/i> 23, 46).<\/p>\n<\/div>\n<p>Alle 18, la <i>Celebrazione della Liturgia della Croce<\/i> e raccolta per la Terra santa.<\/p>\n<p>Alle 21,15 la <i>Via Crucis<\/i> che in svolger\u00e0 nelle vie: Oroboni, Maroncelli e Solera; alle 21, con chi desidera, si partir\u00e0 dalla chiesa parrocchiale.<\/p>\n<p><b>\u00a0<\/b><\/p>\n<p style=\"text-align: left;\" align=\"center\"><b>Sabato Santo<\/b><\/p>\n<p style=\"text-align: left;\" align=\"center\">(giorno di silenzio e di attesa della Pasqua)<b><\/b><\/p>\n<p>Alle 9,30 in chiesa la celebrazione delle Lodi.<\/p>\n<p>Alle 22,30 la Veglia Pasquale.<\/p>\n<p><b>\u00a0<\/b><\/p>\n<p><b>Solennit\u00e0 di Pasqua<\/b> e <b>Luned\u00ec dell\u2019Angelo<\/b> secondo gli orari festivi.<\/p>\n","protected":false},"excerpt":{"rendered":"<p>Parrocchia di Santa Maria Apparente Celebrazioni della Settimana Santa (20 \u2013 27 marzo 2016) &nbsp; Domenica delle Palme, 20 marzo, alle ore 10 si partir\u00e0 dal Santuario<\/p>\n","protected":false},"author":1,"featured_media":4738,"comment_status":"closed","ping_status":"closed","sticky":false,"template":"","format":"standard","meta":{"jetpack_post_was_ever_published":false,"_jetpack_newsletter_access":"","_jetpack_dont_email_post_to_subs":false,"_jetpack_newsletter_tier_id":0,"_jetpack_memberships_contains_paywalled_content":false,"_jetpack_memberships_contains_paid_content":false,"footnotes":""},"categories":[5],"tags":[],"class_list":["post-4737","post","type-post","status-publish","format-standard","has-post-thumbnail","hentry","category-news"],"jetpack_featured_media_url":"https:\/\/www.santamariaapparente.com\/wp\/wp-content\/uploads\/settimana-santa1.jpg","jetpack_sharing_enabled":true,"jetpack_shortlink":"https:\/\/wp.me\/p2XXfi-1ep","_links":{"self":[{"href":"https:\/\/www.santamariaapparente.com\/wp\/wp-json\/wp\/v2\/posts\/4737","targetHints":{"allow":["GET"]}}],"collection":[{"href":"https:\/\/www.santamariaapparente.com\/wp\/wp-json\/wp\/v2\/posts"}],"about":[{"href":"https:\/\/www.santamariaapparente.com\/wp\/wp-json\/wp\/v2\/types\/post"}],"author":[{"embeddable":true,"href":"https:\/\/www.santamariaapparente.com\/wp\/wp-json\/wp\/v2\/users\/1"}],"replies":[{"embeddable":true,"href":"https:\/\/www.santamariaapparente.com\/wp\/wp-json\/wp\/v2\/comments?post=4737"}],"version-history":[{"count":4,"href":"https:\/\/www.santamariaapparente.com\/wp\/wp-json\/wp\/v2\/posts\/4737\/revisions"}],"predecessor-version":[{"id":4746,"href":"https:\/\/www.santamariaapparente.com\/wp\/wp-json\/wp\/v2\/posts\/4737\/revisions\/4746"}],"wp:featuredmedia":[{"embeddable":true,"href":"https:\/\/www.santamariaapparente.com\/wp\/wp-json\/wp\/v2\/media\/4738"}],"wp:attachment":[{"href":"https:\/\/www.santamariaapparente.com\/wp\/wp-json\/wp\/v2\/media?parent=4737"}],"wp:term":[{"taxonomy":"category","embeddable":true,"href":"https:\/\/www.santamariaapparente.com\/wp\/wp-json\/wp\/v2\/categories?post=4737"},{"taxonomy":"post_tag","embeddable":true,"href":"https:\/\/www.santamariaapparente.com\/wp\/wp-json\/wp\/v2\/tags?post=4737"}],"curies":[{"name":"wp","href":"https:\/\/api.w.org\/{rel}","templated":true}]}}