{"id":4208,"date":"2015-09-29T07:50:57","date_gmt":"2015-09-29T05:50:57","guid":{"rendered":"http:\/\/www.santamariaapparente.com\/wp\/?p=4208"},"modified":"2015-09-28T17:01:28","modified_gmt":"2015-09-28T15:01:28","slug":"programma-parrocchiale-20152016","status":"publish","type":"post","link":"https:\/\/www.santamariaapparente.com\/wp\/programma-parrocchiale-20152016\/","title":{"rendered":"Programma parrocchiale 2015\/2016"},"content":{"rendered":"<p align=\"center\">Parrocchia di Santa Maria Apparente<\/p>\n<p align=\"right\">\n<p align=\"right\">29 settembre 2015<\/p>\n<p align=\"right\">Festa degli arcangeli Gabriele, Michele e Raffaele<\/p>\n<p>&nbsp;<\/p>\n<p>Dopo le due riunioni del Consiglio pastorale (3 e 29 agosto) \u00e8 bene rendere pubblico<!--more--> almeno qualche riflessione, da cui sono maturate anche delle scelte, affinch\u00e9 siano conosciute e progressivamente possiamo vivere secondo le indicazioni che ci vengono dal magistero di Papa Francesco e del nostro Arcivescovo Luigi.<\/p>\n<p>Nell\u2019Esortazione programmatica <i>Evangelii gaudium<\/i> Papa Francesco propone che ogni attivit\u00e0 sia ricentrata sulla dimensione missionaria. Quindi, abbiamo detto che il tempo e l\u2019attenzione da dedicare all\u2019<b>annuncio del Vangelo<\/b> dovrebbe essere pi\u00f9 ampio di quello che in genere diamo alla catechesi. E allora, abbiamo deciso che la Parrocchia dedichi maggiore attenzione a tre ambiti: famiglia, la scuola e i giovani.<\/p>\n<p>&nbsp;<\/p>\n<p align=\"center\">ALCUNE STRUTTURE DELLA PARROCCHIA<\/p>\n<p><b>\u00a0<\/b><\/p>\n<p><b>Propriet\u00e0 e ambiti pastorali<\/b><\/p>\n<p>&nbsp;<\/p>\n<p>La Parrocchia \u00e8 stata costituita il 1\u00b0 aprile 1961 (era Sabato santo), e sinora ha avuto tre parroci: Trastulli mons. Giuseppe (sino al 1966 e deceduto da alcuni anni), Orlandi don Nazareno (sino al 1994) e Morresi don Giuseppe (sino al 25 ottobre 2014).<\/p>\n<p>Insieme alla chiesa (con le strutture dell\u2019oratorio, del teatrino e della casa parrocchiale) e al santuario, si ha la propriet\u00e0 della scuola materna paritaria \u201cPio XII\u201d. Si usa per le celebrazioni anche la chiesa della Madonna del Buon Consiglio nella zona Filippand\u00f2.<\/p>\n<p>Grazie a chi aggiorna il sito <a href=\"http:\/\/www.santamariaapparente.com\/\"><i>www.santamariaapparente.com<\/i><\/a> si possono conoscere le attivit\u00e0 scolte grazie a non poche persone disponibili nei diversi ambiti e servizi in cui \u00e8 si articola la vita e la missione della parrocchia.<\/p>\n<p>&nbsp;<\/p>\n<p><b>Persone e \u201cstrutture pastorali\u201d.<\/b><\/p>\n<p>&nbsp;<\/p>\n<p>Abbiamo i Consigli parrocchiali pastorale e per gli affari economici.<\/p>\n<p>Esiste l\u2019unit\u00e0 pastorale della citt\u00e0 con iniziative comuni di formazione e servizi, tra cui quello caritas (<i>Vittorio Taffoni<\/i> ne \u00e8 il referente, come per l\u2019UNITALSI).<\/p>\n<p>E come dimenticare l\u2019insostituibile e prezioso contributo del Comitato festeggiamenti?<\/p>\n<p>&nbsp;<\/p>\n<p>In parrocchia abbiamo persone che partecipano a associazioni, movimenti ecclesiali e nuove comunit\u00e0: Azione Cattolica, Movimento dei Focolari, Comunit\u00e0 neocatecumenali, Comunione e Liberazione, Agesci; Savioclub, il Rinnovamento nello Spirito Santo, GAM, il gruppo famiglie a Montecosaro Scalo e \u2026 altro che non conosco ancora. Una grande ricchezza di cui lodiamo Dio!<\/p>\n<p>&nbsp;<\/p>\n<p align=\"center\">TRE AMBITI PRIVILEGIATI<\/p>\n<p align=\"center\"><b>\u00a0<\/b><\/p>\n<p align=\"center\"><b>La famiglia<\/b><\/p>\n<p>&nbsp;<\/p>\n<p>La <i>pastorale familiare <\/i>ha diversi ambiti diversificati; tutti significativi:<\/p>\n<p>A)\u00a0\u00a0\u00a0 i <span style=\"text-decoration: underline;\">fidanzati<\/span> che desiderano prepararsi alla celebrazione del Sacramento;<\/p>\n<p>B)\u00a0\u00a0\u00a0 gli <span style=\"text-decoration: underline;\">sposi<\/span> da incoraggiare nella vocazione, senza sostituirli, ma sostenendoli nella missione. Per loro ho promosso una riunione ogni due mesi;<\/p>\n<p>C)\u00a0\u00a0\u00a0 preparazione dei figli ai <span style=\"text-decoration: underline;\">sacramenti dell\u2019iniziazione cristiana<\/span>;<\/p>\n<p>D)\u00a0\u00a0\u00a0 la benedizione delle famiglie, a quante l\u2019hanno chiesto;<\/p>\n<p>E)\u00a0\u00a0\u00a0\u00a0 la visita ai malati con i ministri straordinari della comunione;<\/p>\n<p>F)\u00a0\u00a0\u00a0\u00a0 Quattro momenti per <span style=\"text-decoration: underline;\">le Famiglie<\/span>: l\u2019ultima domenica di dicembre, festa della famiglia (Messa e pranzo con offerta); Cenone di san Silvestro; festa di carnevale; festa per l\u2019ordinazione di Fra Andrea (Messa e pranzo con offerta)<\/p>\n<p>&nbsp;<\/p>\n<p>Ci sono due famiglie-corresponsabili in questo ambito: <em>Romiti Riccardo e Macellari Michela <\/em><em>(tre figli)<\/em><em>, Simone Pancotto e Laura Recchi <\/em><em>(due figli)<\/em>.<\/p>\n<p>&nbsp;<\/p>\n<p>Si vorrebbe, nel ripetere quanto si \u00e8 fatto, valorizzare alcuni momenti per le Famiglie: Domenica 8 novembre (castagnata); Domenica 27 dicembre (Messa e pranzo con offerta spontanea); Cenone di san Silvestro (gioved\u00ec 31 dicembre); Festa di carnevale (sabato 6 febbraio); Domenica 8 maggio (festa di san Vincenzo alla Madonna del Buon Consiglio); Marted\u00ec 31 maggio (processione cittadina al Santuario e inizio della festa patronale); Domenica 5 giugno (festa della Patrona) e luned\u00ec 13 giugno conclusione della festa.<\/p>\n<p>&nbsp;<\/p>\n<p>Si stanno programmando iniziative per genitori, in particolare per quelli che hanno figli o figlie che frequentano la catechesi parrocchiale.<\/p>\n<p>Abbiamo deciso di avviare la catechesi in III elementare e di incontrare i genitori che hanno figli e figlie di I e II elementare.<\/p>\n<p>&nbsp;<\/p>\n<p>I <i>percorsi per fidanzati<\/i> saranno come gli ultimi anni con le Parrocchie di Civitanova Marche (San Pietro, Cristo Re, San Giuseppe) e durano dal mese di gennaio a marzo.<\/p>\n<p>&nbsp;<\/p>\n<p>Al Santuario sono diverse le coppie che chiedono di celebrarvi il matrimonio. Si tratta di un servizio all\u2019intera citt\u00e0.<\/p>\n<p>&nbsp;<\/p>\n<p align=\"center\"><b>La scuola<\/b><\/p>\n<p>&nbsp;<\/p>\n<p>La <b>scuola materna paritaria \u201cPio XII\u201d<\/b> \u00e8 occasione privilegiata per avere contatto con famiglie giovani. Ci sono 4 insegnanti, 2 inservienti e alcune collaborazioni.<\/p>\n<p>Si \u00e8 avviato un maggiore coordinamento tra le varie materie, tra cui la religione cattolica, come con le proposte della Parrocchia. In particolare, con la festa patronale, durante la quale si svolge la pesca di beneficienza.\u00a0 <b><\/b><\/p>\n<p><b>\u00a0<\/b><\/p>\n<p align=\"center\"><b>Le nuove generazioni<\/b><\/p>\n<p><b>\u00a0<\/b><\/p>\n<p><b>La pastorale <\/b><b>adolescenziale e giovanile<\/b> tenter\u00e0 di valorizzare quanto esiste e in modo particolare le attivit\u00e0 dell\u2019oratorio \u201cSan Domenico Savio\u201d.<\/p>\n<p>&nbsp;<\/p>\n<p>Vorremo partecipare di pi\u00f9 a quanto viene promosso nella Domenica delle Palme a livello diocesano e nella Veglia di Pentecoste e nella solennit\u00e0 del SS. Corpo e Sangue di Cristo, nella citt\u00e0.<b><\/b><\/p>\n<p>&nbsp;<\/p>\n<p>Si vorr\u00e0 collaborare con la societ\u00e0 sportiva per quanto possibile.<\/p>\n<p>&nbsp;<\/p>\n<p>&nbsp;<\/p>\n<p align=\"center\">La celebrazione dei sacramenti nell\u2019anno giubilare 2015-2016<\/p>\n<p>&nbsp;<\/p>\n<p align=\"center\"><b>I sacramenti dell\u2019iniziazione cristiana<\/b><\/p>\n<p align=\"center\"><span style=\"text-decoration: underline;\">Proposte di 9 date il Battesimo dei Bambini<\/span><\/p>\n<p align=\"center\">(se sar\u00e0 la richiesta da parte dei Genitori)<\/p>\n<p>Domenica<b> <\/b>11 ottobre;<\/p>\n<p>Domenica 22 novembre (solennit\u00e0 di Cristo Re);<\/p>\n<p>Marted\u00ec 8 dicembre (solennit\u00e0 dell\u2019Immacolata Concezione di Maria)<\/p>\n<p>Domenica 10 gennaio 2016 (festa del Battesimo del Signore);<\/p>\n<p>Domenica 6 febbraio (Giornata nazionale della vita);<\/p>\n<p>Luned\u00ec 28 marzo (Luned\u00ec dell\u2019Angelo);<\/p>\n<p>Domenica 8 maggio (solennit\u00e0 dell\u2019Ascensione e festa della mamma);<\/p>\n<p>Domenica 3 luglio;<\/p>\n<p>Domenica 4 settembre.<\/p>\n<p align=\"center\"><span style=\"text-decoration: underline;\">Confermazione o Cresima<\/span><\/p>\n<p align=\"center\">(chiederemo all\u2019Ordinario diocesano di poter avere due date)<\/p>\n<p>Domenica 10 aprile ore 10,30 (III media, alcuni di II, fratelli o sorelle di V elementare)<\/p>\n<p>Domenica 24 aprile ore 10,30 (V elementare).<\/p>\n<p>&nbsp;<\/p>\n<p align=\"center\"><span style=\"text-decoration: underline;\">Prima Comunione (IV elementare)<\/span>:<\/p>\n<p>Domenica 29 maggio ore 10,30 (solennit\u00e0 del Corpo e Sangue del Signore).<\/p>\n<p>&nbsp;<\/p>\n<p>&nbsp;<\/p>\n<p align=\"center\"><b>I sacramenti di guarigione<\/b><\/p>\n<p align=\"center\"><span style=\"text-decoration: underline;\">La Penitenza o Confessione<\/span><\/p>\n<p>&nbsp;<\/p>\n<p>La <i>celebrazione individuale del sacramento della Penitenza<\/i>:<\/p>\n<p>Prima della celebrazione di ogni Messa.<\/p>\n<p>&nbsp;<\/p>\n<p>La <i>celebrazione di liturgie penitenziali comunitarie<\/i>:<\/p>\n<p>Venerd\u00ec 27 novembre;<\/p>\n<p>Marted\u00ec santo (22 marzo)<\/p>\n<p>Venerd\u00ec 27 maggio.<\/p>\n<p>&nbsp;<\/p>\n<p>La <i>celebrazione della prima Confessione<\/i> (III elementare):<\/p>\n<p>Sabato 16 aprile al Santuario.<\/p>\n<p>&nbsp;<\/p>\n<p align=\"center\"><span style=\"text-decoration: underline;\">L\u2019unzione degli infermi<\/span><\/p>\n<p>&nbsp;<\/p>\n<p>Domenica 5 giugno (al Santuario)<\/p>\n<p>&nbsp;<\/p>\n<p>&nbsp;<\/p>\n<p align=\"center\"><b>I sacramenti al servizio della comunione<\/b><\/p>\n<p align=\"center\"><span style=\"text-decoration: underline;\">Ordine e Matrimonio<\/span><\/p>\n<p>&nbsp;<\/p>\n<p>Non sappiamo se ci saranno delle ordinazioni diaconali o presbiterali.<\/p>\n<p>Si sono gi\u00e0 prenotate diverse coppie per celebrare il Matrimonio.<\/p>\n<p>&nbsp;<\/p>\n<p>&nbsp;<\/p>\n<p align=\"center\">L\u2019ANNO GIUBILARE<\/p>\n<p>&nbsp;<\/p>\n<p>Abbiamo quindi abbozzato un calendario dicendo per\u00f2 di attendere le indicazioni della diocesi. Di seguito, scriviamo le date da noi indicate, con l\u2019aggiunta di ci\u00f2 che \u00e8 maturato, sinora, in diocesi come anche nella Vicaria o nella citt\u00e0 di Civitanova Marche.<\/p>\n<p>&nbsp;<\/p>\n<p>Che Santa Maria Apparente, ci protegga e ci benedica nel vivere e trasmettere la fede.<b><\/b><\/p>\n<p>Di seguito, l\u2019elenco delle attivit\u00e0.<\/p>\n<p>&nbsp;<\/p>\n<p align=\"center\"><b>\u00a0<\/b><\/p>\n<p align=\"center\"><b>Appendice<\/b><b><\/b><\/p>\n<p align=\"center\"><b>\u00a0<\/b><\/p>\n<p align=\"center\"><b>Calendario da precisare \u2026 per l\u2019anno pastorale 2015-2016.<\/b><b><\/b><\/p>\n<p>&nbsp;<\/p>\n<p>&nbsp;<\/p>\n<p align=\"center\"><i>Ottobre 2015<\/i><\/p>\n<p align=\"center\"><i>Mese missionario e del rosario, Sinodo sulla Famiglia<\/i><\/p>\n<p>&nbsp;<\/p>\n<p align=\"center\">Gioved\u00ec 1\u00b0 ottobre, ritiro diocesano del clero (Vicaria di Amandola)<\/p>\n<p>Venerd\u00ec 2, preghiera al Santuario e \u201cPeregrinatio Mariae\u201d in alcune case.<\/p>\n<p>Domenica 4, pellegrinaggio a Lanciano e Supplica della Madonna di Pompei.<\/p>\n<p>Celebrazione con l\u2019Arcivescovo a San Francesco (Fermo).<\/p>\n<p align=\"center\">Dal 4 al 25 celebrazione della XIV Assemblea ordinaria del Sinodo.<\/p>\n<p>Luned\u00ec 5, incontro della Parola di Vita.<\/p>\n<p>Sabato 10, inizio catechesi delle medie<\/p>\n<p>Domenica 11, inizio catechesi delle elementari (Battesimo dei Bambini).<\/p>\n<p>Sabato 17, cambio di orario con la Messa vespertina.<\/p>\n<p align=\"center\">Domenica 18,<i> <\/i>Giornata missionaria mondiale.<\/p>\n<p>&nbsp;<\/p>\n<p align=\"center\"><i>Novembre<\/i><\/p>\n<p align=\"center\"><i>Preghiera per i defunti e inizio dell\u2019Avvento<\/i><\/p>\n<p><b>\u00a0<\/b><\/p>\n<p><b>Domenica 1\u00b0<\/b>, solennit\u00e0 di tutti i Santi.<\/p>\n<p><b>Luned\u00ec<\/b> <b>2<\/b>, Commemorazione di tutti i fedeli defunti, incontro della Parola di Vita.<\/p>\n<p align=\"center\"><b>Gioved\u00ec 5<\/b>, ritiro diocesano del clero (Vicaria di Montegranaro)<b><\/b><\/p>\n<p><b>Venerd\u00ec 6<\/b>, preghiera al Santuario.<b><\/b><\/p>\n<p><b>Domenica 8<\/b>, Giornata nazionale del ringraziamento (cf. Coldiretti) e Castagnata;<\/p>\n<p>Genitori cresimandi sul Giubileo (Messa, pranzo e incontro).<b><\/b><\/p>\n<p align=\"center\"><b>Luned\u00ec 9 \u2013 13<\/b>, V convegno ecclesiale nazionale a Firenze.<b><\/b><\/p>\n<p><b>Sabato 21<\/b>, Giornata delle Claustrali.<\/p>\n<p><b>Domenica 22<\/b>, solennit\u00e0 di Cristo Re e Giornata per il sostentamento del clero.<\/p>\n<p><b>Domenica 29<\/b> (1<sup>a<\/sup> Domenica di Avvento e iniziative Caritas), <i>Novena dell\u2019Immacolata<\/i>.<\/p>\n<p><b>\u00a0<\/b><\/p>\n<p align=\"center\"><i>Dicembre<\/i><\/p>\n<p align=\"center\"><i>Inizio del Giubileo e immediata preparazione al presepe vivente<\/i><\/p>\n<p align=\"center\"><b>\u00a0<\/b><\/p>\n<p align=\"center\"><b>Gioved\u00ec 3<\/b>, ritiro diocesano del clero (Vicaria di Civitanova Marche)<\/p>\n<p>Domenica 6, II di Avvento.<b><\/b><\/p>\n<p align=\"center\">Marted\u00ec 8, solennit\u00e0 dell\u2019Immacolata e inizio del Giubileo straordinario.<\/p>\n<p align=\"center\">Domenica 13, III di Avvento, apertura porta della Misericordia (Cattedrale).<\/p>\n<p>Domenica 20, IV di Avvento.<\/p>\n<p>Venerd\u00ec 25, Natale (apertura del presepe e della mostra presepi).<\/p>\n<p>Sabato 26, festa di santo Stefano, primo martire.<\/p>\n<p>Domenica 27, festa della Sacra Famiglia.<\/p>\n<p>Gioved\u00ec 31, <i>Te Deum<\/i> di ringraziamento.<\/p>\n<p><b>\u00a0<\/b><\/p>\n<p align=\"center\"><i>Gennaio 2016<\/i><\/p>\n<p align=\"center\"><i>Tempo di Natale e preghiera per gli ebrei e per l\u2019unit\u00e0 dei cristiani<\/i><\/p>\n<p><b>\u00a0<\/b><\/p>\n<p align=\"center\"><b>Venerd\u00ec 1\u00b0<\/b>, Giornata mondiale della pace.<\/p>\n<p><b>Mercoled\u00ec 6<\/b>, solennit\u00e0 di Epifania (visita dei Magi e premiazione del concorso presepi).<\/p>\n<p><b>Domenica 10<\/b>, festa del Battesimo del Signore.<\/p>\n<p><b>Domenica 17<\/b>, festa di sant\u2019Antonio (Festaroli di sant\u2019Antonio e Coldiretti);<\/p>\n<p>Genitori cresimandi: Divertimento e sacrificio (Messa, pranzo e incontro)<\/p>\n<p>Da luned\u00ec 18 a luned\u00ec 25 la Settimana di preghiera per l\u2019unit\u00e0 dei cristiani.<b><\/b><\/p>\n<p>&nbsp;<\/p>\n<p align=\"center\"><i>Febbraio<\/i><\/p>\n<p align=\"center\"><i>Carnevale e inizio della Quaresima<\/i><\/p>\n<p>&nbsp;<\/p>\n<p>Marted\u00ec 2, Giornata della vita consacrata, conclusione dell\u2019<i>Anno della Vita consacrata<\/i>.<\/p>\n<p>Gioved\u00ec 4, anniversario della morte di S.E. Mons. Gennaro Franceschetti (2005).<\/p>\n<p align=\"center\">Domenica 7, Giornata nazionale della vita.<\/p>\n<p>Mercoled\u00ec 10, Le Ceneri, inizio alla Quaresima (cf. iniziative Caritas).<\/p>\n<p align=\"center\">Gioved\u00ec 11, Giornata mondiale del malato, ritiro regionale del clero (Loreto).<\/p>\n<p>Domenica 14, I di Quaresima.<\/p>\n<p>Domenica 21, II di Quaresima.<\/p>\n<p>Luned\u00ec 22, Madonna degli Angeli (Civitanova alta)<\/p>\n<p>Domenica 28, III di Quaresima.<\/p>\n<p>&nbsp;<\/p>\n<p align=\"center\"><i>Marzo<\/i><\/p>\n<p align=\"center\"><i>Ultime settimane prima della Settimana santa e della Pasqua<\/i><b><\/b><\/p>\n<p align=\"center\"><b>\u00a0<\/b><\/p>\n<p align=\"center\"><b>Gioved\u00ec 3<\/b>, giubileo diocesano per il clero a Fermo.<b><\/b><\/p>\n<p><b>Venerd\u00ec 4 e sabato 5<\/b>, 24 ore per il Signore (San Marone e Padri Cappuccini)<\/p>\n<p><b>Domenica 6<\/b>, IV di Quaresima.<\/p>\n<p>Genitori cresimandi: Educare e lasciarsi educare (Messa, pranzo e incontro)<b><\/b><\/p>\n<p><b>Domenica 13<\/b>, V di Quaresima.<b><\/b><\/p>\n<p><b>Domenica 20<\/b>, Domenica delle Palme e Giornata mondiale della Giovent\u00f9.<b><\/b><\/p>\n<p><b>Gioved\u00ec 24<\/b>, Gioved\u00ec santo e Giornata di preghiera in memoria dei missionari martiri.<\/p>\n<p><b>Venerd\u00ec 25<\/b>, Venerd\u00ec santo.<\/p>\n<p><b>Sabato 28<\/b>, Sabato santo.<b><\/b><\/p>\n<p><b>Domenica 27<\/b>, solennit\u00e0 di Pasqua.<b><\/b><\/p>\n<p><i>\u00a0<\/i><\/p>\n<p align=\"center\"><i>Aprile<\/i><\/p>\n<p align=\"center\"><i>Tempo pasquale e celebrazione della Prima Confessione e della Confermazione<\/i><b><\/b><\/p>\n<p>&nbsp;<\/p>\n<p>Domenica 3 aprile, Divina misericordia e ritiro cresimandi II-III media.<\/p>\n<p align=\"center\"><b>Gioved\u00ec 7<\/b>, ritiro diocesano del clero (Vicaria di Porto San Giorgio)<\/p>\n<p>Domenica 10, Cresima.<\/p>\n<p>Sabato 16, Prima Confessione.<\/p>\n<p>Domenica 17, IV di Pasqua (Giornata di preghiera per le vocazioni), ritiro V elementare.<\/p>\n<p>Domenica 24, V di Pasqua, Cresima.<\/p>\n<p>Luned\u00ec 25, festa nazionale della liberazione.<\/p>\n<p><b>\u00a0<\/b><\/p>\n<p align=\"center\"><i>Maggio<\/i><\/p>\n<p align=\"center\"><i>Mese del rosario e celebrazione della Prima Comunione<\/i><b><\/b><\/p>\n<p><b>\u00a0<\/b><\/p>\n<p><b>Domenica 1\u00b0 <\/b>inizio del mese mariano.<\/p>\n<p align=\"center\"><b>Gioved\u00ec 5<\/b>, ritiro diocesano del clero (Vicaria di Corridonia)<\/p>\n<p><b>Domenica 8<\/b>, solennit\u00e0 dell\u2019Ascensione (Giornata per le comunicazioni sociali), festa di san Vincenzo Ferrer nella Madonna del Buon Consiglio. Supplica di Pompei.<b><\/b><\/p>\n<p><b>Sabato 14<\/b> Veglia di Pentecoste (Cristo Re).<b><\/b><\/p>\n<p><b>Domenica 15<\/b>, solennit\u00e0 di Pentecoste.<\/p>\n<p><b>Sabato 21<\/b>, pellegrinaggio della Vicaria nella Cattedrale di Fermo.<b><\/b><\/p>\n<p><b>Domenica 22<\/b>, solennit\u00e0 della SS. Trinit\u00e0.<\/p>\n<p><b>Marted\u00ec 24<\/b>, Giornata di preghiera per la Chiesa in Cina.<b><\/b><\/p>\n<p><b>Domenica 29<\/b>,<b> <\/b>solennit\u00e0 del SS. Corpo e Sangue del Signore, Prima Comunione; Messa (Cristo Re) e processione sino alla chiesa di san Marone.<\/p>\n<p><b>Marted\u00ec 31<\/b>, processione cittadina al Santuario e inizio festa patronale.<\/p>\n<p>&nbsp;<\/p>\n<p align=\"center\"><i>Giugno<\/i><\/p>\n<p align=\"center\"><i>Festa della Patrona e preparazione delle attivit\u00e0 estive<\/i><\/p>\n<p><b>\u00a0<\/b><\/p>\n<p>TRIDUO FESTA PATRONALE da gioved\u00ec 2 a sabato 4 giugno:<\/p>\n<p>Gioved\u00ec 2, festa nazionale della Repubblica Italiana.<\/p>\n<p>Venerd\u00ec 3, solennit\u00e0 del S. Cuore di Ges\u00f9 e Giornata di santificazione sacerdotale.<\/p>\n<p>Sabato 4, memoria del Cuore Immacolato di Maria.<\/p>\n<p>Domenica 5, festa della Patrona (Messe al Santuario).<\/p>\n<p>Gioved\u00ec 9, preti della Vicaria (e Montecosaro) in parrocchia<\/p>\n<p>Luned\u00ec 13 processione di chiusura della festa patronale e Messa.<\/p>\n<p>Venerd\u00ec 24, solennit\u00e0 della nativit\u00e0 del Battista e Messa alle 4 in spiaggia.<\/p>\n<p>Domenica 26, Giornata per la carit\u00e0 del Papa.<\/p>\n<p>&nbsp;<\/p>\n<p align=\"center\"><i>Luglio \u2013 settembre<\/i><\/p>\n<p align=\"center\"><i>Attivit\u00e0 estive, verifica e programmazione del nuovo anno<\/i><\/p>\n<p><b>\u00a0<\/b><\/p>\n<p><b>Luned\u00ec 1\u00b0 e marted\u00ec 2 agosto<\/b>, il \u201cPerdono di Assisi\u201d (Madonna degli Angeli).<b><\/b><\/p>\n<p><b>Sabato 6<\/b>, inizio della Novena dell\u2019Assunta (<b>luned\u00ec 15 agosto<\/b>).<\/p>\n<p><b>Mercoled\u00ec 17 e gioved\u00ec 18 <\/b>festa del patrono san Marone.<\/p>\n<p><b>Luned\u00ec 22<\/b>, memoria di Maria Regina.<\/p>\n<p>&nbsp;<\/p>\n<p><b>Gioved\u00ec 8 settembre<\/b>, festa della nativit\u00e0 di Maria.<\/p>\n<p><b>Luned\u00ec 12<\/b>, memoria del SS. Nome di Maria.<\/p>\n<p><b>Mercoled\u00ec 14<\/b>, festa dell\u2019esaltazione della santa Croce<b><\/b><\/p>\n<p><b>Gioved\u00ec 15, <\/b>memoria dell\u2019Addolorata.<\/p>\n<p><b>Gioved\u00ec 29<\/b>, Festa degli Arcangeli Michele, Gabriele e Raffaele.<\/p>\n<p>&nbsp;<\/p>\n<p>&nbsp;<\/p>\n<p><i>Domenica 13 novembre chiusura del Giubileo in diocesi e il 20 novembre a Roma.<\/i><\/p>\n<p>&nbsp;<\/p>\n<p>&nbsp;<\/p>\n<p align=\"right\">Il Consiglio pastorale parrocchiale<\/p>\n<p align=\"right\">\n<p align=\"right\">Corallini Marinella<\/p>\n<p align=\"right\">Diamanti Orietta<\/p>\n<p align=\"right\">Frapiccini Giuseppe<\/p>\n<p align=\"right\">Mattioli Francesca<\/p>\n<p align=\"right\">Micucci Manuele<\/p>\n<p align=\"right\">Patan\u00e8 fra\u2019 Andrea<\/p>\n<p align=\"right\">Pizzichini Graziella<\/p>\n<p align=\"right\">Pierluigi Alberto<\/p>\n<p align=\"right\">Rocchi don Emilio<\/p>\n<p align=\"right\">Romiti Riccardo<\/p>\n<p align=\"right\">Sbaffoni Nicholas<\/p>\n<p align=\"right\">Torresi Leonella<\/p>\n","protected":false},"excerpt":{"rendered":"<p>Parrocchia di Santa Maria Apparente 29 settembre 2015 Festa degli arcangeli Gabriele, Michele e Raffaele &nbsp; Dopo le due riunioni del Consiglio pastorale (3 e 29 agosto) \u00e8 bene rendere pubblico<\/p>\n","protected":false},"author":1,"featured_media":2479,"comment_status":"closed","ping_status":"closed","sticky":false,"template":"","format":"standard","meta":{"jetpack_post_was_ever_published":false,"_jetpack_newsletter_access":"","_jetpack_dont_email_post_to_subs":false,"_jetpack_newsletter_tier_id":0,"_jetpack_memberships_contains_paywalled_content":false,"_jetpack_memberships_contains_paid_content":false,"footnotes":""},"categories":[5],"tags":[],"class_list":["post-4208","post","type-post","status-publish","format-standard","has-post-thumbnail","hentry","category-news"],"jetpack_featured_media_url":"https:\/\/www.santamariaapparente.com\/wp\/wp-content\/uploads\/IMM_E_Saluto_don_Emilio-copia.jpg","jetpack_sharing_enabled":true,"jetpack_shortlink":"https:\/\/wp.me\/p2XXfi-15S","_links":{"self":[{"href":"https:\/\/www.santamariaapparente.com\/wp\/wp-json\/wp\/v2\/posts\/4208","targetHints":{"allow":["GET"]}}],"collection":[{"href":"https:\/\/www.santamariaapparente.com\/wp\/wp-json\/wp\/v2\/posts"}],"about":[{"href":"https:\/\/www.santamariaapparente.com\/wp\/wp-json\/wp\/v2\/types\/post"}],"author":[{"embeddable":true,"href":"https:\/\/www.santamariaapparente.com\/wp\/wp-json\/wp\/v2\/users\/1"}],"replies":[{"embeddable":true,"href":"https:\/\/www.santamariaapparente.com\/wp\/wp-json\/wp\/v2\/comments?post=4208"}],"version-history":[{"count":2,"href":"https:\/\/www.santamariaapparente.com\/wp\/wp-json\/wp\/v2\/posts\/4208\/revisions"}],"predecessor-version":[{"id":4210,"href":"https:\/\/www.santamariaapparente.com\/wp\/wp-json\/wp\/v2\/posts\/4208\/revisions\/4210"}],"wp:featuredmedia":[{"embeddable":true,"href":"https:\/\/www.santamariaapparente.com\/wp\/wp-json\/wp\/v2\/media\/2479"}],"wp:attachment":[{"href":"https:\/\/www.santamariaapparente.com\/wp\/wp-json\/wp\/v2\/media?parent=4208"}],"wp:term":[{"taxonomy":"category","embeddable":true,"href":"https:\/\/www.santamariaapparente.com\/wp\/wp-json\/wp\/v2\/categories?post=4208"},{"taxonomy":"post_tag","embeddable":true,"href":"https:\/\/www.santamariaapparente.com\/wp\/wp-json\/wp\/v2\/tags?post=4208"}],"curies":[{"name":"wp","href":"https:\/\/api.w.org\/{rel}","templated":true}]}}