{"id":4199,"date":"2015-09-21T12:32:40","date_gmt":"2015-09-21T10:32:40","guid":{"rendered":"http:\/\/www.santamariaapparente.com\/wp\/?p=4199"},"modified":"2015-09-21T12:33:45","modified_gmt":"2015-09-21T10:33:45","slug":"il-viaggio-di-papa-francesco","status":"publish","type":"post","link":"https:\/\/www.santamariaapparente.com\/wp\/il-viaggio-di-papa-francesco\/","title":{"rendered":"Il viaggio di Papa Francesco"},"content":{"rendered":"<p>Sabato 19 settembre\u00a0inizia il viaggio di Papa Francesco a Cuba e negli Stati Uniti d&#8217;America con visita alla sede <!--more-->dell&#8217;organizzazione delle Nazioni Unite\u00a0in occasione della partecipazione\u00a0all\u2019VIII Incontro Mondiale delle Famiglie in Philadelphia.<\/p>\n<p style=\"text-align: left;\" align=\"center\">Trasmissioni video\u00a0in diretta da questo link:<b>\u00a0<\/b><b><a href=\"https:\/\/youtu.be\/86SemtwG6Lc\">https:\/\/youtu.be\/86SemtwG6Lc<\/a>\u00a0<\/b>oppure su TV2000.<\/p>\n<h2 style=\"text-align: left;\" align=\"center\">PROGRAMMA:<\/h2>\n<p><b>Sabato, 19 settembre 2015<\/b><\/p>\n<table width=\"100%\" border=\"0\" cellspacing=\"5\" cellpadding=\"0\">\n<tbody>\n<tr>\n<td valign=\"top\" width=\"7%\"><b>10.15<\/b><b><\/b><\/td>\n<td valign=\"top\" width=\"88%\"><b>Partenza\u00a0<\/b>in aereo dall\u2019Aeroporto di Roma\/Fiumicino per La Habana<\/td>\n<td valign=\"top\" width=\"2%\"><\/td>\n<\/tr>\n<tr>\n<td valign=\"top\" width=\"7%\"><b>16.00<\/b><b><\/b><\/td>\n<td valign=\"top\" width=\"88%\">Arrivo all\u2019Aeroporto Internazionale \u201cJos\u00e9 Mart\u00ed\u201d de La Habana<\/td>\n<td valign=\"top\" width=\"2%\"><\/td>\n<\/tr>\n<tr>\n<td valign=\"top\" width=\"7%\"><b>16.05<\/b><b><\/b><\/td>\n<td valign=\"top\" width=\"88%\"><b>Cerimonia di benvenuto\u00a0<\/b>nell\u2019Aeroporto Internazionale a La Habana<br \/>\n[Arabo, Francese, Inglese, Italiano, Polacco, Portoghese, Spagnolo, Tedesco]<\/td>\n<\/tr>\n<\/tbody>\n<\/table>\n<p style=\"text-align: left;\" align=\"center\"><b>Domenica, 20 settembre 2015<\/b><i><\/i><\/p>\n<table width=\"100%\" border=\"0\" cellspacing=\"5\" cellpadding=\"0\">\n<tbody>\n<tr>\n<td valign=\"top\" width=\"6%\"><b>9.00<\/b><b><\/b><\/td>\n<td valign=\"top\" width=\"67%\"><b>Santa Messa\u00a0<\/b>nella Plaza de la Revoluci\u00f3n a La Habana<br \/>\n[Arabo, Francese, Inglese, Italiano, Polacco, Portoghese, Spagnolo, Tedesco]<\/td>\n<td valign=\"top\" width=\"2%\"><\/td>\n<\/tr>\n<tr>\n<td valign=\"top\" width=\"6%\"><\/td>\n<td valign=\"top\" width=\"67%\"><b>Angelus<\/b><br \/>\n[Arabo, Francese, Inglese, Italiano, Polacco, Portoghese, Spagnolo, Tedesco]<\/td>\n<td valign=\"top\" width=\"2%\"><\/td>\n<\/tr>\n<tr>\n<td valign=\"top\" width=\"6%\"><b>16.00<\/b><b><\/b><\/td>\n<td valign=\"top\" width=\"67%\"><b>Visita di Cortesia al Presidente del Consiglio di Stato e del Consiglio dei Ministri della Repubblica\u00a0<\/b>nel Palacio de la Revoluci\u00f3n a La Habana<\/td>\n<td valign=\"top\" width=\"2%\"><\/td>\n<\/tr>\n<tr>\n<td valign=\"top\" width=\"6%\"><b>17.15<\/b><b><\/b><\/td>\n<td valign=\"top\" width=\"67%\"><b>Celebrazione dei Vespri con Sacerdoti, Religiosi, Religiose e Seminaristi\u00a0<\/b>nella Cattedrale a La Habana<br \/>\n[Arabo, Francese, Inglese, Italiano, Polacco, Portoghese, Spagnolo, Tedesco]<\/td>\n<td valign=\"top\" width=\"2%\"><\/td>\n<\/tr>\n<tr>\n<td valign=\"top\" width=\"6%\"><b>18.30<\/b><b><\/b><\/td>\n<td valign=\"top\" width=\"67%\"><b>Saluto ai giovani del Centro Cultural Padre F\u00e9lix Varela\u00a0<\/b>a La Habana<br \/>\n[Arabo, Francese, Inglese, Italiano, Polacco, Portoghese, Spagnolo, Tedesco]<\/td>\n<\/tr>\n<\/tbody>\n<\/table>\n<p style=\"text-align: left;\" align=\"center\"><b>Luned\u00ec, 21 settembre 2015<\/b><\/p>\n<table width=\"100%\" border=\"0\" cellspacing=\"5\" cellpadding=\"0\">\n<tbody>\n<tr>\n<td valign=\"top\" width=\"6%\">8.00<\/td>\n<td valign=\"top\" width=\"67%\">Partenza in aereo da La Habana per Holgu\u00edn<\/td>\n<td valign=\"top\" width=\"2%\"><\/td>\n<\/tr>\n<tr>\n<td valign=\"top\" width=\"6%\">9.20<\/td>\n<td valign=\"top\" width=\"67%\">Arrivo all\u2019Aeroporto Internazionale \u201cFrank Pais\u201d di Holgu\u00edn<\/td>\n<td valign=\"top\" width=\"2%\"><\/td>\n<\/tr>\n<tr>\n<td valign=\"top\" width=\"6%\">10.30<\/td>\n<td valign=\"top\" width=\"67%\"><b>Santa Messa\u00a0<\/b>nella Plaza de la Revoluci\u00f3n a Holgu\u00edn<br \/>\n[Arabo, Francese, Inglese, Italiano, Polacco, Portoghese, Spagnolo, Tedesco]<\/td>\n<td valign=\"top\" width=\"2%\"><\/td>\n<\/tr>\n<tr>\n<td valign=\"top\" width=\"6%\">15.45<\/td>\n<td valign=\"top\" width=\"67%\"><b>Benedizione della citt\u00e0\u00a0dalla Loma de la Cruz a Holgu\u00edn<\/b><\/td>\n<td valign=\"top\" width=\"2%\"><\/td>\n<\/tr>\n<tr>\n<td valign=\"top\" width=\"6%\">16.40<\/td>\n<td valign=\"top\" width=\"67%\">Partenza in aereo per Santiago<\/td>\n<td valign=\"top\" width=\"2%\"><\/td>\n<\/tr>\n<tr>\n<td valign=\"top\" width=\"6%\">17.30<\/td>\n<td valign=\"top\" width=\"67%\">Arrivo all\u2019Aeroporto Internazionale \u201cAntonio Maceo\u201d di Santiago<\/td>\n<td valign=\"top\" width=\"2%\"><\/td>\n<\/tr>\n<tr>\n<td valign=\"top\" width=\"6%\">19.00<\/td>\n<td valign=\"top\" width=\"67%\"><b>Incontro con i Vescovi\u00a0<\/b>nel Seminario San Basilio Magno a Santiago<\/td>\n<td valign=\"top\" width=\"2%\"><\/td>\n<\/tr>\n<tr>\n<td valign=\"top\" width=\"6%\">19.45<\/td>\n<td valign=\"top\" width=\"67%\"><b>Preghiera alla Virgen de la Caridad, con i Vescovi e il Seguito papale\u00a0<\/b>nella Basilica minore del Santuario della \u201cVirgen de la Caridad del Cobre\u201d a Santiago<\/td>\n<td valign=\"top\" width=\"2%\"><\/td>\n<\/tr>\n<\/tbody>\n<\/table>\n<p style=\"text-align: left;\" align=\"center\"><b><i><br \/>\n<\/i><\/b><b>Marted\u00ec, 22 settembre 2015<\/b><\/p>\n<table width=\"100%\" border=\"0\" cellspacing=\"5\" cellpadding=\"0\">\n<tbody>\n<tr>\n<td valign=\"top\" width=\"6%\">8.00<\/td>\n<td valign=\"top\" width=\"67%\"><b>Santa Messa\u00a0<\/b>nella Basilica minore del Santuario della \u201cVirgen de la Caridad del Cobre\u201d a Santiago<br \/>\n[Arabo, Francese, Inglese, Italiano, Polacco, Portoghese, Spagnolo, Tedesco]<\/td>\n<td valign=\"top\" width=\"2%\"><\/td>\n<\/tr>\n<tr>\n<td valign=\"top\" width=\"6%\">11.00<\/td>\n<td valign=\"top\" width=\"67%\"><b>Incontro con le Famiglie\u00a0<\/b>nella Cattedrale di Nostra Signora dell\u2019Assunzione a Santiago<br \/>\n[Arabo, Francese, Inglese, Italiano, Polacco, Portoghese, Spagnolo, Tedesco]<\/td>\n<td valign=\"top\" width=\"2%\"><\/td>\n<\/tr>\n<tr>\n<td valign=\"top\" width=\"6%\"><\/td>\n<td valign=\"top\" width=\"67%\"><b>Benedizione alla citt\u00e0 all\u2019esterno della Cattedrale\u00a0<\/b>di Santiago<\/td>\n<td valign=\"top\" width=\"2%\"><\/td>\n<\/tr>\n<tr>\n<td valign=\"top\" width=\"6%\">12.15<\/td>\n<td valign=\"top\" width=\"67%\"><b>Cerimonia di congedo\u00a0<\/b>all\u2019Aeroporto<\/td>\n<td valign=\"top\" width=\"2%\"><\/td>\n<\/tr>\n<tr>\n<td valign=\"top\" width=\"6%\">12.30<\/td>\n<td valign=\"top\" width=\"67%\">Partenza in aereo dall\u2019Aeroporto di Santiago per Washington, D.C.<\/td>\n<td valign=\"top\" width=\"2%\"><\/td>\n<\/tr>\n<tr>\n<td valign=\"top\" width=\"6%\">16.00<\/td>\n<td valign=\"top\" width=\"67%\">Arrivo alla Andrews Air Force Base a Washington, D.C.<\/td>\n<td valign=\"top\" width=\"2%\"><\/td>\n<\/tr>\n<tr>\n<td valign=\"top\" width=\"6%\"><\/td>\n<td valign=\"top\" width=\"67%\"><b>Accoglienza Ufficiale\u00a0<\/b>nella Andrews Air Force Base a Washington, D.C.<\/td>\n<td valign=\"top\" width=\"2%\"><\/td>\n<\/tr>\n<\/tbody>\n<\/table>\n<p style=\"text-align: left;\" align=\"center\"><b><i><br \/>\n<\/i><\/b><b>Mercoled\u00ec, 23 settembre 2015<\/b><\/p>\n<table width=\"100%\" border=\"0\" cellspacing=\"5\" cellpadding=\"0\">\n<tbody>\n<tr>\n<td valign=\"top\" width=\"6%\">9.15<\/td>\n<td valign=\"top\" width=\"67%\"><b>Cerimonia di benvenuto\u00a0<\/b>nel South Lawn della Casa Bianca<br \/>\n[Arabo, Francese, Inglese, Italiano, Polacco, Portoghese, Spagnolo, Tedesco]<\/td>\n<td valign=\"top\" width=\"2%\"><\/td>\n<\/tr>\n<tr>\n<td valign=\"top\" width=\"6%\"><\/td>\n<td valign=\"top\" width=\"67%\"><b>Visita di Cortesia al Presidente degli Stati Uniti d&#8217;America<\/b><\/td>\n<td valign=\"top\" width=\"2%\"><\/td>\n<\/tr>\n<tr>\n<td valign=\"top\" width=\"6%\">11.30<\/td>\n<td valign=\"top\" width=\"67%\"><b>Incontro con i Vescovi degli Stati Uniti d&#8217;America\u00a0<\/b>nella Cattedrale di San Matteo a Washington, D.C.<br \/>\n[Arabo, Francese, Inglese, Italiano, Polacco, Portoghese, Spagnolo, Tedesco]<\/td>\n<td valign=\"top\" width=\"2%\"><\/td>\n<\/tr>\n<tr>\n<td valign=\"top\" width=\"6%\">16.15<\/td>\n<td valign=\"top\" width=\"67%\"><b>Santa Messa e Canonizzazione del Beato P. Junipero Serra\u00a0<\/b>nel Santuario Nazionale dell\u2019Immacolata Concezione a Washington, D.C.<br \/>\n[Arabo, Francese, Inglese, Italiano, Polacco, Portoghese, Spagnolo, Tedesco]<\/td>\n<td valign=\"top\" width=\"2%\"><\/td>\n<\/tr>\n<\/tbody>\n<\/table>\n<p style=\"text-align: left;\" align=\"center\"><b><i><br \/>\n<\/i><\/b><b>Gioved\u00ec, 24 settembre 2015<\/b><\/p>\n<table width=\"100%\" border=\"0\" cellspacing=\"5\" cellpadding=\"0\">\n<tbody>\n<tr>\n<td valign=\"top\" width=\"6%\">9.20<\/td>\n<td valign=\"top\" width=\"67%\"><b>Visita al Congresso degli Stati Uniti d&#8217;America<br \/>\n<\/b>[Arabo, Francese, Inglese, Italiano, Polacco, Portoghese, Spagnolo, Tedesco]<\/td>\n<td valign=\"top\" width=\"2%\"><\/td>\n<\/tr>\n<tr>\n<td valign=\"top\" width=\"6%\">11.15<\/td>\n<td valign=\"top\" width=\"67%\"><b>Visita al Centro Caritativo della Parrocchia di St Patrick e incontro con i senzatetto\u00a0<\/b>a Washington, D.C.<br \/>\n[Arabo, Francese, Inglese, Italiano, Polacco, Portoghese, Spagnolo, Tedesco]<\/td>\n<td valign=\"top\" width=\"2%\"><\/td>\n<\/tr>\n<tr>\n<td valign=\"top\" width=\"6%\">16.00<\/td>\n<td valign=\"top\" width=\"67%\">Partenza in aereo per New York<\/td>\n<td valign=\"top\" width=\"2%\"><\/td>\n<\/tr>\n<tr>\n<td valign=\"top\" width=\"6%\">17.00<\/td>\n<td valign=\"top\" width=\"67%\">Arrivo all\u2019Aeroporto JFK a New York<\/td>\n<td valign=\"top\" width=\"2%\"><\/td>\n<\/tr>\n<tr>\n<td valign=\"top\" width=\"6%\">18.45<\/td>\n<td valign=\"top\" width=\"67%\"><b>Vespri con Clero, Religiosi e Religiose\u00a0<\/b>nella Cattedrale di S. Patrizio a New York<br \/>\n[Arabo, Francese, Inglese, Italiano, Polacco, Portoghese, Spagnolo, Tedesco]<\/td>\n<td valign=\"top\" width=\"2%\"><\/td>\n<\/tr>\n<\/tbody>\n<\/table>\n<p style=\"text-align: left;\" align=\"center\"><b><i><br \/>\n<\/i><\/b><b>Venerd\u00ec, 25 settembre 2015<\/b><\/p>\n<table width=\"100%\" border=\"0\" cellspacing=\"5\" cellpadding=\"0\">\n<tbody>\n<tr>\n<td valign=\"top\" width=\"6%\">8.30<\/td>\n<td valign=\"top\" width=\"67%\"><b>Visita alla Sede della Organizzazione delle Nazioni Unite<br \/>\n<\/b>[Arabo, Francese, Inglese, Italiano, Polacco, Portoghese, Spagnolo, Tedesco]<\/td>\n<td valign=\"top\" width=\"2%\"><\/td>\n<\/tr>\n<tr>\n<td valign=\"top\" width=\"6%\">11.30<\/td>\n<td valign=\"top\" width=\"67%\"><b>Incontro Interreligioso al Memorial di Ground Zero\u00a0<\/b>a New York<br \/>\n[Arabo, Francese, Inglese, Italiano, Polacco, Portoghese, Spagnolo, Tedesco]<\/td>\n<td valign=\"top\" width=\"2%\"><\/td>\n<\/tr>\n<tr>\n<td valign=\"top\" width=\"6%\">16.00<\/td>\n<td valign=\"top\" width=\"67%\"><b>Visita alla Scuola \u201cNostra Signora, Regina degli Angeli\u201d e incontro con bambini e famiglie di immigrati\u00a0<\/b>a New York (Harlem)<\/td>\n<td valign=\"top\" width=\"2%\"><\/td>\n<\/tr>\n<tr>\n<td valign=\"top\" width=\"6%\">18.00<\/td>\n<td valign=\"top\" width=\"67%\"><b>Santa Messa\u00a0<\/b>nel Madison Square Garden a New York<br \/>\n[Arabo, Francese, Inglese, Italiano, Polacco, Portoghese, Spagnolo, Tedesco]<\/td>\n<td valign=\"top\" width=\"2%\"><\/td>\n<\/tr>\n<\/tbody>\n<\/table>\n<p style=\"text-align: left;\" align=\"center\"><b><i><br \/>\n<\/i><\/b><b>Sabato, 26 settembre 2015<\/b><\/p>\n<table width=\"100%\" border=\"0\" cellspacing=\"5\" cellpadding=\"0\">\n<tbody>\n<tr>\n<td valign=\"top\" width=\"6%\">8.40<\/td>\n<td valign=\"top\" width=\"67%\">Partenza in aereo per Philadelphia<\/td>\n<td valign=\"top\" width=\"2%\"><\/td>\n<\/tr>\n<tr>\n<td valign=\"top\" width=\"6%\">9.30<\/td>\n<td valign=\"top\" width=\"67%\">Arrivo all\u2019Aeroporto Internazionale di Philadelphia<\/td>\n<td valign=\"top\" width=\"2%\"><\/td>\n<\/tr>\n<tr>\n<td valign=\"top\" width=\"6%\">10.30<\/td>\n<td valign=\"top\" width=\"67%\"><b>Santa Messa con Vescovi, Clero, Religiosi e Religiose della Pennsylvania\u00a0<\/b>nella Cattedrale dei Santi Pietro e Paolo a Philadelphia<br \/>\n[Arabo, Francese, Inglese, Italiano, Polacco, Portoghese, Spagnolo, Tedesco]<\/td>\n<td valign=\"top\" width=\"2%\"><\/td>\n<\/tr>\n<tr>\n<td valign=\"top\" width=\"6%\">16.45<\/td>\n<td valign=\"top\" width=\"67%\"><b>Incontro per la Libert\u00e0 Religiosa con la comunit\u00e0 ispanica e altri immigrati\u00a0<\/b>nell\u2019Independence Mall a Philadelphia<br \/>\n[Arabo, Francese, Inglese, Italiano, Polacco, Portoghese, Spagnolo, Tedesco]<\/td>\n<td valign=\"top\" width=\"2%\"><\/td>\n<\/tr>\n<tr>\n<td valign=\"top\" width=\"6%\">19.30<\/td>\n<td valign=\"top\" width=\"67%\"><b>Festa delle Famiglie\u00a0<\/b>e veglia di preghiera al B. Franklin Parkway a Philadelphia<br \/>\n[Arabo, Francese, Inglese, Italiano, Polacco, Portoghese, Spagnolo, Tedesco]<\/td>\n<\/tr>\n<\/tbody>\n<\/table>\n<p style=\"text-align: left;\" align=\"center\"><b>Domenica, 27 settembre 2015<\/b><\/p>\n<table width=\"100%\" border=\"0\" cellspacing=\"5\" cellpadding=\"0\">\n<tbody>\n<tr>\n<td valign=\"top\" width=\"7%\">9.15<\/td>\n<td valign=\"top\" width=\"88%\"><b>Incontro con i Vescovi ospiti dell\u2019Incontro Mondiale delle Famiglie\u00a0<\/b>nel Seminario San Carlo Borromeo a Philadelphia<br \/>\n[Arabo, Francese, Inglese, Italiano, Polacco, Portoghese, Spagnolo, Tedesco]<\/td>\n<td valign=\"top\" width=\"2%\"><\/td>\n<\/tr>\n<tr>\n<td valign=\"top\" width=\"7%\">11.00<\/td>\n<td valign=\"top\" width=\"88%\"><b>Visita ai detenuti nell\u2019Istituto di Correzione Curran-Fromhold\u00a0<\/b>a Philadelphia<br \/>\n[Arabo, Francese, Inglese, Italiano, Polacco, Portoghese, Spagnolo, Tedesco]<\/td>\n<td valign=\"top\" width=\"2%\"><\/td>\n<\/tr>\n<tr>\n<td valign=\"top\" width=\"7%\">16.00<\/td>\n<td valign=\"top\" width=\"88%\"><b>Santa Messa conclusiva dell\u2019VIII Incontro Mondiale delle Famiglie\u00a0<\/b>nel B. Franklin Parkway a Philadelphia<br \/>\n[Arabo, Francese, Inglese, Italiano, Polacco, Portoghese, Spagnolo, Tedesco]<\/td>\n<td valign=\"top\" width=\"2%\"><\/td>\n<\/tr>\n<tr>\n<td valign=\"top\" width=\"7%\">19.00<\/td>\n<td valign=\"top\" width=\"88%\"><b>Saluto al Comitato organizzatore, ai volontari e ai benefattori\u00a0<\/b>nell\u2019Aeroporto Internazionale di Philadelphia<\/td>\n<td valign=\"top\" width=\"2%\"><\/td>\n<\/tr>\n<tr>\n<td valign=\"top\" width=\"7%\">19.45<\/td>\n<td valign=\"top\" width=\"88%\"><b>Cerimonia di Congedo<\/b><\/td>\n<td valign=\"top\" width=\"2%\"><\/td>\n<\/tr>\n<tr>\n<td valign=\"top\" width=\"7%\">20.00<\/td>\n<td valign=\"top\" width=\"88%\">Partenza in aereo da Philadelphia per Roma\/Ciampino<\/td>\n<td valign=\"top\" width=\"2%\"><\/td>\n<\/tr>\n<\/tbody>\n<\/table>\n<p style=\"text-align: left;\" align=\"center\"><b><i><br \/>\n<\/i>Luned\u00ec, 28 settembre 2015<\/b><\/p>\n<table width=\"100%\" border=\"0\" cellspacing=\"5\" cellpadding=\"0\">\n<tbody>\n<tr>\n<td valign=\"top\" width=\"6%\">10.00<\/td>\n<td valign=\"top\" width=\"67%\">Arrivo all\u2019aeroporto di Roma Ciampino<\/td>\n<\/tr>\n<\/tbody>\n<\/table>\n<h2 style=\"text-align: center;\"><\/h2>\n<h2 style=\"text-align: center;\">Videomessaggio di Papa Francesco alla vigilia della partenza<br \/>\ngioved\u00ec 17 settembre 2015<\/h2>\n<h3 style=\"text-align: center;\">&#8221; Ges\u00f9 vi ama moltissimo\u201d<\/h3>\n<p><i>Cari fratelli!<\/i><\/p>\n<p><b>Mancano pochi giorni al mio viaggio a Cuba.<\/b>\u00a0Per questo motivo, desidero inviarvi un saluto fraterno prima d\u2019incontrarci personalmente. Vi visiter\u00f2 per condividere la fede e la speranza, affinch\u00e9 ci rafforziamo reciprocamente nella sequela di Ges\u00f9. Mi fa molto bene e mi aiuta molto pensare alla vostra fedelt\u00e0 al Signore, allo spirito con cui affrontate le difficolt\u00e0 di ogni giorno, all\u2019amore con cui vi aiutate e sostenete nel cammino della vita. Grazie per questa testimonianza tanto coraggiosa.<\/p>\n<p>Da parte mia, vorrei trasmettervi un messaggio molto semplice, ma che ritengo importante e necessario.\u00a0<b>Ges\u00f9 vi ama moltissimo, Ges\u00f9 vi ama veramente. Vi porta sempre nel cuore;<\/b>\u00a0Egli sa meglio di chiunque altro di che cosa ognuno ha bisogno, ci\u00f2 a cui anela, qual \u00e8 il suo desiderio pi\u00f9 profondo, com\u2019\u00e8 il nostro cuore; e Lui non abbandona mai e quando non ci comportiamo come Lui si aspetta, resta sempre l\u00ec accanto, disposto ad accoglierci, a confortarci, a darci una nuova speranza, una nuova opportunit\u00e0, una nuova vita. Non va mai via, rimane sempre l\u00ec.<\/p>\n<p><b>So che vi state preparando a questa visita con la preghiera.<\/b>Vi ringrazio infinitamente per questo. Abbiamo bisogno di pregare. Abbiamo bisogno della preghiera. Questo contatto con Ges\u00f9 e con Maria. E mi d\u00e0 grande gioia che, seguendo il consiglio dei miei fratelli Vescovi di Cuba, stiate ripetendo molte volte al giorno quella preghiera che abbiamo imparato da bambini. Sacro Cuore di Ges\u00f9 rendi il mio cuore simile al tuo. \u00c8 bello avere un cuore come quello di Ges\u00f9 per sapere amare come Lui, perdonare, dare speranza, accompagnare.<\/p>\n<p><b>Desidero stare tra voi come missionario della misericordia, della tenerezza di Dio, ma permettetemi di incoraggiarvi a essere anche voi missionari di questo amore infinito di Dio.<\/b>\u00a0Che a nessuno manchi la testimonianza della nostra fede, del nostro amore. Che tutti sappiano che Dio perdona sempre, che Dio sta sempre accanto a noi, che Dio ci ama.<\/p>\n<p><b>Andr\u00f2 anche al Santuario della Vergine del Cobre come un pellegrino qualunque, come un figlio che desidera giungere alla casa della Madre<\/b>. A Lei affido questo viaggio e le affido anche tutti i cubani. E, per favore, vi chiedo di pregare per me. Che Ges\u00f9 vi benedica e la Vergine Maria si prenda cura di voi. Grazie.<\/p>\n<p>&nbsp;<\/p>\n<h2 style=\"text-align: center;\">\u00a0Articolo di Luigino Bruni apparso su Avvenire<\/h2>\n<p><b>Non a caso, in questi tragici e meravigliosi giorni di risveglio, inatteso e sorprendente, delle beatitudini in molta parte d\u2019Europa, i grandi assenti sono le grandi imprese e le banche, che, con l\u2019empatia senza compassione, continuano indifferenti e ignavi le loro produzioni e i loro riti, non aprono le porte delle loro &#8220;case&#8221;, non sanno togliersi le scarpe per reimparare a camminare a piedi nudi. Come l\u2019Adam, come i bambini, come i poveri.<\/b><\/p>\n<p><b>Purezza \u00e8 la parola meno capita e amata dalla nostra civilt\u00e0 dei consumi e della finanza<\/b>. Eppure senza purezza il mondo non lo capiamo, perch\u00e9 vediamo soltanto le sue dimensioni pi\u00f9 superficiali e ci sfugge la visione delle cose pi\u00f9 belle. Vedendo poco e male, perdiamo l\u2019enorme bellezza nascosta in ci\u00f2 che appare come impuro e repellente. Nel Vangelo la purezza \u00e8 strettamente legata al cuore e agli occhi: \u00abBeati i puri di\u00a0<i>cuore<\/i>, perch\u00e9\u00a0<i>vedranno<\/i>\u00a0Dio\u00bb. Il cuore nell\u2019umanesimo biblico esprime la natura profonda, spirituale e concreta della persona. Nella cultura ebraica e quindi in quella di Ges\u00f9 e degli evangelisti, Dio per\u00f2 non si vede. \u00c8 questa una delle verit\u00e0 pi\u00f9 profonde e radicali dell\u2019intera Bibbia, il centro della sua lotta contro ogni idolatria che adora d\u00e8i visibilissimi e\u00a0<i>quindi<\/i>\u00a0falsi. YHWH \u00e8 una voce, che possiamo ascoltare tramite la parola dei profeti, che possiamo sentire palpitare viva nell\u2019universo. La condizione che accomuna tutti gli umani e quella di ascoltatori non vedenti di Dio.\u00a0<i>Che cosa vede\u00a0<\/i>allora il puro se Dio non si vede? E\u00a0<i>che cosa \u00e8<\/i>\u00a0questa purezza nuova e diversa, la purezza del cuore?<\/p>\n<p><b>Per capirla, o almeno intuirne qualcosa, occorre ricordare che il mondo antico aveva una sua idea di puro e di impuro, che era alla base di tutto l\u2019ordine sociale e religioso.<\/b>\u00a0Esistevano luoghi puri e luoghi impuri, persone, animali, mestieri, momenti, attivit\u00e0, oggetti puri e impuri e la societ\u00e0 era costruita in modo da evitare le contaminazioni e proteggere la purezza dall\u2019impurit\u00e0. Tutta la gerarchia sacrale si spiegava in rapporto a questa sua funzione di separazione. Il messaggio cristiano oper\u00f2 un vero e proprio ribaltamento nella visione del puro e dell\u2019impuro (gi\u00e0 prefigurata da alcuni profeti e dal libro di Giobbe), proponendo una nuovissima idea di purezza che superava la categoria stessa di impurit\u00e0. Ecco perch\u00e9 la purezza del cuore non \u00e8 l\u2019innocenza meravigliosa dei bambini, n\u00e9 quella degli animali e della natura. Queste purezze naturali erano la sorgente della purit\u00e0 sacrale delle comunit\u00e0 antiche, che dopo averla persa cercavano di ricostituirla sacrificando agli d\u00e8i animali, vegetali, vergini, bambini. Ma la separazione del puro dall\u2019impuro, dei puri dagli impuri, era troppo radicata nel mondo perch\u00e9 questa rivoluzione del Vangelo potesse durare a lungo e generare una nuova civilt\u00e0. E cos\u00ec, anche nel cuore della cristianit\u00e0 abbiamo ricreato gli impuri e i lebbrosi, e abbiamo ricostruito mattone dopo mattone la stessa cultura dell\u2019immunit\u00e0 (incontaminazione) pre-cristiana, che sta vivendo la sua apoteosi proprio nel nostro tempo apparentemente non religioso e secolarizzato, di cui le multinazionali sono i principali apostoli.<\/p>\n<p><b>La purezza del cuore \u00e8 esattamente l\u2019opposto dell\u2019antica (e post-moderna) cultura del puro contrapposto all\u2019impuro.<\/b>\u00a0Francesco nel suo testamento ci dice che la sua conversione inizi\u00f2 veramente quando cominci\u00f2 a frequentare i lebbrosi di Assisi, abbattendo cos\u00ec la cortina di separazione della purezza dall\u2019impurit\u00e0. La purezza del cuore non scappa dai lebbrosi. Va loro incontro, li cerca, li ama, li abbraccia, li bacia. La prima caratteristica di questa purezza \u00e8 l\u2019eliminazione del termine\u00a0<i>impuro<\/i>\u00a0dalle parole cattive, e pensare che \u00e8 proprio ci\u00f2 che chiamiamo impurit\u00e0 la via dove passa la vita vera. Allora il primo dono di occhi nuovi che il puro riceve \u00e8 vedere un mondo diverso, da dove \u00e8 scomparsa l\u2019impurit\u00e0. Per questa ragione un chiaro segnale che non ci troviamo in presenza di occhi di purezza \u00e8 ritrovare la distinzione tra puri e impuri \u2013 per mettersi, ovviamente, dalla parte dei primi.<\/p>\n<p><b>Se \u00e8 cos\u00ec, si capisce che una caratteristica generale che ritroviamo nelle persone pure di cuore \u00e8 il non auto-definirsi pure.\u00a0<\/b>Crollata la barriera tra puro e impuro, la purezza diventa l\u2019ambiente, ed essendoci dentro i puri di cuore non la vedono pi\u00f9. Questa eliminazione della cortina tra puro e impuro avviene in vari modi. Quasi sempre \u00e8 un dono, qualche volta \u00e8 un atto di liberazione che giunge in un determinato momento della vita. Ma sempre \u00e8 un moto dell\u2019anima che non \u00e8 teso a conquistare la purezza, perch\u00e9 cercare direttamente la purezza \u00e8 la via maestra per perdere quella che avevamo gi\u00e0 e non lo sapevamo, e ritrovarci solo con la purit\u00e0 pagana. Anche per questa ragione, la purezza del cuore, come tutte le altre beatitudini, non pu\u00f2 essere chiamata\u00a0<i>virt\u00f9<\/i>, perch\u00e9 arriva senza cercarla. Quindi \u00e8 la pura libert\u00e0 e la felicit\u00e0 pi\u00f9 profonda. \u00c8 questa la prima purezza del puro: essere puro e non accorgersene, e quindi non potersi appropriare della sua purezza. \u00c8 la purezza della purezza. Il puro di cuore poi non \u00e8 riconosciuto come tale, perch\u00e9 questa purezza non si vede, e quando la vediamo \u00e8 quella antica e pre-cristiana. Il mondo \u00e8 popolato di puri di cuori, ma non siamo capaci di vederli, anche perch\u00e9 cerchiamo la purezza dove non c\u2019\u00e8.<\/p>\n<p><b>Il puro si dovrebbe riconoscere da quello che riesce a vedere attorno a s\u00e9. Vede Dio.\u00a0<\/b>Ma se Dio non si vede,\u00a0<i>che cosa vede\u00a0<\/i>il puro? Vede, sente, una presenza d\u2019infinito dentro di s\u00e9, che alcuni sentono e chiamano divina, e che molti altri vedono e sentono ugualmente ma non sanno chiamarla per nome. E la scorge anche nella natura, nel mondo, ovunque. Ma soprattutto la scorge negli altri, in tutti gli altri che incontra o che scopre nei libri, nella musica, nell\u2019arte, nella poesia. Vede ogni uomo e ogni donna come un tabernacolo che custodisce una presenza, anche quando ha perso la chiave e la porticina rimane sempre chiusa. E cos\u00ec \u00e8 attratto da ogni persona, \u00e8 un innamorato della vita e ancor pi\u00f9 della gente. L\u2019amore del puro \u00e8 tutto\u00a0<i>agape<\/i>, ma \u00e8 anche tutto\u00a0<i>eros<\/i>\u00a0e tutto\u00a0<i>philia<\/i>. Vede che il mondo \u00e8\u00a0<i>veramente<\/i>\u00a0popolato di bellezza, e che la bellezza pi\u00f9 grande \u00e8 quella delle persone. E con gli occhi riesce a dirci: &#8220;Fanciulla alzati!&#8221;. La purezza che ci guarda ha la capacit\u00e0 di resuscitare l\u2019immagine divina che appare morta anche a noi, ma che in realt\u00e0 stava solo dormendo mentre i parenti e gli amici piangevano per la sua morte. Ma il segnale inequivocabile che ci svela la presenza dei puri di cuore \u00e8 vederli abbracciare e baciare i poveri e i lebbrosi. Questa purezza porta grandi frutti quando la troviamo in chi si trova a essere responsabile di una comunit\u00e0 o di una impresa. La leadership di chi \u00e8 puro di cuore la si riconosce per quello che riesce a vedere negli altri. Uno dei doni pi\u00f9 grandi che pu\u00f2 farci la vita \u00e8 metterci accanto colleghi e dirigenti puri di cuore. Il giogo della fatica diventa leggerissimo, e il lavoro fratello.<\/p>\n<p><b>Ma c\u2019\u00e8 ancora qualcosa di pi\u00f9, e forse di ancora pi\u00f9 sublime.\u00a0<\/b>Se \u00e8 vero che il puro di cuore vede Dio e se \u00e8 vero che Dio sulla terra non si vede, allora il mondo \u00e8 pieno di persone pure che vedono Dio non vedendolo, che non sanno che ci\u00f2 che stanno vedendo \u00e8 Dio perch\u00e9 non lo riconoscono. Dio c\u2019\u00e8 dove non c\u2019\u00e8, dove neanche i puri di cuore riescono a vederlo. Questa \u00e8 una notizia buonissima, che deve riempirci di speranza in questo tempo che appare come notte buissima di Dio. L\u2019incontro con un puro di cuore \u00e8 spesso l\u2019incontro decisivo della vita. Grazie a quegli occhi che ci guardano diversamente riusciamo, fosse anche solo per un attimo, a connetterci con la parte pi\u00f9 profonda e vera di noi; e sentendoci guardati cos\u00ec, ci sboccia dentro il desiderio di diventare ci\u00f2 che eravamo gi\u00e0, ma non lo sapevamo ancora, o semplicemente di tornare a casa. In questi incroci di occhi rivive qualcosa di quel primo sguardo buono di donna che ci ha accolti venendo al mondo, e che continuiamo a cercare per tutta la vita. La presenza di questi occhi \u00e8 una forma di bene comune preziosissimo, che mantengono vivo lo sguardo di Elohim sulla terra, che continuano l\u2019azione di quegli occhi che nelle strade della Palestina cambiarono il mondo guardandolo in un altro modo: \u00abE guardatolo, lo am\u00f2\u00bb.<\/p>\n<p><b>La purezza, come tutte le realt\u00e0 della terra, si pu\u00f2 perdere.<\/b>\u00a0Anche il puro di cuore pu\u00f2 smarrire il suo sguardo. E l\u2019unico vero segnale che ci dice che abbiamo perso la purezza \u00e8 il non vedere pi\u00f9 negli altri, nel mondo e dentro di noi una presenza d\u2019infinito, e quindi smettere di essere innamorati di tutto e incantati per tutto. Ma, come tutte le realt\u00e0 spirituali, la purezza del cuore si pu\u00f2 ritrovare: puri si pu\u00f2 ritornare. Si pu\u00f2 ritornare perch\u00e9 troppo grande \u00e8 la nostalgia di quel Dio che avevamo visto-non-vedendolo dentro e intorno a noi. E il primo segno che sta tornando \u00e8 desiderarla di nuovo e, ancora di pi\u00f9, tornare a baciare poveri e lebbrosi. Una esistenza fiorita e beata \u00e8 un lungo cammino per ritrovare da vecchi la purezza dell\u2019infanzia trasformata in purezza del cuore. \u00abBeati i puri di cuore, vedranno Dio\u00bb.<\/p>\n","protected":false},"excerpt":{"rendered":"<p>Sabato 19 settembre\u00a0inizia il viaggio di Papa Francesco a Cuba e negli Stati Uniti d&#8217;America con visita alla sede<\/p>\n","protected":false},"author":1,"featured_media":4200,"comment_status":"closed","ping_status":"closed","sticky":false,"template":"","format":"standard","meta":{"jetpack_post_was_ever_published":false,"_jetpack_newsletter_access":"","_jetpack_dont_email_post_to_subs":false,"_jetpack_newsletter_tier_id":0,"_jetpack_memberships_contains_paywalled_content":false,"_jetpack_memberships_contains_paid_content":false,"footnotes":""},"categories":[4],"tags":[],"class_list":["post-4199","post","type-post","status-publish","format-standard","has-post-thumbnail","hentry","category-riflessioni"],"jetpack_featured_media_url":"https:\/\/www.santamariaapparente.com\/wp\/wp-content\/uploads\/papa_cuba_E.jpg","jetpack_sharing_enabled":true,"jetpack_shortlink":"https:\/\/wp.me\/p2XXfi-15J","_links":{"self":[{"href":"https:\/\/www.santamariaapparente.com\/wp\/wp-json\/wp\/v2\/posts\/4199","targetHints":{"allow":["GET"]}}],"collection":[{"href":"https:\/\/www.santamariaapparente.com\/wp\/wp-json\/wp\/v2\/posts"}],"about":[{"href":"https:\/\/www.santamariaapparente.com\/wp\/wp-json\/wp\/v2\/types\/post"}],"author":[{"embeddable":true,"href":"https:\/\/www.santamariaapparente.com\/wp\/wp-json\/wp\/v2\/users\/1"}],"replies":[{"embeddable":true,"href":"https:\/\/www.santamariaapparente.com\/wp\/wp-json\/wp\/v2\/comments?post=4199"}],"version-history":[{"count":3,"href":"https:\/\/www.santamariaapparente.com\/wp\/wp-json\/wp\/v2\/posts\/4199\/revisions"}],"predecessor-version":[{"id":4203,"href":"https:\/\/www.santamariaapparente.com\/wp\/wp-json\/wp\/v2\/posts\/4199\/revisions\/4203"}],"wp:featuredmedia":[{"embeddable":true,"href":"https:\/\/www.santamariaapparente.com\/wp\/wp-json\/wp\/v2\/media\/4200"}],"wp:attachment":[{"href":"https:\/\/www.santamariaapparente.com\/wp\/wp-json\/wp\/v2\/media?parent=4199"}],"wp:term":[{"taxonomy":"category","embeddable":true,"href":"https:\/\/www.santamariaapparente.com\/wp\/wp-json\/wp\/v2\/categories?post=4199"},{"taxonomy":"post_tag","embeddable":true,"href":"https:\/\/www.santamariaapparente.com\/wp\/wp-json\/wp\/v2\/tags?post=4199"}],"curies":[{"name":"wp","href":"https:\/\/api.w.org\/{rel}","templated":true}]}}