{"id":3954,"date":"2015-09-18T08:15:01","date_gmt":"2015-09-18T06:15:01","guid":{"rendered":"http:\/\/www.santamariaapparente.com\/wp\/?p=3954"},"modified":"2015-09-17T10:11:10","modified_gmt":"2015-09-17T08:11:10","slug":"peregrinatio-marie-per-il-mese-missionario","status":"publish","type":"post","link":"https:\/\/www.santamariaapparente.com\/wp\/peregrinatio-marie-per-il-mese-missionario\/","title":{"rendered":"Peregrinatio Marie per il mese missionario"},"content":{"rendered":"<p align=\"center\">Per il mese di ottobre<\/p>\n<p>Con gioved\u00ec 1\u00b0 ottobre inizia un mese tutto particolare. Infatti \u00e8 da generazioni dedicato al rosario (dal 1572, per volont\u00e0 di Papa Pio V<!--more-->, il 7 ottobre \u00e8 la memoria liturgica della beata Vergine Maria del Rosario) e, da quasi 90 anni, \u00e8 dedicato alla preghiera, alla raccolta economica e alla riflessione sulle missioni (<a href=\"http:\/\/www.missioitalia.it\/\">www.missioitalia.it<\/a>).<\/p>\n<p>L\u201989<sup>a<\/sup> Giornata missionaria mondiale sar\u00e0 Domenica 18 ottobre; si pregher\u00e0 e si raccoglieranno le offerte per le missioni. In quest\u2019anno, per desiderio di Papa Francesco, coincider\u00e0 con la canonizzazione dei Genitori di santa Teresa del Bambino Ges\u00f9.<\/p>\n<p>&nbsp;<\/p>\n<p>Ogni settimana di questo mese ha un tema su cui riflettere e pregare.<\/p>\n<p><i>Nella prima<\/i>,<i> <\/i>quello della <i>contemplazione<\/i> (27 settembre-3 ottobre);<\/p>\n<p><i>nella seconda<\/i>,<i> <\/i>quello della <i>vocazione<\/i> (4-10 ottobre);<\/p>\n<p><i>nella terza<\/i>,<i> <\/i>quello della <i>responsabilit\u00e0<\/i> (11-17 ottobre);<i><\/i><\/p>\n<p><i>nella quarta<\/i>,<i> <\/i>quello della <i>carit\u00e0<\/i> (18-24 ottobre)<\/p>\n<p>e <i>nella quinta<\/i>, quello del <i>ringraziamento<\/i> (25-31 ottobre).<\/p>\n<p style=\"text-align: center;\">\n<h2 style=\"text-align: center;\">\u00a0Peregrinatio Mariae nelle famiglie<\/h2>\n<p><b>Venerd\u00ec 2<\/b>, avremo la veglia di <i>preghiera al Santuario<\/i> per il Sinodo dei Vescovi sulla famiglia e alla fine si consegner\u00e0 un\u2019immagine di Maria a una famiglia cosicch\u00e9 le persone possano andarvi a pregare il rosario.<\/p>\n<p>La prima abitazione sar\u00e0 quella di <i>Stella Ripari ed Enrico Ribichini <\/i>(Contrada san Domenico, 64).<\/p>\n<p>Essi <b>venerd\u00ec 9<\/b> la consegneranno a <i>Donatella Mariotti e Stefano Moschettoni<\/i> (Via della Capparuccia, 12).<\/p>\n<p>Da <b>Venerd\u00ec 16<\/b> a <b>gioved\u00ec 22<\/b> sar\u00e0 da <i>Leonella Torresi e Stefano Schicchera<\/i> (Via Maroncelli, 5).<\/p>\n<p><b>Venerd\u00ec 23<\/b> sar\u00e0 nella abitazione di <i>Maria Lambertucci<\/i> (Via R. Sanzio, 2);<\/p>\n<p>da <b>sabato 24<\/b> da <i>Maria Angeloni<\/i> (chiesa della Madonna del buon Consiglio), che la riporter\u00e0 <b>sabato 31 ottobre<\/b> in chiesa.<\/p>\n<p>Il pellegrinaggio si concluder\u00e0 con la Messa della solennit\u00e0 dei Santi, alle ore 18.<\/p>\n<p>&nbsp;<\/p>\n<p>&nbsp;<\/p>\n<p>&nbsp;<\/p>\n<p align=\"right\">Rocchi don Emilio<b><\/b><\/p>\n","protected":false},"excerpt":{"rendered":"<p>Per il mese di ottobre Con gioved\u00ec 1\u00b0 ottobre inizia un mese tutto particolare. Infatti \u00e8 da generazioni dedicato al rosario (dal 1572, per volont\u00e0 di Papa Pio V<\/p>\n","protected":false},"author":1,"featured_media":3955,"comment_status":"closed","ping_status":"closed","sticky":false,"template":"","format":"standard","meta":{"jetpack_post_was_ever_published":false,"_jetpack_newsletter_access":"","_jetpack_dont_email_post_to_subs":false,"_jetpack_newsletter_tier_id":0,"_jetpack_memberships_contains_paywalled_content":false,"_jetpack_memberships_contains_paid_content":false,"footnotes":""},"categories":[5],"tags":[],"class_list":["post-3954","post","type-post","status-publish","format-standard","has-post-thumbnail","hentry","category-news"],"jetpack_featured_media_url":"https:\/\/www.santamariaapparente.com\/wp\/wp-content\/uploads\/peregrinatio-ottobre.jpg","jetpack_sharing_enabled":true,"jetpack_shortlink":"https:\/\/wp.me\/p2XXfi-11M","_links":{"self":[{"href":"https:\/\/www.santamariaapparente.com\/wp\/wp-json\/wp\/v2\/posts\/3954","targetHints":{"allow":["GET"]}}],"collection":[{"href":"https:\/\/www.santamariaapparente.com\/wp\/wp-json\/wp\/v2\/posts"}],"about":[{"href":"https:\/\/www.santamariaapparente.com\/wp\/wp-json\/wp\/v2\/types\/post"}],"author":[{"embeddable":true,"href":"https:\/\/www.santamariaapparente.com\/wp\/wp-json\/wp\/v2\/users\/1"}],"replies":[{"embeddable":true,"href":"https:\/\/www.santamariaapparente.com\/wp\/wp-json\/wp\/v2\/comments?post=3954"}],"version-history":[{"count":2,"href":"https:\/\/www.santamariaapparente.com\/wp\/wp-json\/wp\/v2\/posts\/3954\/revisions"}],"predecessor-version":[{"id":3961,"href":"https:\/\/www.santamariaapparente.com\/wp\/wp-json\/wp\/v2\/posts\/3954\/revisions\/3961"}],"wp:featuredmedia":[{"embeddable":true,"href":"https:\/\/www.santamariaapparente.com\/wp\/wp-json\/wp\/v2\/media\/3955"}],"wp:attachment":[{"href":"https:\/\/www.santamariaapparente.com\/wp\/wp-json\/wp\/v2\/media?parent=3954"}],"wp:term":[{"taxonomy":"category","embeddable":true,"href":"https:\/\/www.santamariaapparente.com\/wp\/wp-json\/wp\/v2\/categories?post=3954"},{"taxonomy":"post_tag","embeddable":true,"href":"https:\/\/www.santamariaapparente.com\/wp\/wp-json\/wp\/v2\/tags?post=3954"}],"curies":[{"name":"wp","href":"https:\/\/api.w.org\/{rel}","templated":true}]}}