{"id":3866,"date":"2015-07-29T16:35:15","date_gmt":"2015-07-29T14:35:15","guid":{"rendered":"http:\/\/www.santamariaapparente.com\/wp\/?p=3866"},"modified":"2015-07-29T16:35:15","modified_gmt":"2015-07-29T14:35:15","slug":"avvisi-del-mese-di-agosto","status":"publish","type":"post","link":"https:\/\/www.santamariaapparente.com\/wp\/avvisi-del-mese-di-agosto\/","title":{"rendered":"Avvisi del mese di Agosto"},"content":{"rendered":"<p align=\"center\">Parrocchia di Santa Maria Apparente<\/p>\n<p align=\"center\"><b style=\"line-height: 1.5em;\">Da avvisare Domenica 26 luglio <\/b><span style=\"line-height: 1.5em;\">(XVII del tempo ordinario)<\/span><\/p>\n<p style=\"text-align: left;\" align=\"center\">\u00a0<b>Sabato 1\u00b0 agosto<\/b> (dalle ore 12) e <b>2 <\/b>possiamo lucrare<!--more--> le indulgenze per il <i>perdono di Assisi <\/i>nei luoghi francescani, in particolare, secondo le indicazioni della Chiesa.<\/p>\n<p><b>Domenica 2<\/b> alle 11,15 avremo la celebrazione dei sacramenti del Battesimo e della Confermazione. <i>Quanti quest\u2019anno hanno celebrato la Prima Comunione<\/i>, per le ore 18, sono invitati a partecipare alla Messa al Santuario: una occasione per rivedersi e proseguire \u2013 senza dimenticare \u2013 quanto vissuto e celebrato nel maggio scorso.<\/p>\n<p>&nbsp;<\/p>\n<div>\n<p align=\"center\"><b>Da avvisare Domenica 2 agosto <\/b>(XVIII del tempo ordinario)<b>\u00a0<\/b><\/p>\n<p><b>Luned\u00ec 3<\/b>, alle 21.15, nella chiesa parrocchiale, l\u2019incontro della Parola di Vita, che in questo mense sar\u00e0: \u00abcamminate nella carit\u00e0\u00bb (<i>Ef<\/i> 5, 2).<\/p>\n<p>In piazza Giovanni XXIII, sempre in serata, il teatro per ragazzi promosso dall\u2019Amministrazione comunale.<\/p>\n<p><b>Venerd\u00ec 7<\/b>, <i>preghiera al Santuario<\/i> come ogni primo venerd\u00ec. Essendo nella Novena della solennit\u00e0 di Maria Assunta in cielo, in questo del mese si rifletter\u00e0 e si pregher\u00e0 per il Sinodo della famiglia che si terr\u00e0 in ottobre prossimo nella Citt\u00e0 del Vaticano.<\/p>\n<p><b>Domenica 9<\/b>, dalle 16, ci sar\u00e0 al Santuario il ritrovo dei <i>membri dell\u2019UNITALSI<\/i> e alle 18 la sanata Messa che verr\u00e0 presieduta da don Ubaldo Ripa, Assistente diocesano.<\/p>\n<\/div>\n<p align=\"right\">\n<p align=\"center\"><b>Da avvisare Domenica 9 agosto <\/b>(XIX del tempo ordinario)<b><\/b><\/p>\n<p>Don Emilio dal 10 al 16 sar\u00e0 a Cingoli a predicare il ritiro per giovani (manifesto appeso).<\/p>\n<p><b>Sabato 15<\/b> solennit\u00e0 dell\u2019Assunzione della beata Vergine Maria in cielo; le sante Messe saranno secondo l\u2019orario festivo, cos\u00ec come Domenica 16.<\/p>\n<p>Da Domenica 16 a marted\u00ec 18 agosto la <i>festa del patrono della Citt\u00e0, san Marone<\/i>.<\/p>\n<p><b>\u00a0<\/b><\/p>\n<div>\n<p align=\"center\"><b>Da avvisare sabato 15 agosto <\/b>(solennit\u00e0 dell\u2019Assunta) e <b>Domenica 16<\/b><\/p>\n<p><b>Mercoled\u00ec 19 e gioved\u00ec 20<\/b>, due giorni con i Cresimati in oratorio.<\/p>\n<p><b>Gioved\u00ec 20<\/b>, ci si trover\u00e0 nella chiesa parrocchiale <b>dalle ore 21.30<\/b> per un\u2019iniziativa a cinque anni dall\u2019incidente avvenuto a Nicholas S. Non vogliamo dimenticare quanto \u00e8 accaduto: ha segnato la vita di molti. Si potr\u00e0 pregare e condividere quanto vissuto.<\/p>\n<p><b>Sabato 22<\/b>, memoria della beata Vergine Maria Regina.<\/p>\n<p>Don Emilio sar\u00e0 assente dal 25 al 28 agosto per riflettere e pregare all\u2019inizio del nuovo anno.<\/p>\n<p><b>Domenica 30<\/b>, alle 11,15 celebrazione del Matrimonio di Marco e Antonia.<\/p>\n<\/div>\n<p align=\"right\">\n<p>&nbsp;<\/p>\n<p style=\"text-align: left;\">Luned\u00ec 27 luglio 2015<\/p>\n<p style=\"text-align: right;\">\u00a0Rocchi don Emilio<\/p>\n","protected":false},"excerpt":{"rendered":"<p>Parrocchia di Santa Maria Apparente Da avvisare Domenica 26 luglio (XVII del tempo ordinario) \u00a0Sabato 1\u00b0 agosto (dalle ore 12) e 2 possiamo lucrare<\/p>\n","protected":false},"author":1,"featured_media":3867,"comment_status":"closed","ping_status":"closed","sticky":false,"template":"","format":"standard","meta":{"jetpack_post_was_ever_published":false,"_jetpack_newsletter_access":"","_jetpack_dont_email_post_to_subs":false,"_jetpack_newsletter_tier_id":0,"_jetpack_memberships_contains_paywalled_content":false,"_jetpack_memberships_contains_paid_content":false,"footnotes":""},"categories":[5],"tags":[],"class_list":["post-3866","post","type-post","status-publish","format-standard","has-post-thumbnail","hentry","category-news"],"jetpack_featured_media_url":"https:\/\/www.santamariaapparente.com\/wp\/wp-content\/uploads\/avvisi_agosto.jpg","jetpack_sharing_enabled":true,"jetpack_shortlink":"https:\/\/wp.me\/p2XXfi-10m","_links":{"self":[{"href":"https:\/\/www.santamariaapparente.com\/wp\/wp-json\/wp\/v2\/posts\/3866","targetHints":{"allow":["GET"]}}],"collection":[{"href":"https:\/\/www.santamariaapparente.com\/wp\/wp-json\/wp\/v2\/posts"}],"about":[{"href":"https:\/\/www.santamariaapparente.com\/wp\/wp-json\/wp\/v2\/types\/post"}],"author":[{"embeddable":true,"href":"https:\/\/www.santamariaapparente.com\/wp\/wp-json\/wp\/v2\/users\/1"}],"replies":[{"embeddable":true,"href":"https:\/\/www.santamariaapparente.com\/wp\/wp-json\/wp\/v2\/comments?post=3866"}],"version-history":[{"count":2,"href":"https:\/\/www.santamariaapparente.com\/wp\/wp-json\/wp\/v2\/posts\/3866\/revisions"}],"predecessor-version":[{"id":3869,"href":"https:\/\/www.santamariaapparente.com\/wp\/wp-json\/wp\/v2\/posts\/3866\/revisions\/3869"}],"wp:featuredmedia":[{"embeddable":true,"href":"https:\/\/www.santamariaapparente.com\/wp\/wp-json\/wp\/v2\/media\/3867"}],"wp:attachment":[{"href":"https:\/\/www.santamariaapparente.com\/wp\/wp-json\/wp\/v2\/media?parent=3866"}],"wp:term":[{"taxonomy":"category","embeddable":true,"href":"https:\/\/www.santamariaapparente.com\/wp\/wp-json\/wp\/v2\/categories?post=3866"},{"taxonomy":"post_tag","embeddable":true,"href":"https:\/\/www.santamariaapparente.com\/wp\/wp-json\/wp\/v2\/tags?post=3866"}],"curies":[{"name":"wp","href":"https:\/\/api.w.org\/{rel}","templated":true}]}}