{"id":3618,"date":"2015-05-05T08:35:34","date_gmt":"2015-05-05T06:35:34","guid":{"rendered":"http:\/\/www.santamariaapparente.com\/wp\/?p=3618"},"modified":"2015-05-15T22:36:28","modified_gmt":"2015-05-15T20:36:28","slug":"festa-della-madonna-del-buon-consiglio","status":"publish","type":"post","link":"https:\/\/www.santamariaapparente.com\/wp\/festa-della-madonna-del-buon-consiglio\/","title":{"rendered":"Festa della Madonna del Buon Consiglio"},"content":{"rendered":"<p>Il 10 maggio, in Parrocchia, avremo la festa della Madonna del Buon\u00a0Consiglio e di san Vincenzo Ferrer. Messa alle ore 17.00<!--more--> e processione con\u00a0benedizione delle campagne.<\/p>\n<h2 style=\"text-align: center;\">San Vincenzo Ferrer<\/h2>\n<p>\u00abDa trent&#8217;anni il mastro Vincenzo va da una citt\u00e0 all&#8217;altra, da un paese all&#8217;altro attraverso tutta l&#8217;Europa, montato su un semplice somarello, in inverno come in estate, il bell&#8217;abito dei domenicani lungo fino a terra a coprire i suoi piedi nudi. Come Ges\u00f9 \u00e8 seguito da una folla immensa di poveri, di donne, di bambini, di chierici, di contadini, di teologi, di duchi e di duchesse, tutti mescolati\u00bb (&#8220;Le meraviglie di Dio&#8221;, Mondadori 2000). Nato a Valencia intorno al 1350, Vincenzo si trov\u00f2 a vivere al tempo del grande scisma d&#8217;Occidente, quando i papi erano 2 e poi addirittura 3. E, suo malgrado, egli si trova al centro della divisione che minaccia il vertice della Chiesa. Ancora giovane domenicano, era stato notato da Pietro de Luna, legato del papa avignonese. Seguendo da vicino il cardinale, si rese per\u00f2 conto che la Chiesa aveva pi\u00f9 che mai bisogno del ripristino dell&#8217;unit\u00e0 e della riforma morale. Incominci\u00f2 allora la sua attivit\u00e0 di predicazione. Nel 1394 il suo protettore, il cardinale de Luna, divenuto papa con il nome di Benedetto XIII, lo nomina suo confessore, cappellano domestico, penitenziere apostolico. Egli intensifica la sua attivit\u00e0 ma nel 1398 si ammala e ha una visione nella quale gli appare il Salvatore accompagnato da san Domenico e san Francesco. Il Signore tocca la guancia del malato e gli ordina di mettersi in viaggio e conquistare molte anime. Vincenzo lascia allora Avignone ed intraprende vere e proprie campagne di predicazione in Spagna, Svizzera e Francia, in cui parla dell&#8217;Anticristo e del giudizio finale. <span style=\"color: #000000;\">Contribuisce cos\u00ec in modo decisivo alla fine dello scisma e al miglioramento dei costumi. Mor\u00ec a Vannes nel 1419.<\/span><\/p>\n<p><span style=\"color: #000000;\">San Vincenzo Ferrer, sacerdote dell\u2019Ordine dei Predicatori, che, spagnolo di nascita, fu instancabile viaggiatore tra le citt\u00e0 e le strade dell\u2019Occidente, sollecito per la pace e l\u2019unit\u00e0 della Chiesa; a innumerevoli popoli predic\u00f2 il Vangelo della penitenza e l\u2019avvento del Signore, finch\u00e9 a Vannes in Bretagna, in Francia rese lo spirito a Dio.\u00a0Due mesi dopo il suo ritorno definitivo da Avignone a Roma, papa Gregorio XI muore nel marzo 1378. E nell\u2019Urbe tumultuante (&#8220;Vogliamo un papa romano, o almeno italiano&#8221;), i cardinali, in maggioranza francesi, eleggono il napoletano Bartolomeo Prignano (Urbano VI). Ma questi si scontra subito con i suoi elettori, e la crisi porta a un controconclave in settembre, nel quale gli stessi cardinali fanno Papa un altro: Roberto di Ginevra (Clemente VII) che torner\u00e0 ad Avignone. Cos\u00ec comincia lo scisma d\u2019Occidente, che durer\u00e0 39 anni. La Chiesa \u00e8 spaccata, i regni d\u2019Europa stanno chi con Urbano e chi con Clemente. Sono divisi anche i futuri santi: Caterina da Siena (che ha scritto ai cardinali: &#8220;Oh, come siete matti!&#8221;) \u00e8 col Papa di Roma. E l\u2019aragonese Vincenzo Ferrer (chiamato anche Ferreri in Italia) sta con quello di Avignone, al quale ha aderito il suo re.<br \/>\nVincenzo \u00e8 un dotto frate domenicano, insegnante di teologia e filosofia a L\u00e9rida e a Valencia, autore poi di un trattato di vita spirituale ammiratissimo nel suo Ordine. Nei primi anni dello scisma lo vediamo collaboratore del cardinale aragonese Pedro de Luna, che \u00e8 il braccio destro del Papa di Avignone, e che addirittura nel 1394 gli succede, diventando Benedetto XIII, vero Papa per gli uni, antipapa per gli altri. E si prende anche come confessore Vincenzo Ferrer, che diventa uno dei pi\u00f9 autorevoli personaggi del mondo avignonese. Autorevole, ma sempre pi\u00f9 inquieto, per la divisione della Chiesa. A un certo punto ci si trova con tre Papi, ai quali il Concilio riunito a Costanza, in Germania, dal novembre 1414, chiede di dimettersi tutti insieme, aprendo la via all\u2019elezione del Papa unico. Ma uno dei tre resta irremovibile: Benedetto XIII, appunto. Allora, dopo tante esortazioni e preghiere inascoltate, viene per Vincenzo la prova pi\u00f9 dura: annunciare a quell\u2019uomo irriducibile, che pure gli \u00e8 amico: &#8220;Il regno d\u2019Aragona non ti riconosce pi\u00f9 come Papa&#8221;. Doloroso momento per lui, passo importante per la riunificazione, che avverr\u00e0 nel 1417.<br \/>\nE\u2019 uno dei restauratori dell\u2019unit\u00e0, ma non solo dai vertici. Anzi, Spagna, Savoia, Delfinato, Bretagna, Piemonte lo ricorderanno a lungo come vigoroso predicatore in chiese e piazze. Mentre le gerarchie si combattevano, lui manteneva l\u2019unit\u00e0 tra i fedeli. Vent\u2019anni di predicazione, milioni di ascoltatori raggiunti dalla sua parola viva, che mescolava il sermone alla battuta, l\u2019invettiva contro la rapacit\u00e0 laica ed ecclesiastica e l\u2019aneddoto divertente, la descrizione di usanze singolari conosciute nel suo viaggiare&#8230; E non mancavano, nelle prediche sul Giudizio Universale, i tremendi annunci di castighi, con momenti di fortissima tensione emotiva. And\u00f2 camminando e predicando cos\u00ec per una ventina d\u2019anni, e la morte non poteva che coglierlo in viaggio: a Vannes, in Bretagna. Fu proclamato santo nel 1458 da papa Callisto III, suo compatriota.<br \/>\nLa sua data di culto \u00e8 il 5 aprile, mentre l&#8217;Ordine Domenicano lo ricorda il 5 maggio. <em>(da Santi e Beati &#8211; \u00a0fonte Famiglia Cristiana)<\/em><\/span><\/p>\n","protected":false},"excerpt":{"rendered":"<p>Il 10 maggio, in Parrocchia, avremo la festa della Madonna del Buon\u00a0Consiglio e di san Vincenzo Ferrer. Messa alle ore 17.00<\/p>\n","protected":false},"author":1,"featured_media":3619,"comment_status":"closed","ping_status":"closed","sticky":false,"template":"","format":"standard","meta":{"jetpack_post_was_ever_published":false,"_jetpack_newsletter_access":"","_jetpack_dont_email_post_to_subs":false,"_jetpack_newsletter_tier_id":0,"_jetpack_memberships_contains_paywalled_content":false,"_jetpack_memberships_contains_paid_content":false,"footnotes":""},"categories":[5],"tags":[],"class_list":["post-3618","post","type-post","status-publish","format-standard","has-post-thumbnail","hentry","category-news"],"jetpack_featured_media_url":"https:\/\/www.santamariaapparente.com\/wp\/wp-content\/uploads\/beata-vergine-del-buon-consiglio_E.jpg","jetpack_sharing_enabled":true,"jetpack_shortlink":"https:\/\/wp.me\/p2XXfi-Wm","_links":{"self":[{"href":"https:\/\/www.santamariaapparente.com\/wp\/wp-json\/wp\/v2\/posts\/3618","targetHints":{"allow":["GET"]}}],"collection":[{"href":"https:\/\/www.santamariaapparente.com\/wp\/wp-json\/wp\/v2\/posts"}],"about":[{"href":"https:\/\/www.santamariaapparente.com\/wp\/wp-json\/wp\/v2\/types\/post"}],"author":[{"embeddable":true,"href":"https:\/\/www.santamariaapparente.com\/wp\/wp-json\/wp\/v2\/users\/1"}],"replies":[{"embeddable":true,"href":"https:\/\/www.santamariaapparente.com\/wp\/wp-json\/wp\/v2\/comments?post=3618"}],"version-history":[{"count":2,"href":"https:\/\/www.santamariaapparente.com\/wp\/wp-json\/wp\/v2\/posts\/3618\/revisions"}],"predecessor-version":[{"id":3677,"href":"https:\/\/www.santamariaapparente.com\/wp\/wp-json\/wp\/v2\/posts\/3618\/revisions\/3677"}],"wp:featuredmedia":[{"embeddable":true,"href":"https:\/\/www.santamariaapparente.com\/wp\/wp-json\/wp\/v2\/media\/3619"}],"wp:attachment":[{"href":"https:\/\/www.santamariaapparente.com\/wp\/wp-json\/wp\/v2\/media?parent=3618"}],"wp:term":[{"taxonomy":"category","embeddable":true,"href":"https:\/\/www.santamariaapparente.com\/wp\/wp-json\/wp\/v2\/categories?post=3618"},{"taxonomy":"post_tag","embeddable":true,"href":"https:\/\/www.santamariaapparente.com\/wp\/wp-json\/wp\/v2\/tags?post=3618"}],"curies":[{"name":"wp","href":"https:\/\/api.w.org\/{rel}","templated":true}]}}