{"id":3490,"date":"2015-04-02T12:13:24","date_gmt":"2015-04-02T10:13:24","guid":{"rendered":"http:\/\/www.santamariaapparente.com\/wp\/?p=3490"},"modified":"2015-04-02T12:14:18","modified_gmt":"2015-04-02T10:14:18","slug":"avvisi-di-aprile","status":"publish","type":"post","link":"https:\/\/www.santamariaapparente.com\/wp\/avvisi-di-aprile\/","title":{"rendered":"Avvisi di Aprile"},"content":{"rendered":"<p align=\"center\">Parrocchia di Santa Maria Apparente<\/p>\n<p align=\"center\">\n<p align=\"center\"><b style=\"line-height: 1.5em;\">Domenica 5 aprile <\/b><span style=\"line-height: 1.5em;\">(solennit\u00e0 di Pasqua)<\/span><\/p>\n<p><b style=\"line-height: 1.5em;\">Domenica 5 aprile<\/b><span style=\"line-height: 1.5em;\"> e <\/span><b style=\"line-height: 1.5em;\">Luned\u00ec dell\u2019Angelo<\/b><span style=\"line-height: 1.5em;\"> (6 aprile), celebreremo <!--more-->le Messe secondo l\u2019orario festivo (con l\u2019orario legale [dal 29 marzo al 25 ottobre] la Messa vespertina della Domenica al Santuario non \u00e8 pi\u00f9 alle ore 17, ma alle 18).<\/span><\/p>\n<p><b>Luned\u00ec 6<\/b>, alle ore 21,15, in chiesa, avremo l\u2019incontro della Parola di Vita. In questo mese la frase di riferimento \u00e8 tratta dalla Prima Lettera di san Paolo ai Corinzi: \u00abMi sono fatto tutto a tutti\u00bb (<i>1Cor<\/i> 9, 22).<\/p>\n<p><b>Venerd\u00ec 10<\/b>, al Santuario, alle 21.15, si pregher\u00e0 con la <i>Via Lucis<\/i>.<\/p>\n<p><b>Domenica 12,<\/b> Domenica della Divina Misericordia, con i Cresimandi avremo una giornata di ritiro nel nostro oratorio. Nel pomeriggio, sono invitati anche i Padrini e le Madrine.<\/p>\n<p><b>\u00a0<\/b><\/p>\n<div>\n<p align=\"center\"><b>Domenica 12 <\/b>(II di Pasqua)<b>\u00a0<\/b><\/p>\n<p><b>Domenica 19<\/b>, alle ore 10,30 cominceremo la celebrazione del sacramento della Confermazione. Non avremo quindi la Messa delle ore 11,15.<\/p>\n<p><b>Domenica 26<\/b>, anticiperemo la Messa delle 11,15, alle <b>10,45 <\/b>per la celebrazione di un Matrimonio.<\/p>\n<p>&nbsp;<\/p>\n<\/div>\n<p>&nbsp;<\/p>\n<p align=\"center\"><b>Domenica 19 <\/b>(III di Pasqua).<\/p>\n<p><b>\u00a0<\/b><\/p>\n<p><b>Sabato 25<\/b> festa religiosa di san Marco e 70\u00b0 anniversario della liberazione.<\/p>\n<p><b>Domenica 26<\/b>, 52<sup>a<\/sup> Giornata Mondiale di preghiera per le vocazioni con il tema: \u201cVocazioni e santit\u00e0: toccati dalla Bellezza\u201d (Papa Francesco, <i>Evangelii gaudium<\/i>, 167, 264).<\/p>\n<p>&nbsp;<\/p>\n<p>&nbsp;<\/p>\n<div>\n<p align=\"center\"><b>Domenica 26 aprile <\/b>(IV di Pasqua)<\/p>\n<p>Con l\u2019inizio del mese di maggio \u00e8 importante incoraggiare la recita del santo Rosario nelle famiglie del nostro quartiere. Per non pochi, \u00e8 una pratica da riprendere; per altri, \u00e8 una abitudine da continuare a coltivare o, forse, da rimotivare e migliorare.<\/p>\n<p>Siccome sono molteplici le grazie che il Signore ha voluto legare a questa preghiera bella e semplice, mi auguro che tante famiglie le possano gustare.<\/p>\n<p><b>Marted\u00ec 28<\/b> e <b>gioved\u00ec 30<\/b> aprile non ci sar\u00e0 la catechesi, per favorire la partecipazione delle famiglie alla celebrazione della Messa vespertina di <b>sabato<\/b> <b>2<\/b> o di <b>Domenica 3 maggio<\/b>.<\/p>\n<p>Dalle ore 16 alle 17.30 di <b>Domenica 3 maggio<\/b>, con gli incaricati della pastorale familiare si \u00e8 pensato di proporre un incontro per riflettere sulla vocazione degli Sposi e dei Genitori. Si terr\u00e0 al <i>Santuario<\/i> e chi lo desidera, alla fine, potr\u00e0 partecipare alla santa Messa delle ore 18.<\/p>\n<p><b>Domenica 10 maggio<\/b> nella chiesa della Madonna del Buon Consiglio avremo la possibilit\u00e0 di festeggiare san Vincenzo Ferrer. Faremo anche la benedizione delle campagne.<\/p>\n<\/div>\n<p>&nbsp;<\/p>\n<p align=\"right\">Rocchi don Emilio<\/p>\n<p>Gioved\u00ec santo, 2 aprile 2015, decimo anniversario della \u201cpartenza\u201d di san Giovani Paolo II<\/p>\n","protected":false},"excerpt":{"rendered":"<p>Parrocchia di Santa Maria Apparente Domenica 5 aprile (solennit\u00e0 di Pasqua) Domenica 5 aprile e Luned\u00ec dell\u2019Angelo (6 aprile), celebreremo<\/p>\n","protected":false},"author":1,"featured_media":3491,"comment_status":"closed","ping_status":"closed","sticky":false,"template":"","format":"standard","meta":{"jetpack_post_was_ever_published":false,"_jetpack_newsletter_access":"","_jetpack_dont_email_post_to_subs":false,"_jetpack_newsletter_tier_id":0,"_jetpack_memberships_contains_paywalled_content":false,"_jetpack_memberships_contains_paid_content":false,"footnotes":""},"categories":[5],"tags":[],"class_list":["post-3490","post","type-post","status-publish","format-standard","has-post-thumbnail","hentry","category-news"],"jetpack_featured_media_url":"https:\/\/www.santamariaapparente.com\/wp\/wp-content\/uploads\/avvisi_aprile-copia.jpg","jetpack_sharing_enabled":true,"jetpack_shortlink":"https:\/\/wp.me\/p2XXfi-Ui","_links":{"self":[{"href":"https:\/\/www.santamariaapparente.com\/wp\/wp-json\/wp\/v2\/posts\/3490","targetHints":{"allow":["GET"]}}],"collection":[{"href":"https:\/\/www.santamariaapparente.com\/wp\/wp-json\/wp\/v2\/posts"}],"about":[{"href":"https:\/\/www.santamariaapparente.com\/wp\/wp-json\/wp\/v2\/types\/post"}],"author":[{"embeddable":true,"href":"https:\/\/www.santamariaapparente.com\/wp\/wp-json\/wp\/v2\/users\/1"}],"replies":[{"embeddable":true,"href":"https:\/\/www.santamariaapparente.com\/wp\/wp-json\/wp\/v2\/comments?post=3490"}],"version-history":[{"count":2,"href":"https:\/\/www.santamariaapparente.com\/wp\/wp-json\/wp\/v2\/posts\/3490\/revisions"}],"predecessor-version":[{"id":3493,"href":"https:\/\/www.santamariaapparente.com\/wp\/wp-json\/wp\/v2\/posts\/3490\/revisions\/3493"}],"wp:featuredmedia":[{"embeddable":true,"href":"https:\/\/www.santamariaapparente.com\/wp\/wp-json\/wp\/v2\/media\/3491"}],"wp:attachment":[{"href":"https:\/\/www.santamariaapparente.com\/wp\/wp-json\/wp\/v2\/media?parent=3490"}],"wp:term":[{"taxonomy":"category","embeddable":true,"href":"https:\/\/www.santamariaapparente.com\/wp\/wp-json\/wp\/v2\/categories?post=3490"},{"taxonomy":"post_tag","embeddable":true,"href":"https:\/\/www.santamariaapparente.com\/wp\/wp-json\/wp\/v2\/tags?post=3490"}],"curies":[{"name":"wp","href":"https:\/\/api.w.org\/{rel}","templated":true}]}}