{"id":1843,"date":"2014-01-12T14:59:35","date_gmt":"2014-01-12T13:59:35","guid":{"rendered":"http:\/\/www.santamariaapparente.com\/wp\/?p=1843"},"modified":"2014-01-12T14:59:35","modified_gmt":"2014-01-12T13:59:35","slug":"battesimo-del-signore","status":"publish","type":"post","link":"https:\/\/www.santamariaapparente.com\/wp\/battesimo-del-signore\/","title":{"rendered":"Battesimo del Signore"},"content":{"rendered":"<p>DOMENICA 12 Gennaio\u00a0<!--more--><\/p>\n<h2 style=\"text-align: justify;\">UNA VOCE DAL CIELO: \u00abQUESTI \u00c8 IL FIGLIO MIO, L\u2019AMATO\u00bb<\/h2>\n<p style=\"text-align: justify;\">COME abili registi, gli evangelisti aprono la vita pubblica di Ges\u00f9 con una scena suggestiva e carica di significato: il suo Battesimo al fiume Giordano! (Vangelo). Dopo trent\u2019anni di vita nascosta, Ges\u00f9 prende un\u2019iniziativa inattesa: giunge al fiume, insieme alle folle desiderose di perdono, e riceve anch\u2019egli il Battesimo amministrato da Giovanni. Tuttavia, per Ges\u00f9, che \u00e8 senza peccato, il gesto del Precursore diventa la condizione che gli permette di approssimarsi ai peccatori, di condividere la loro sorte, di orientarli nuovamente verso Dio. Ges\u00f9 si immerge nelle acque del Giordano per \u00abadempiere ogni giustizia\u00bb. E il cielo d\u00e0 prova che l\u2019azione di Ges\u00f9 non \u00e8 inopportuna, anzi si ode una voce che afferma: \u00abTu sei mio Figlio\u00bb (Mt 3,17). In quel momento egli si trova con solennit\u00e0 collocato nella sua missione di servo, con la prospettiva del suo sacrificio a favore dell\u2019umanit\u00e0, perch\u00e9 sia redenta dal peccato e dalla morte. Oggi la liturgia celebra il primo passo pubblico di Ges\u00f9 per poi mostrarne parole e azioni nelle domeniche successive, fino alla celebrazione della Pasqua. <em>(da La Domenica)<\/em><\/p>\n<p style=\"text-align: justify;\">\n<h2 style=\"text-align: justify;\">COMMENTO<\/h2>\n<p style=\"text-align: justify;\">La narrazione del battesimo di Ges\u00f9 descrittaci dall\u2019odierna pagina del Vangelo di Matteo presenta un elemento nuovo rispetto a quella offertaci da Marco e Luca; egli infatti inserisce nella narrazione il dialogo tra Giovanni Battista e Ges\u00f9. In concreto, a Matteo interessa rispondere all\u2019interrogativo: perch\u00e9 Ges\u00f9 si fa battezzare da Giovanni Battista? Forse si riconosce bisognoso di conversione? La risposta a tale interrogativo si delinea nel suddetto dialogo; in esso si d\u00e0 la motivazione per cui Ges\u00f9 si sottopone al battessimo di Giovanni; in esso sono messi in rilievo due atteggiamenti: quello di Giovanni e quello di Ges\u00f9; atteggiamenti che indicano i rispettivi ruoli. Giovanni, con il suo rifiuto di fronte alla richiesta di Ges\u00f9, \u00a0mette in risalto l\u2019opposizione tra il suo battesimo e quello di Ges\u00f9. Il suo \u00e8 un battesimo di penitenza, di conversione. Da parte sua Ges\u00f9 presenta il suo farsi battezzare come compimento di \u201cogni giustizia\u201d. Il termine \u201cgiustizia\u201d \u00e8 un concetto biblico ed \u00e8 caratteristico del Vangelo di Matteo. Esprime la fedelt\u00e0 piena alla volont\u00e0 salvifica di Dio in conformit\u00e0 alle promesse da Lui fatte. Ges\u00f9 compie \u201cogni giustizia\u201d proprio perch\u00e9 attua con totale obbedienza la volont\u00e0 salvifica di Dio Padre. In essa rientra l\u2019assoggettarsi al battesimo di penitenza di Giovanni. A tale progetto salvifico Ges\u00f9 non pu\u00f2 sottrarsi, come non potr\u00e0 sottrarsi alla passione e alla morte in croce. Mescolandosi con i peccatori che vanno dal Battista, facendosi solidale con loro, Egli compie una scelta che va fino al Golgota. Infatti attuer\u00e0 nella pienezza \u201cogni giustizia\u201d, cio\u00e8 la volont\u00e0 del Padre, con la sua morte e risurrezione. Proprio cosi, Egli porta agli uomini la salvezza.<\/p>\n<p style=\"text-align: justify;\">Ma proprio al momento del gesto di umiliazione e di solidariet\u00e0 con gli uomini peccatori Ges\u00f9 viene esaltato dal Padre, il quale gli manda lo Spirito e lo proclama Figlio prediletto, lo riconosce come Messia.\u00a0<span style=\"color: #000000; font-family: Garamond; font-size: medium;\">La visione con l\u2019apertura dei cieli evoca il passo del profeta Isaia ( Is 63,19), nel quale viene rivolta la supplica a Dio perch\u00e9 voglia rompere il suo silenzio e scendere dal cielo per portare salvezza: &#8220;Se tu squarciassi i cieli e scendessi&#8221;. Evoca le investiture profetiche con la manifestazione di Dio (cf. Ez 1,1;2,2). Ormai la separazione che esisteva tra Dio e gli uomini \u00e8 cessata. In Cristo si ricompongono cielo e terra.<\/span><\/p>\n<p>&nbsp;<\/p>\n<h2 style=\"text-align: justify;\">RIFLESSIONE<\/h2>\n<p style=\"text-align: justify;\">Il\u00a0Battesimo di Ges\u00f9 costituisce la sua investitura ufficiale come Messia, abilitato dallo Spirito ad attuare la sua missione di salvatore degli uomini in conformit\u00e0 al progetto salvifico del Padre, vale a dire a \u201ccompiere ogni giustizia\u201d.<\/p>\n<p style=\"text-align: justify;\">Il battesimo di Ges\u00f9 \u00e8 riportato da tutti e quattro i Vangeli. La sua importanza per la vita della Chiesa ci \u00e8 confermata dagli Atti degli Apostoli. Vogliamo qui richiamare quanto Pietro attesta nella casa del centurione prima di introdurlo nella Chiesa: \u201cVoi conoscete ci\u00f2 che \u00e8 accaduto in tutta la Giudea, incominciando dalla Galilea, dopo il battesimo predicato da Giovanni, cio\u00e8 come Dio consacr\u00f2 in Spirito Santo e potenza Ges\u00f9 di Nazareth, il quale pass\u00f2 beneficando e risanando tutti coloro che stavano sotto il potere del diavolo, perch\u00e9 Dio io era con lui\u201d ( At 10,37-38). Nel battesimo Ges\u00f9 \u00e8 consacrato a servizio degli uomini, i quali stanno sotto il potere del diavolo; servizio di amore che salva l\u2019uomo dal peccato.<br \/>\nLa celebrazione liturgica odierna del battesimo di Ges\u00f9 \u00e8 un richiamo al nostro battesimo. Siamo invitati a riscoprire la grandezza, la bellezza della nostra vocazione battesimale. Dobbiamo prendere coscienza che il nostro battesimo non \u00e8 un evento storico concluso nel tempo. La trasformazione che esso ha prodotto in noi deve essere vissuta ogni giorno.<br \/>\nMorti al peccato dobbiamo vivere per Dio in Cristo (Rm 6,11). <em>(da\u00a0Confraternita di San Giovanni Battista de&#8217; Genovesi)<\/em><\/p>\n","protected":false},"excerpt":{"rendered":"<p>DOMENICA 12 Gennaio\u00a0<\/p>\n","protected":false},"author":1,"featured_media":1844,"comment_status":"closed","ping_status":"open","sticky":false,"template":"","format":"standard","meta":{"jetpack_post_was_ever_published":false,"_jetpack_newsletter_access":"","_jetpack_dont_email_post_to_subs":false,"_jetpack_newsletter_tier_id":0,"_jetpack_memberships_contains_paywalled_content":false,"_jetpack_memberships_contains_paid_content":false,"footnotes":""},"categories":[4],"tags":[],"class_list":["post-1843","post","type-post","status-publish","format-standard","has-post-thumbnail","hentry","category-riflessioni"],"jetpack_featured_media_url":"https:\/\/www.santamariaapparente.com\/wp\/wp-content\/uploads\/Battesimo_di_Ges\u00f9_A.jpg","jetpack_sharing_enabled":true,"jetpack_shortlink":"https:\/\/wp.me\/p2XXfi-tJ","_links":{"self":[{"href":"https:\/\/www.santamariaapparente.com\/wp\/wp-json\/wp\/v2\/posts\/1843","targetHints":{"allow":["GET"]}}],"collection":[{"href":"https:\/\/www.santamariaapparente.com\/wp\/wp-json\/wp\/v2\/posts"}],"about":[{"href":"https:\/\/www.santamariaapparente.com\/wp\/wp-json\/wp\/v2\/types\/post"}],"author":[{"embeddable":true,"href":"https:\/\/www.santamariaapparente.com\/wp\/wp-json\/wp\/v2\/users\/1"}],"replies":[{"embeddable":true,"href":"https:\/\/www.santamariaapparente.com\/wp\/wp-json\/wp\/v2\/comments?post=1843"}],"version-history":[{"count":1,"href":"https:\/\/www.santamariaapparente.com\/wp\/wp-json\/wp\/v2\/posts\/1843\/revisions"}],"predecessor-version":[{"id":1845,"href":"https:\/\/www.santamariaapparente.com\/wp\/wp-json\/wp\/v2\/posts\/1843\/revisions\/1845"}],"wp:featuredmedia":[{"embeddable":true,"href":"https:\/\/www.santamariaapparente.com\/wp\/wp-json\/wp\/v2\/media\/1844"}],"wp:attachment":[{"href":"https:\/\/www.santamariaapparente.com\/wp\/wp-json\/wp\/v2\/media?parent=1843"}],"wp:term":[{"taxonomy":"category","embeddable":true,"href":"https:\/\/www.santamariaapparente.com\/wp\/wp-json\/wp\/v2\/categories?post=1843"},{"taxonomy":"post_tag","embeddable":true,"href":"https:\/\/www.santamariaapparente.com\/wp\/wp-json\/wp\/v2\/tags?post=1843"}],"curies":[{"name":"wp","href":"https:\/\/api.w.org\/{rel}","templated":true}]}}