{"id":1625,"date":"2013-10-30T22:07:13","date_gmt":"2013-10-30T21:07:13","guid":{"rendered":"http:\/\/www.santamariaapparente.com\/wp\/?p=1625"},"modified":"2013-10-30T22:07:13","modified_gmt":"2013-10-30T21:07:13","slug":"solennita-di-tutti-i-santi","status":"publish","type":"post","link":"https:\/\/www.santamariaapparente.com\/wp\/solennita-di-tutti-i-santi\/","title":{"rendered":"Solennit\u00e0 di tutti i Santi"},"content":{"rendered":"<p>VENERDI 01 Novembre<\/p>\n<p>Riferimenti letture:\u00a0<span style=\"font-size: small;\">Ap 7,2-4.9-14; Sal 23,1-6; lGv 3,1-3; Mt 5,1-12a<!--more--><\/span><\/p>\n<p>Commento alle letture:<\/p>\n<h2><b><span style=\"color: #ff0000; font-family: Tahoma; font-size: large;\">\u00abGRANDE \u00c8 LA VOSTRA RICOMPENSA NEI CIELI\u00bb<\/span><\/b><\/h2>\n<p style=\"text-align: justify;\"><span style=\"color: #ff0000; font-family: Tahoma; font-size: small;\">N<\/span><span style=\"font-family: Tahoma; font-size: small;\">EL Prefazio all\u2019inizio della Preghiera Eucaristica, celebreremo la gloria dei Santi, proclamando che essi sono per noi amici e modelli di vita. Spronati dal loro esempio, noi, pellegrini sulla terra, affrettiamo il nostro cammino verso la patria comune, la cui \u201cporta\u201d \u00e8 indicata dalle Beatitudini (Vangelo): nel Regno di Dio entreranno i poveri, i piccoli, i vinti, gli oppressi. Le parole di Ges\u00f9 nel Vangelo suonano per il cristiano come un annuncio di liberazione e di rinnovamento: indicano una speranza compiuta, quella di chi nella vita \u00e8 passato attraverso la tribolazione e ha lavato le proprie vesti rendendole candide nel sangue dell\u2019Agnello (I Lettura). La vita dei Santi \u00e8 esemplare per noi non perch\u00e9 sia stata perfetta, ma perch\u00e9 essi si sono riconosciuti davvero figli di Dio (II Lettura), hanno sperimentato l\u2019amore del Signore, che risana le ferite e salva dalla miseria del peccato, e hanno cercato di continuo il volto del Signore. Ognuno di noi \u00e8 invitato a seguirne le orme, secondo la propria vocazione, per ricevere la corona di gloria che il Signore prepara per chi gli \u00e8 fedele. <em>(da La Domenica)<\/em><\/span><\/p>\n<p style=\"text-align: justify;\">\n<p>In quel tempo, Ges\u00f9, vedendo le folle, sal\u00ec sulla montagna e, messosi a sedere, gli si avvicinarono i suoi discepoli. Prendendo allora la parola, li ammaestrava dicendo:<\/p>\n<p>\u201cBeati i poveri in spirito,<br \/>\nperch\u00e9 di essi \u00e8 il regno dei cieli.<br \/>\nBeati gli afflitti,<br \/>\nperch\u00e9 saranno consolati.<br \/>\nBeati i miti,<br \/>\nperch\u00e9 erediteranno la terra.<br \/>\nBeati quelli che hanno fame e sete della giustizia,<br \/>\nperch\u00e9 saranno saziati.<br \/>\nBeati i misericordiosi,<br \/>\nperch\u00e9 troveranno misericordia.<br \/>\nBeati i puri di cuore,<br \/>\nperch\u00e9 vedranno Dio.<br \/>\nBeati gli operatori di pace,<br \/>\nperch\u00e9 saranno chiamati figli di Dio.<br \/>\nBeati i perseguitati per causa della giustizia,<br \/>\nperch\u00e9 di essi \u00e8 il regno dei cieli.<br \/>\nBeati voi, quando vi insulteranno, vi perseguiteranno e, mentendo, diranno ogni sorta di male contro di voi per causa mia. Rallegratevi ed esultate, perch\u00e9 grande \u00e8 la vostra ricompensa nei cieli\u201d.<br \/>\n&nbsp;<\/p>\n","protected":false},"excerpt":{"rendered":"<p>VENERDI 01 Novembre Riferimenti letture:\u00a0Ap 7,2-4.9-14; Sal 23,1-6; lGv 3,1-3; Mt 5,1-12a<\/p>\n","protected":false},"author":1,"featured_media":1626,"comment_status":"closed","ping_status":"open","sticky":false,"template":"","format":"standard","meta":{"jetpack_post_was_ever_published":false,"_jetpack_newsletter_access":"","_jetpack_dont_email_post_to_subs":false,"_jetpack_newsletter_tier_id":0,"_jetpack_memberships_contains_paywalled_content":false,"_jetpack_memberships_contains_paid_content":false,"footnotes":""},"categories":[4],"tags":[],"class_list":["post-1625","post","type-post","status-publish","format-standard","has-post-thumbnail","hentry","category-riflessioni"],"jetpack_featured_media_url":"https:\/\/www.santamariaapparente.com\/wp\/wp-content\/uploads\/santi_C.jpg","jetpack_sharing_enabled":true,"jetpack_shortlink":"https:\/\/wp.me\/p2XXfi-qd","_links":{"self":[{"href":"https:\/\/www.santamariaapparente.com\/wp\/wp-json\/wp\/v2\/posts\/1625","targetHints":{"allow":["GET"]}}],"collection":[{"href":"https:\/\/www.santamariaapparente.com\/wp\/wp-json\/wp\/v2\/posts"}],"about":[{"href":"https:\/\/www.santamariaapparente.com\/wp\/wp-json\/wp\/v2\/types\/post"}],"author":[{"embeddable":true,"href":"https:\/\/www.santamariaapparente.com\/wp\/wp-json\/wp\/v2\/users\/1"}],"replies":[{"embeddable":true,"href":"https:\/\/www.santamariaapparente.com\/wp\/wp-json\/wp\/v2\/comments?post=1625"}],"version-history":[{"count":1,"href":"https:\/\/www.santamariaapparente.com\/wp\/wp-json\/wp\/v2\/posts\/1625\/revisions"}],"predecessor-version":[{"id":1627,"href":"https:\/\/www.santamariaapparente.com\/wp\/wp-json\/wp\/v2\/posts\/1625\/revisions\/1627"}],"wp:featuredmedia":[{"embeddable":true,"href":"https:\/\/www.santamariaapparente.com\/wp\/wp-json\/wp\/v2\/media\/1626"}],"wp:attachment":[{"href":"https:\/\/www.santamariaapparente.com\/wp\/wp-json\/wp\/v2\/media?parent=1625"}],"wp:term":[{"taxonomy":"category","embeddable":true,"href":"https:\/\/www.santamariaapparente.com\/wp\/wp-json\/wp\/v2\/categories?post=1625"},{"taxonomy":"post_tag","embeddable":true,"href":"https:\/\/www.santamariaapparente.com\/wp\/wp-json\/wp\/v2\/tags?post=1625"}],"curies":[{"name":"wp","href":"https:\/\/api.w.org\/{rel}","templated":true}]}}