{"id":12480,"date":"2024-08-13T18:33:50","date_gmt":"2024-08-13T16:33:50","guid":{"rendered":"https:\/\/www.santamariaapparente.com\/wp\/?p=12480"},"modified":"2024-08-13T18:33:50","modified_gmt":"2024-08-13T16:33:50","slug":"angelus-11-agosto-2024","status":"publish","type":"post","link":"https:\/\/www.santamariaapparente.com\/wp\/angelus-11-agosto-2024\/","title":{"rendered":"Angelus 11 agosto 2024"},"content":{"rendered":"\n<p>Le parole del Papa alla recita dell\u2019Angelus<\/p>\n\n\n\n<p>(Domenica 11 agosto 2024)<\/p>\n\n\n\n<p>Le parole del Papa nell\u2019introdurre la preghiera mariana:<\/p>\n\n\n\n<p>Cari fratelli e sorelle, buona domenica!<\/p>\n\n\n\n<p>Oggi il Vangelo della liturgia (<em>Gv<\/em>&nbsp;6, 41-51) ci parla della reazione dei Giudei all\u2019affermazione di Ges\u00f9, che dice: io \u00absono disceso dal cielo\u00bb (<em>Gv<\/em>&nbsp;6, 38). Si scandalizzano.<\/p>\n\n\n\n<p>Essi mormorano tra loro: \u00abCostui non \u00e8 forse Ges\u00f9, il figlio di Giuseppe? Di lui non conosciamo il padre e la madre? Come dunque pu\u00f2 dire: \u201cSono disceso dal cielo\u201d?\u00bb (<em>Gv<\/em>&nbsp;6, 42). E cos\u00ec mormorano. Stiamo attenti a quello che dicono. Sono convinti che Ges\u00f9 non possa venire dal cielo, perch\u00e9 \u00e8 figlio di un falegname e perch\u00e9 sua madre e i suoi parenti sono gente comune, persone conosciute, normali, come tanti altri. \u00abCome potrebbe Dio manifestarsi in modo cos\u00ec ordinario?\u00bb, dicono. Sono bloccati, nella loro fede, dal preconcetto nei confronti delle sue origini umili e anche bloccati dalla presunzione, perci\u00f2, di non avere nulla da imparare da Lui. <strong>I preconcetti e la presunzione, quanto male ci fanno<\/strong>!<\/p>\n\n\n\n<p>Impediscono un dialogo sincero, un avvicinamento tra fratelli: state attenti ai preconcetti e alla presunzione! Hanno i loro schemi rigidi, e non c\u2019\u00e8 posto nel loro cuore per ci\u00f2 che non vi rientra, per quello che non possono catalogare e archiviare negli scaffali impolverati delle loro sicurezze. E questo \u00e8 vero: tante volte le nostre sicurezze sono chiuse, impolverate, come i libri vecchi.<\/p>\n\n\n\n<p>Eppure sono persone che osservano la legge, fanno le elemosine, rispettano i digiuni e i tempi della preghiera. Anzi, Cristo ha gi\u00e0 fatto vari miracoli (cf.&nbsp;<em>Gv<\/em>&nbsp;2, 1-11; 4, 43-54; 5, 1-9; 6, 1-25). Come mai tutto questo non li aiuta a riconoscere in Lui il Messia? Perch\u00e9 non li aiuta? Perch\u00e9 compiono le loro pratiche religiose non tanto per mettersi in ascolto del Signore, quanto per trovare in esse una conferma a quello che pensano loro. Sono chiusi alla Parola del Signore e cercano una conferma ai propri pensieri. Lo dimostra il fatto che non si preoccupano nemmeno di chiedere a Ges\u00f9 una spiegazione: si limitano a mormorare fra loro contro di Lui (cf. Gv 6, 41), come per rassicurarsi a vicenda di ci\u00f2 di cui sono convinti, e si chiudono, sono chiusi in una fortezza impenetrabile. E cos\u00ec non riescono a credere. <strong>La chiusura del cuore: quanto male fa, quanto male fa<\/strong>!<\/p>\n\n\n\n<p>Prestiamo attenzione a tutto questo, perch\u00e9 a volte pu\u00f2 succedere lo stesso anche a noi, nella nostra vita e nella nostra preghiera: pu\u00f2 accaderci, cio\u00e8, che invece di metterci veramente in ascolto di quello che il Signore ha da dirci, cerchiamo da Lui e dagli altri solo una conferma a quello che pensiamo noi, una conferma alle nostre convinzioni, ai nostri giudizi, che sono pre-giudizi. Ma questo modo di rivolgerci a Dio non ci aiuta ad incontrare Dio, ad incontrarlo davvero, n\u00e9 ad aprirci al dono della sua luce e della sua grazia, per crescere nel bene, per fare la sua volont\u00e0 e per superare le chiusure e le difficolt\u00e0. Fratelli e sorelle, la fede e la preghiera, quando sono vere aprono la mente e il cuore, non li chiudono. <strong>Quando tu trovi una persona che nella mente, nella preghiera \u00e8 chiusa, quella fede e quella preghiera non sono vere<\/strong>.<\/p>\n\n\n\n<p>Chiediamoci, allora: nella mia vita di fede, sono capace di fare veramente silenzio in me, e di mettermi in ascolto di Dio? Sono disposto ad accogliere la sua voce al di l\u00e0 dei miei schemi e vincendo anche, con il suo aiuto, le mie paure?<\/p>\n\n\n\n<p>Maria ci aiuti ad ascoltare con fede la voce del Signore e a fare con coraggio la sua volont\u00e0.<\/p>\n\n\n\n<p>__________________________<\/p>\n\n\n\n<p><strong>Dopo l&#8217;Angelus<\/strong><\/p>\n\n\n\n<p>Cari fratelli e sorelle!<\/p>\n\n\n\n<p>Abbiamo ricordato, in questi giorni, <strong>l\u2019anniversario del bombardamento atomico delle citt\u00e0 di Hiroshima e Nagasaki<\/strong>. Mentre continuiamo a raccomandare al Signore le vittime di quegli eventi e di tutte le guerre, rinnoviamo la nostra intensa preghiera per la pace, specialmente per la martoriata Ucraina, il Medio Oriente, Palestina, Israele, il Sudan e il Myanmar.<\/p>\n\n\n\n<p>Ricordo oggi <strong>la festa di Santa Chiara<\/strong>: rivolgo un affettuoso pensiero a tutte le Clarisse e in particolare a quelle di Vallegloria a cui mi lega una bella amicizia.<\/p>\n\n\n\n<p>Preghiamo anche per le <strong>vittime del tragico incidente aereo avvenuto in Brasile<\/strong>.<\/p>\n\n\n\n<p>E saluto tutti voi, romani e pellegrini d\u2019Italia e di tanti Paesi, in particolare il gruppo degli alunni del Seminario minore di Bergamo, giunti a piedi da Assisi, in un pellegrinaggio di alcuni giorni di cammino. Vi siete stancati? No? Va bene. Siete bravi!<\/p>\n\n\n\n<p>Auguro a tutti una buona domenica. E anche a voi, ragazzi dell\u2019Immacolata: buona domenica! E per favore non dimenticatevi di pregare per me: anche voi brasiliani, l\u00ec, che li vedo bene. A tutti, grazie! Buon pranzo e arrivederci!<\/p>\n","protected":false},"excerpt":{"rendered":"<p>Le parole del Papa alla recita dell\u2019Angelus (Domenica 11 agosto 2024) Le parole del Papa nell\u2019introdurre la preghiera mariana: Cari fratelli e sorelle, buona domenica! Oggi il Vangelo della liturgia (Gv&nbsp;6, 41-51) ci parla della reazione dei Giudei all\u2019affermazione di Ges\u00f9, che dice: io \u00absono disceso dal cielo\u00bb (Gv&nbsp;6, 38). Si scandalizzano. Essi mormorano tra [&hellip;]<\/p>\n","protected":false},"author":1,"featured_media":9510,"comment_status":"closed","ping_status":"closed","sticky":false,"template":"","format":"standard","meta":{"jetpack_post_was_ever_published":false,"_jetpack_newsletter_access":"","_jetpack_dont_email_post_to_subs":false,"_jetpack_newsletter_tier_id":0,"_jetpack_memberships_contains_paywalled_content":false,"_jetpack_memberships_contains_paid_content":false,"footnotes":""},"categories":[4],"tags":[],"class_list":["post-12480","post","type-post","status-publish","format-standard","has-post-thumbnail","hentry","category-riflessioni"],"jetpack_featured_media_url":"https:\/\/www.santamariaapparente.com\/wp\/wp-content\/uploads\/angelus2_E.jpg","jetpack_sharing_enabled":true,"jetpack_shortlink":"https:\/\/wp.me\/p2XXfi-3fi","_links":{"self":[{"href":"https:\/\/www.santamariaapparente.com\/wp\/wp-json\/wp\/v2\/posts\/12480","targetHints":{"allow":["GET"]}}],"collection":[{"href":"https:\/\/www.santamariaapparente.com\/wp\/wp-json\/wp\/v2\/posts"}],"about":[{"href":"https:\/\/www.santamariaapparente.com\/wp\/wp-json\/wp\/v2\/types\/post"}],"author":[{"embeddable":true,"href":"https:\/\/www.santamariaapparente.com\/wp\/wp-json\/wp\/v2\/users\/1"}],"replies":[{"embeddable":true,"href":"https:\/\/www.santamariaapparente.com\/wp\/wp-json\/wp\/v2\/comments?post=12480"}],"version-history":[{"count":1,"href":"https:\/\/www.santamariaapparente.com\/wp\/wp-json\/wp\/v2\/posts\/12480\/revisions"}],"predecessor-version":[{"id":12481,"href":"https:\/\/www.santamariaapparente.com\/wp\/wp-json\/wp\/v2\/posts\/12480\/revisions\/12481"}],"wp:featuredmedia":[{"embeddable":true,"href":"https:\/\/www.santamariaapparente.com\/wp\/wp-json\/wp\/v2\/media\/9510"}],"wp:attachment":[{"href":"https:\/\/www.santamariaapparente.com\/wp\/wp-json\/wp\/v2\/media?parent=12480"}],"wp:term":[{"taxonomy":"category","embeddable":true,"href":"https:\/\/www.santamariaapparente.com\/wp\/wp-json\/wp\/v2\/categories?post=12480"},{"taxonomy":"post_tag","embeddable":true,"href":"https:\/\/www.santamariaapparente.com\/wp\/wp-json\/wp\/v2\/tags?post=12480"}],"curies":[{"name":"wp","href":"https:\/\/api.w.org\/{rel}","templated":true}]}}