{"id":1183,"date":"2013-05-24T13:35:48","date_gmt":"2013-05-24T11:35:48","guid":{"rendered":"http:\/\/www.santamariaapparente.com\/wp\/?p=1183"},"modified":"2013-05-24T13:35:49","modified_gmt":"2013-05-24T11:35:49","slug":"santissima-trinita","status":"publish","type":"post","link":"https:\/\/www.santamariaapparente.com\/wp\/santissima-trinita\/","title":{"rendered":"Santissima Trinit\u00e0"},"content":{"rendered":"<p style=\"text-align: justify;\">DOMENICA 26 MAGGIO 2013 (SANTISSIMA TRINITA&#8217;)<br \/>\nRiferimenti alle letture: Pr 8,22-31; Sal 8,4-9; Rm 5,1-5; Vangelo: Gv 16,12-15.<!--more--><\/p>\n<p style=\"text-align: justify;\"><!--more-->Breve commento alle letture:<br \/>\nLa solennit\u00e0 della Santissima Trinit\u00e0 ricorre ogni anno la domenica dopo Pentecoste, quindi come festa del Signore. Si colloca pertanto come riflessione su tutto il mistero che negli altri tempi \u00e8 celebrato nei suoi diversi momenti e aspetti. Fu introdotta soltanto nel 1334 da papa Giovanni XXII, mentre l&#8217;antica liturgia romana non la conosceva.<br \/>\nPropone uno sguardo riconoscente al compimento del mistero della salvezza realizzato dal Padre, per mezzo del Figlio, nello Spirito Santo. La messa inizia con l&#8217;esaltazione del Dio Trinit\u00e0 &#8220;perch\u00e9 grande \u00e8 il suo amore per noi&#8221;.<br \/>\nLe letture si differenziano nei tre anni. In questo anno, il Vangelo \u00e8 ripreso dal discorso di addio in cui Ges\u00f9 dichiara la sua profonda comunione con il Padre e annuncia lo Spirito Santo. La Prima lettura inneggia alla sapienza divina personificata che opera come sapiente artefice tra i figli dell&#8217;uomo. Paolo (II Lettura) annuncia il mistero che ci redime, l&#8217;amore di Dio riversato nei nostri cuori per mezzo dello Spirito. L&#8217;assemblea cos\u00ec istruita pu\u00f2 acclamare:&#8221;Gloria al Padre, al Figlio, allo Spirito Santo: al Dio che \u00e8, che era e che viene&#8221;.<\/p>\n","protected":false},"excerpt":{"rendered":"<p>DOMENICA 26 MAGGIO 2013 (SANTISSIMA TRINITA&#8217;) Riferimenti alle letture: Pr 8,22-31; Sal 8,4-9; Rm 5,1-5; Vangelo: Gv 16,12-15.<\/p>\n","protected":false},"author":1,"featured_media":1184,"comment_status":"closed","ping_status":"open","sticky":false,"template":"","format":"standard","meta":{"jetpack_post_was_ever_published":false,"_jetpack_newsletter_access":"","_jetpack_dont_email_post_to_subs":false,"_jetpack_newsletter_tier_id":0,"_jetpack_memberships_contains_paywalled_content":false,"_jetpack_memberships_contains_paid_content":false,"footnotes":""},"categories":[4],"tags":[],"class_list":["post-1183","post","type-post","status-publish","format-standard","has-post-thumbnail","hentry","category-riflessioni"],"jetpack_featured_media_url":"https:\/\/www.santamariaapparente.com\/wp\/wp-content\/uploads\/santissima-trinit\u00e0.jpg","jetpack_sharing_enabled":true,"jetpack_shortlink":"https:\/\/wp.me\/p2XXfi-j5","_links":{"self":[{"href":"https:\/\/www.santamariaapparente.com\/wp\/wp-json\/wp\/v2\/posts\/1183","targetHints":{"allow":["GET"]}}],"collection":[{"href":"https:\/\/www.santamariaapparente.com\/wp\/wp-json\/wp\/v2\/posts"}],"about":[{"href":"https:\/\/www.santamariaapparente.com\/wp\/wp-json\/wp\/v2\/types\/post"}],"author":[{"embeddable":true,"href":"https:\/\/www.santamariaapparente.com\/wp\/wp-json\/wp\/v2\/users\/1"}],"replies":[{"embeddable":true,"href":"https:\/\/www.santamariaapparente.com\/wp\/wp-json\/wp\/v2\/comments?post=1183"}],"version-history":[{"count":1,"href":"https:\/\/www.santamariaapparente.com\/wp\/wp-json\/wp\/v2\/posts\/1183\/revisions"}],"predecessor-version":[{"id":1185,"href":"https:\/\/www.santamariaapparente.com\/wp\/wp-json\/wp\/v2\/posts\/1183\/revisions\/1185"}],"wp:featuredmedia":[{"embeddable":true,"href":"https:\/\/www.santamariaapparente.com\/wp\/wp-json\/wp\/v2\/media\/1184"}],"wp:attachment":[{"href":"https:\/\/www.santamariaapparente.com\/wp\/wp-json\/wp\/v2\/media?parent=1183"}],"wp:term":[{"taxonomy":"category","embeddable":true,"href":"https:\/\/www.santamariaapparente.com\/wp\/wp-json\/wp\/v2\/categories?post=1183"},{"taxonomy":"post_tag","embeddable":true,"href":"https:\/\/www.santamariaapparente.com\/wp\/wp-json\/wp\/v2\/tags?post=1183"}],"curies":[{"name":"wp","href":"https:\/\/api.w.org\/{rel}","templated":true}]}}