{"id":11734,"date":"2023-08-30T13:39:12","date_gmt":"2023-08-30T11:39:12","guid":{"rendered":"https:\/\/www.santamariaapparente.com\/wp\/?p=11734"},"modified":"2023-08-30T13:39:12","modified_gmt":"2023-08-30T11:39:12","slug":"udienza-generale-30-agosto","status":"publish","type":"post","link":"https:\/\/www.santamariaapparente.com\/wp\/udienza-generale-30-agosto\/","title":{"rendered":"Udienza generale 30 agosto"},"content":{"rendered":"\n<p><em>Nell&#8217;Aula Paolo VI, nell&#8217;Udienza generale di mercoled\u00ec, 30 agosto, il Papa ha proseguito con la 19a catechesi dedicata allo zelo apostolico del credente:&nbsp;<\/em>&#8220;<em>Pregare e servire con gioia: Kateri Tekakwitha, prima santa nativa nordamericana&#8221;: il testo, con l&#8217;appello e i saluti finali.&nbsp;<\/em><\/p>\n\n\n\n<p>Cari fratelli e sorelle, buongiorno!<\/p>\n\n\n\n<p>Adesso, proseguendo la nostra catechesi sul tema dello zelo apostolico e della passione per l\u2019annuncio del Vangelo, guardiamo oggi a Santa Kateri Tekakwitha, la prima donna nativa del Nord America ad essere canonizzata. Nata intorno all\u2019anno 1656 in un villaggio nella parte alta dello Stato di New York, era figlia di un capo Mohawk non battezzato e di madre cristiana Algonchina, la quale insegn\u00f2 a Kateri a pregare e a cantare inni a Dio. Anche molti di noi siamo stati presentati al Signore per la prima volta in ambito familiare, soprattutto dalle nostre mamme e nonne. Cos\u00ec inizia l\u2019evangelizzazione e anzi, non dimentichiamo questo, che la fede sempre \u00e8 trasmessa in dialetto dalle mamme, dalle nonne. La fede va trasmessa in dialetto e noi l\u2019abbiamo ricevuta in questo dialetto dalle mamme e dalle nonne. L\u2019evangelizzazione spesso inizia cos\u00ec: con gesti semplici, piccoli, come i genitori che aiutano i figli a imparare a parlare con Dio nella preghiera e che raccontano loro il suo amore grande e misericordioso. E le basi della fede per Kateri, e spesso anche per noi, sono state poste in questo modo. Lei l\u2019aveva ricevuta dalla mamma in dialetto, il dialetto della fede.<\/p>\n\n\n\n<p>Quando Kateri aveva quattro anni, una grave epidemia di vaiolo colp\u00ec il suo popolo. Sia i suoi genitori che il fratello minore morirono e la stessa Kateri rimase con cicatrici sul viso e problemi di vista. Da quel momento in poi Kateri dovette affrontare molte difficolt\u00e0: certamente quelle fisiche per gli effetti del vaiolo, ma anche le incomprensioni, le persecuzioni e perfino le minacce di morte che sub\u00ec in seguito al suo Battesimo, la domenica di Pasqua del 1676. Tutto ci\u00f2 diede a Kateri un grande amore per la croce, segno definitivo dell\u2019amore di Cristo, che si \u00e8 donato fino alla fine per noi. La testimonianza del Vangelo, infatti, non riguarda solo ci\u00f2 che \u00e8 piacevole; dobbiamo anche saper portare con pazienza, con fiducia e speranza le nostre croci quotidiane. La pazienza, davanti alle difficolt\u00e0, alle croci: la pazienza \u00e8 una grande virt\u00f9 cristiana. Chi non ha pazienza non \u00e8 un buon cristiano. La pazienza di tollerare: tollerare le difficolt\u00e0 e anche tollerare gli altri, che alle volte sono noiosi o ti mettono difficolt\u00e0 \u2026 La vita di Kateri Tekakwitha ci mostra che ogni sfida pu\u00f2 essere vinta se apriamo il cuore a Ges\u00f9, che ci concede la grazia di cui abbiamo bisogno: pazienza e cuore aperto a Ges\u00f9, questa \u00e8 una ricetta per vivere bene.<\/p>\n\n\n\n<p>Dopo essere stata battezzata, Kateri dovette rifugiarsi tra i Mohawk nella missione dei Gesuiti vicino alla citt\u00e0 di Montreal. L\u00ec partecipava alla Messa ogni mattina, dedicava tempo all\u2019adorazione davanti al Santissimo Sacramento, pregava il Rosario e viveva una vita di penitenza. Queste sue pratiche spirituali impressionavano tutti alla Missione; riconobbero in Kateri una santit\u00e0 che attraeva perch\u00e9 nasceva dal suo profondo amore per Dio. \u00c8 proprio della santit\u00e0, attrarre. Dio ci chiama per attrazione, ci chiama con questa voglia di essere vicino a noi e lei ha sentito questa grazia dell\u2019attrazione divina. Allo stesso tempo, insegnava ai bambini della Missione a pregare e, attraverso il costante adempimento delle sue responsabilit\u00e0, compresa la cura dei malati e degli anziani, offr\u00ec un esempio di servizio umile e amorevole a Dio e al prossimo. Sempre la fede si esprime nel servizio. La fede non \u00e8 per truccare s\u00e9 stessi, l\u2019anima: no; \u00e8 per servire.<\/p>\n\n\n\n<p>Sebbene fosse incoraggiata a sposarsi, Kateri voleva invece dedicare completamente la sua vita a Cristo. Impossibilitata ad entrare nella vita consacrata, emise voto di verginit\u00e0 perpetua il 25 marzo 1679. Questa sua scelta rivela un altro aspetto dello zelo apostolico che lei aveva: la dedizione totale al Signore. Certo, non tutti sono chiamati a fare lo stesso voto di Kateri; tuttavia, ogni cristiano \u00e8 chiamato ogni giorno a impegnarsi con cuore indiviso nella vocazione e nella missione affidatagli da Dio, servendo Lui e il prossimo in spirito di carit\u00e0.<\/p>\n\n\n\n<p>Cari fratelli e sorelle, la vita di Kateri \u00e8 un\u2019ulteriore testimonianza del fatto che lo zelo apostolico implica sia un\u2019unione con Ges\u00f9, alimentata dalla preghiera e dai Sacramenti, sia il desiderio di diffondere la bellezza del messaggio cristiano attraverso la fedelt\u00e0 alla propria vocazione particolare. Le ultime parole di Kateri sono bellissime. Prima di morire ha detto: \u201cGes\u00f9, ti amo\u201d.<\/p>\n\n\n\n<p>Anche noi, dunque, traendo forza dal Signore, come ha fatto Santa Kateri Tekakwitha, impariamo a compiere le azioni ordinarie in modo straordinario e cos\u00ec a crescere ogni giorno nella fede, nella carit\u00e0 e nella zelante testimonianza di Cristo.<\/p>\n\n\n\n<p>Non dimentichiamoci: ognuno di noi \u00e8 chiamato alla santit\u00e0, alla santit\u00e0 di tutti i giorni, alla santit\u00e0 della vita cristiana comune. Ognuno di noi ha questa chiamata: andiamo avanti su questa strada. Il Signore non ci mancher\u00e0.<\/p>\n\n\n\n<p>&nbsp;<strong>APPELLO<\/strong><\/p>\n\n\n\n<p>Dopo domani, 1\u00b0 settembre, si celebra la&nbsp;<em>Giornata Mondiale di Preghiera per la Cura del creato<\/em>, inaugurando il \u201cTempo del creato\u201d che durer\u00e0 fino al 4 ottobre, festa di San Francesco d\u2019Assisi. In quella data ho intenzione di pubblicare un\u2019Esortazione, una seconda Laudato si\u2019. Uniamoci ai nostri fratelli e sorelle cristiani nell\u2019impegno di custodire il creato come dono sacro del Creatore. \u00c8 necessario schierarsi al fianco delle vittime dell\u2019ingiustizia ambientale e climatica, sforzandosi di porre fine alla insensata guerra alla nostra Casa comune. Esorto tutti a lavorare e pregare affinch\u00e9 essa abbondi nuovamente di vita.<\/p>\n\n\n\n<p>* * *<\/p>\n\n\n\n<p>Saluto con affetto i pellegrini di lingua italiana. In particolare, i cresimati della diocesi di Chiavari. Cari ragazzi, da poco avete ricevuto l\u2019effusione dello Spirito Santo, impegnatevi a trovare quotidianamente la forza e il coraggio in Dio. Accolgo con piacere la parrocchia di San Giovanni apostolo in Barletta, che celebra il 25\u00b0 anniversario di istituzione: questa ricorrenza rafforzi in ciascuno lo spirito di fede e di comunione ecclesiale. Saluto inoltre il complesso bandistico di Castelvenere e li ringrazio per il loro impegno culturale e sociale.<\/p>\n\n\n\n<p>Rivolgo un pensiero ai giovani, ai malati, agli anziani e agli sposi novelli. Solo Cristo ha parole di vita eterna: vi auguro pertanto di seguirlo sempre con cuore aperto ed entusiasta e di testimoniarlo ogni giorno della vostra vita.<\/p>\n\n\n\n<p>E per favore, rinnoviamo la nostra vicinanza e la nostra preghiera per la cara e martoriata Ucraina, cos\u00ec provata da grande sofferenza.<\/p>\n\n\n\n<p>A tutti voi la mia benedizione.<\/p>\n","protected":false},"excerpt":{"rendered":"<p>Nell&#8217;Aula Paolo VI, nell&#8217;Udienza generale di mercoled\u00ec, 30 agosto, il Papa ha proseguito con la 19a catechesi dedicata allo zelo apostolico del credente:&nbsp;&#8220;Pregare e servire con gioia: Kateri Tekakwitha, prima santa nativa nordamericana&#8221;: il testo, con l&#8217;appello e i saluti finali.&nbsp; Cari fratelli e sorelle, buongiorno! Adesso, proseguendo la nostra catechesi sul tema dello zelo [&hellip;]<\/p>\n","protected":false},"author":1,"featured_media":8653,"comment_status":"closed","ping_status":"closed","sticky":false,"template":"","format":"standard","meta":{"jetpack_post_was_ever_published":false,"_jetpack_newsletter_access":"","_jetpack_dont_email_post_to_subs":false,"_jetpack_newsletter_tier_id":0,"_jetpack_memberships_contains_paywalled_content":false,"_jetpack_memberships_contains_paid_content":false,"footnotes":""},"categories":[4],"tags":[],"class_list":["post-11734","post","type-post","status-publish","format-standard","has-post-thumbnail","hentry","category-riflessioni"],"jetpack_featured_media_url":"https:\/\/www.santamariaapparente.com\/wp\/wp-content\/uploads\/Udienza_papa4.jpg","jetpack_sharing_enabled":true,"jetpack_shortlink":"https:\/\/wp.me\/p2XXfi-33g","_links":{"self":[{"href":"https:\/\/www.santamariaapparente.com\/wp\/wp-json\/wp\/v2\/posts\/11734","targetHints":{"allow":["GET"]}}],"collection":[{"href":"https:\/\/www.santamariaapparente.com\/wp\/wp-json\/wp\/v2\/posts"}],"about":[{"href":"https:\/\/www.santamariaapparente.com\/wp\/wp-json\/wp\/v2\/types\/post"}],"author":[{"embeddable":true,"href":"https:\/\/www.santamariaapparente.com\/wp\/wp-json\/wp\/v2\/users\/1"}],"replies":[{"embeddable":true,"href":"https:\/\/www.santamariaapparente.com\/wp\/wp-json\/wp\/v2\/comments?post=11734"}],"version-history":[{"count":1,"href":"https:\/\/www.santamariaapparente.com\/wp\/wp-json\/wp\/v2\/posts\/11734\/revisions"}],"predecessor-version":[{"id":11735,"href":"https:\/\/www.santamariaapparente.com\/wp\/wp-json\/wp\/v2\/posts\/11734\/revisions\/11735"}],"wp:featuredmedia":[{"embeddable":true,"href":"https:\/\/www.santamariaapparente.com\/wp\/wp-json\/wp\/v2\/media\/8653"}],"wp:attachment":[{"href":"https:\/\/www.santamariaapparente.com\/wp\/wp-json\/wp\/v2\/media?parent=11734"}],"wp:term":[{"taxonomy":"category","embeddable":true,"href":"https:\/\/www.santamariaapparente.com\/wp\/wp-json\/wp\/v2\/categories?post=11734"},{"taxonomy":"post_tag","embeddable":true,"href":"https:\/\/www.santamariaapparente.com\/wp\/wp-json\/wp\/v2\/tags?post=11734"}],"curies":[{"name":"wp","href":"https:\/\/api.w.org\/{rel}","templated":true}]}}