{"id":11686,"date":"2023-07-28T18:30:00","date_gmt":"2023-07-28T16:30:00","guid":{"rendered":"https:\/\/www.santamariaapparente.com\/wp\/?p=11686"},"modified":"2023-07-28T12:06:28","modified_gmt":"2023-07-28T10:06:28","slug":"30-anniversario-degli-attentati-alla-basilica-papale-di-san-giovanni-in-laterano","status":"publish","type":"post","link":"https:\/\/www.santamariaapparente.com\/wp\/30-anniversario-degli-attentati-alla-basilica-papale-di-san-giovanni-in-laterano\/","title":{"rendered":"30\u00b0 anniversario degli attentati alla basilica papale di San Giovanni in Laterano"},"content":{"rendered":"\n<p><strong><em>LETTERA DI\u00a0 FRANCESCO IN OCCASIONE DEL 30\u00b0 ANNIVERSARIO DEGLI ATTENTATI ALLA BASILICA PAPALE DI SAN GIOVANNI IN LATERANO E A SAN GIORGIO AL VELABRO<\/em><\/strong><\/p>\n\n\n<div class=\"taxonomy-post_tag wp-block-post-terms\"><a href=\"https:\/\/www.santamariaapparente.com\/wp\/tag\/chiesa\/\" rel=\"tag\">chiesa<\/a><\/div>\n\n\n<p><em>A S.E. Mons. Baldassare Reina<br>Vescovo Ausiliare e Vicegerente della Diocesi di Roma<\/em><\/p>\n\n\n\n<p>In occasione del 30\u00b0 anniversario degli attentati alla Cattedrale del Vescovo di Roma e alla chiesa di San Giorgio al Velabro, desidero unirmi spiritualmente a tale significativo momento di preghiera organizzato dalla Diocesi assieme alle Autorit\u00e0 capitoline e all\u2019Associazione Libera.<\/p>\n\n\n\n<p>Il vile gesto che nella notte tra il 27 e il 28 luglio del 1993 sconvolse la Citt\u00e0 Eterna, turb\u00f2 profondamente l\u2019animo dei credenti di tutto l\u2019<em>orbe<\/em>&nbsp;cattolico e in particolare dei fedeli romani; in quegli anni oscuri della storia sociale della cara Nazione italiana, segnati da altrettanto gravi atti di violenza contro istituzioni e servitori dello Stato, la popolazione speriment\u00f2 un sentimento d\u2019impotenza davanti a cos\u00ec insensata sopraffazione perpetrata a danno del Paese e particolarmente dei meno abbienti, in contesti provati da tante povert\u00e0 umane e materiali.<\/p>\n\n\n\n<p>Oggi pi\u00f9 che mai \u00e8 dovere di ognuno fare memoria grata verso chi nel compimento del proprio dovere, talvolta mettendo a rischio la vita, si \u00e8 speso per la tutela della collettivit\u00e0. Il sacrificio di chi ha creduto e difeso i valori fondanti di una democrazia, quelli della giustizia e della libert\u00e0, diviene un forte richiamo di coscienza affinch\u00e9 tutti si sentano corresponsabili nella costruzione di una nuova civilt\u00e0 dell\u2019amore.<\/p>\n\n\n\n<p>Ritorna con forza il ricordo delle parole profetiche pronunciate da San Giovanni Paolo II nella storica&nbsp;<a href=\"https:\/\/www.vatican.va\/content\/john-paul-ii\/it\/travels\/1993\/travels\/documents\/trav_sicilia.html\">visita pastorale ad Agrigento<\/a>, pochi mesi prima dei tristi eventi che rievochiamo: \u00abChe ci sia concordia, questa concordia e questa pace cui aspira ogni popolo &#8230; Qui ci vuole una civilt\u00e0 della vita\u00bb (S. Giovanni Paolo II,&nbsp;<a href=\"https:\/\/www.vatican.va\/content\/john-paul-ii\/it\/homilies\/1993\/documents\/hf_jp-ii_hom_19930509_agrigento.html\">Al termine della Concelebrazione Eucaristica nella Valle dei Templi<\/a>, 9 maggio 1993). Pertanto, esorto a contrastare decisamente le numerose forme d\u2019illegalit\u00e0 e di sopruso che purtroppo ancora attanagliano la societ\u00e0 contemporanea. \u00c8 in gioco il bene comune e in modo speciale il destino delle categorie pi\u00f9 fragili, gli ultimi, coloro che patiscono ingiustizie d\u2019ogni genere.<\/p>\n\n\n\n<p>Mi rivolgo a Voi giovani, speranza di un futuro bello: occorre che abbiate il coraggio di osare senza timore, in quanto le mafie &#8211; ricordiamolo &#8211; mettono radici quando la paura si impadronisce della mente e del cuore.<\/p>\n\n\n\n<p>Voi che, come sentinelle nella notte, parteciperete alla fiaccolata commemorativa di quei tragici eventi, siete chiamati ad essere un attivo sostegno al cambiamento di mentalit\u00e0, uno spiraglio di luce in mezzo alle tenebre, una testimonianza di libert\u00e0, giustizia e rettitudine. Auspico pure che quanti esercitano responsabilit\u00e0 civili, nonch\u00e9 le numerose componenti ecclesiali della nostra Citt\u00e0 si adoperino fattivamente per la promozione di una nuova umanit\u00e0.<\/p>\n\n\n\n<p>Non esitate a porVi accanto alla gente con tenerezza e compassione, soprattutto a chi vive nelle periferie &#8211; penso ai vostri coetanei- accogliendo l\u2019insegnamento lasciatoci dal Maestro: \u00abIn verit\u00e0 io vi dico: tutto quello che avete fatto a uno solo di questi miei fratelli pi\u00f9 piccoli, l\u2019avete fatto a me\u00bb (cfr&nbsp;<em>Mt&nbsp;<\/em>25,31-46).<\/p>\n\n\n\n<p>Prego il Signore perch\u00e9 Vi accompagni nel buio della notte, con in mano le fiaccole, simbolo della vostra fede, rendendoVi luce per la nostra amata Diocesi.<\/p>\n\n\n\n<p>Mentre affido ciascuno alla protezione materna della&nbsp;<em>Salus Populi Romani<\/em>&nbsp;e dei Santi Patroni Pietro e Paolo, invio la mia Benedizione, chiedendoVi, per favore, di non dimenticarVi di pregare per me.<\/p>\n\n\n\n<p>Fraternamente<\/p>\n\n\n\n<p>Roma, da San Giovanni in Laterano, 25 luglio 2023<br>Festa di S. Giacomo il Maggiore, Apostolo<\/p>\n","protected":false},"excerpt":{"rendered":"<p>LETTERA DI\u00a0 FRANCESCO IN OCCASIONE DEL 30\u00b0 ANNIVERSARIO DEGLI ATTENTATI ALLA BASILICA PAPALE DI SAN GIOVANNI IN LATERANO E A SAN GIORGIO AL VELABRO A S.E. Mons. Baldassare ReinaVescovo Ausiliare e Vicegerente della Diocesi di Roma In occasione del 30\u00b0 anniversario degli attentati alla Cattedrale del Vescovo di Roma e alla chiesa di San Giorgio [&hellip;]<\/p>\n","protected":false},"author":1,"featured_media":2658,"comment_status":"closed","ping_status":"closed","sticky":false,"template":"","format":"standard","meta":{"jetpack_post_was_ever_published":false,"_jetpack_newsletter_access":"","_jetpack_dont_email_post_to_subs":false,"_jetpack_newsletter_tier_id":0,"_jetpack_memberships_contains_paywalled_content":false,"_jetpack_memberships_contains_paid_content":false,"footnotes":""},"categories":[5],"tags":[11],"class_list":["post-11686","post","type-post","status-publish","format-standard","has-post-thumbnail","hentry","category-news","tag-chiesa"],"jetpack_featured_media_url":"https:\/\/www.santamariaapparente.com\/wp\/wp-content\/uploads\/DSC_5966.jpg","jetpack_sharing_enabled":true,"jetpack_shortlink":"https:\/\/wp.me\/p2XXfi-32u","_links":{"self":[{"href":"https:\/\/www.santamariaapparente.com\/wp\/wp-json\/wp\/v2\/posts\/11686","targetHints":{"allow":["GET"]}}],"collection":[{"href":"https:\/\/www.santamariaapparente.com\/wp\/wp-json\/wp\/v2\/posts"}],"about":[{"href":"https:\/\/www.santamariaapparente.com\/wp\/wp-json\/wp\/v2\/types\/post"}],"author":[{"embeddable":true,"href":"https:\/\/www.santamariaapparente.com\/wp\/wp-json\/wp\/v2\/users\/1"}],"replies":[{"embeddable":true,"href":"https:\/\/www.santamariaapparente.com\/wp\/wp-json\/wp\/v2\/comments?post=11686"}],"version-history":[{"count":1,"href":"https:\/\/www.santamariaapparente.com\/wp\/wp-json\/wp\/v2\/posts\/11686\/revisions"}],"predecessor-version":[{"id":11687,"href":"https:\/\/www.santamariaapparente.com\/wp\/wp-json\/wp\/v2\/posts\/11686\/revisions\/11687"}],"wp:featuredmedia":[{"embeddable":true,"href":"https:\/\/www.santamariaapparente.com\/wp\/wp-json\/wp\/v2\/media\/2658"}],"wp:attachment":[{"href":"https:\/\/www.santamariaapparente.com\/wp\/wp-json\/wp\/v2\/media?parent=11686"}],"wp:term":[{"taxonomy":"category","embeddable":true,"href":"https:\/\/www.santamariaapparente.com\/wp\/wp-json\/wp\/v2\/categories?post=11686"},{"taxonomy":"post_tag","embeddable":true,"href":"https:\/\/www.santamariaapparente.com\/wp\/wp-json\/wp\/v2\/tags?post=11686"}],"curies":[{"name":"wp","href":"https:\/\/api.w.org\/{rel}","templated":true}]}}