{"id":11341,"date":"2023-02-09T08:10:20","date_gmt":"2023-02-09T07:10:20","guid":{"rendered":"http:\/\/www.santamariaapparente.com\/wp\/?p=11341"},"modified":"2023-02-09T08:10:20","modified_gmt":"2023-02-09T07:10:20","slug":"9-giornata-mondiale-di-preghiera-e-riflessione-contro-la-tratta-di-persone","status":"publish","type":"post","link":"https:\/\/www.santamariaapparente.com\/wp\/9-giornata-mondiale-di-preghiera-e-riflessione-contro-la-tratta-di-persone\/","title":{"rendered":"9\u00b0 Giornata mondiale di preghiera e riflessione contro la tratta di persone"},"content":{"rendered":"<p>Video-messaggio di Francesco in occasione della 9\u00aa Giornata mondiale di preghiera e riflessione contro la tratta di persone (8 febbraio 2023)<!--more--><br \/>\ninviato ai partecipanti alla Maratona di preghiera online.<\/p>\n<p>Oggi ricordiamo Santa Bakhita, la Patrona delle vittime della tratta di persone. Mi unisco a voi che celebrate la Giornata, la nona Giornata Mondiale di preghiera e riflessione contro la tratta di persone che ha come tema Camminare per la dignit\u00e0 e che coinvolge i giovani come protagonisti.<br \/>\nMi rivolgo in modo particolare a voi giovani: vi incoraggio a prendervi cura della dignit\u00e0, vostra e di ogni persona che incontrate. Ho saputo che siete stati voi a scegliere come tema \u201cCamminare per la dignit\u00e0\u201d. \u00c8 molto importante: indica un grande orizzonte per il vostro impegno contro la tratta: la dignit\u00e0 umana. Cos\u00ec potete contribuire a tenere viva la speranza; e aggiungo anche la gioia, che vi invito a custodire nei cuori, insieme alla Parola di Dio, perch\u00e9 la gioia vera \u00e8 Cristo!<br \/>\nLa tratta di persone sfigura la dignit\u00e0. Lo sfruttamento e l\u2019assoggettamento limitano la libert\u00e0 e rendono le persone oggetti da usare e scartare. E il sistema della tratta approfitta di ingiustizie e iniquit\u00e0 che obbligano milioni di persone a vivere in condizioni di vulnerabilit\u00e0. Infatti le persone impoverite dalla crisi economica, dalle guerre, dai cambiamenti climatici e da tanta instabilit\u00e0 sono facilmente reclutate. La tratta purtroppo cresce in misura preoccupante, colpendo soprattutto i migranti, donne e bambini, giovani come voi, persone ricche di sogni e voglia di vivere in dignit\u00e0.<br \/>\nLo sappiamo, viviamo un tempo difficile, ma \u00e8 proprio in questa realt\u00e0 che tutti noi, in particolare i giovani, siamo chiamati a unire le forze per tessere reti di bene, per diffondere la luce che viene da Cristo e dal suo Vangelo. La luce che simbolicamente sar\u00e0 consegnata in questi giorni ai giovani venuti a Roma in rappresentanza delle organizzazioni che da anni collaborano per questa Giornata di preghiera e impegno contro la tratta. Con questo gesto siete inviati come missionari della dignit\u00e0 umana, contro la tratta di persone e ogni forma di sfruttamento. Si inaugura cos\u00ec un anno speciale di coinvolgimento dei giovani, fino alla prossima Giornata del 2024. Custodite questa luce e sarete benedizione per altri giovani. Non stancatevi di cercare strade per trasformare le nostre societ\u00e0 e prevenire questa piaga vergognosa che \u00e8 la tratta di persone.<br \/>\nCamminare per la dignit\u00e0, contro la tratta di persone, senza lasciare indietro nessuno. Vorrei riprendere alcune belle espressioni che avete scritto: \u201cCamminare con occhi aperti per ri-conoscere i processi che inducono milioni di persone, soprattutto giovani, ad essere trafficati per essere sfruttati con brutalit\u00e0. Camminare con il cuore attento per scoprire e sostenere i percorsi quotidiani per la libert\u00e0 e la dignit\u00e0. Camminare con la speranza nei piedi per promuovere azioni anti-tratta. Camminare dandosi insieme la mano per sostenersi a vicenda e costruire una cultura dell\u2019incontro, che porti alla conversione dei cuori e a societ\u00e0 inclusive, capaci di tutelare i diritti e la dignit\u00e0 di ogni persona\u201d.<br \/>\nMi auguro che siano in tanti ad accogliere il vostro invito a camminare insieme contro la tratta: camminare insieme a chi \u00e8 distrutto dalla violenza dello sfruttamento sessuale e lavorativo; camminare insieme ai migranti, agli sfollati, a chi \u00e8 in ricerca di un luogo dove vivere in pace e in famiglia. Insieme a voi giovani, per riaffermare con coraggio il valore della dignit\u00e0 umana.<br \/>\nVi ringrazio e vi dico: andate avanti con coraggio! Andate avanti con coraggio! Il Signore vi benedica e la Madonna vi custodisca. Santa Bakhita prega con noi e per noi. Benedico di cuore tutti voi che lavorate contro la tratta e ogni persona che incontrate in questo cammino per la dignit\u00e0. Grazie!<\/p>\n","protected":false},"excerpt":{"rendered":"<p>Video-messaggio di Francesco in occasione della 9\u00aa Giornata mondiale di preghiera e riflessione contro la tratta di persone (8 febbraio 2023)<\/p>\n","protected":false},"author":1,"featured_media":8178,"comment_status":"closed","ping_status":"closed","sticky":false,"template":"","format":"standard","meta":{"jetpack_post_was_ever_published":false,"_jetpack_newsletter_access":"","_jetpack_dont_email_post_to_subs":false,"_jetpack_newsletter_tier_id":0,"_jetpack_memberships_contains_paywalled_content":false,"_jetpack_memberships_contains_paid_content":false,"footnotes":""},"categories":[4],"tags":[],"class_list":["post-11341","post","type-post","status-publish","format-standard","has-post-thumbnail","hentry","category-riflessioni"],"jetpack_featured_media_url":"https:\/\/www.santamariaapparente.com\/wp\/wp-content\/uploads\/giornata_migranteErifugiato.jpg","jetpack_sharing_enabled":true,"jetpack_shortlink":"https:\/\/wp.me\/p2XXfi-2WV","_links":{"self":[{"href":"https:\/\/www.santamariaapparente.com\/wp\/wp-json\/wp\/v2\/posts\/11341","targetHints":{"allow":["GET"]}}],"collection":[{"href":"https:\/\/www.santamariaapparente.com\/wp\/wp-json\/wp\/v2\/posts"}],"about":[{"href":"https:\/\/www.santamariaapparente.com\/wp\/wp-json\/wp\/v2\/types\/post"}],"author":[{"embeddable":true,"href":"https:\/\/www.santamariaapparente.com\/wp\/wp-json\/wp\/v2\/users\/1"}],"replies":[{"embeddable":true,"href":"https:\/\/www.santamariaapparente.com\/wp\/wp-json\/wp\/v2\/comments?post=11341"}],"version-history":[{"count":1,"href":"https:\/\/www.santamariaapparente.com\/wp\/wp-json\/wp\/v2\/posts\/11341\/revisions"}],"predecessor-version":[{"id":11342,"href":"https:\/\/www.santamariaapparente.com\/wp\/wp-json\/wp\/v2\/posts\/11341\/revisions\/11342"}],"wp:featuredmedia":[{"embeddable":true,"href":"https:\/\/www.santamariaapparente.com\/wp\/wp-json\/wp\/v2\/media\/8178"}],"wp:attachment":[{"href":"https:\/\/www.santamariaapparente.com\/wp\/wp-json\/wp\/v2\/media?parent=11341"}],"wp:term":[{"taxonomy":"category","embeddable":true,"href":"https:\/\/www.santamariaapparente.com\/wp\/wp-json\/wp\/v2\/categories?post=11341"},{"taxonomy":"post_tag","embeddable":true,"href":"https:\/\/www.santamariaapparente.com\/wp\/wp-json\/wp\/v2\/tags?post=11341"}],"curies":[{"name":"wp","href":"https:\/\/api.w.org\/{rel}","templated":true}]}}