{"id":11281,"date":"2023-01-17T08:18:13","date_gmt":"2023-01-17T07:18:13","guid":{"rendered":"http:\/\/www.santamariaapparente.com\/wp\/?p=11281"},"modified":"2023-01-17T08:18:13","modified_gmt":"2023-01-17T07:18:13","slug":"angelus-15-gennaio-2023","status":"publish","type":"post","link":"https:\/\/www.santamariaapparente.com\/wp\/angelus-15-gennaio-2023\/","title":{"rendered":"Angelus 15 gennaio 2023"},"content":{"rendered":"<p>Le parole del Papa alla recita dell\u2019Angelus<\/p>\n<p>(Domenica 15 gennaio 2023)<!--more--><\/p>\n<p>&nbsp;<\/p>\n<p>Alle ore 12, Francesco si \u00e8 affacciato alla finestra dello studio nel Palazzo Apostolico Vaticano per recitare l\u2019Angelus con i fedeli e i pellegrini riuniti in Piazza San Pietro.\u00a0 Di seguito, le parole del Papa nell\u2019introdurre la preghiera mariana e nel seguito.<\/p>\n<p>&nbsp;<\/p>\n<p>&nbsp;<\/p>\n<p><strong><u>Prima dell\u2019Angelus<\/u><\/strong><\/p>\n<p>Cari fratelli e sorelle, buona domenica! Il Vangelo della liturgia odierna (cf. \u00a0<em>Gv<\/em>\u00a01, 29-34) riporta la testimonianza di Giovanni il Battista su Ges\u00f9, dopo averlo battezzato nel fiume Giordano. Dice cos\u00ec: \u00abEcco colui del quale io dissi: Dopo di me viene un uomo che mi \u00e8 passato avanti, perch\u00e9 era prima di me\u00bb (vv.\u00a029-30).<\/p>\n<p>Questa dichiarazione,\u00a0questa testimonianza, rivela\u00a0<em>lo spirito di servizio<\/em>\u00a0di Giovanni. Egli era stato inviato a preparare la strada al Messia e l\u2019aveva fatto senza risparmiarsi.<\/p>\n<p>Umanamente si potrebbe pensare che gli venga riconosciuto un \u201cpremio\u201d, un posto di rilievo nella vita pubblica di Ges\u00f9. Invece no. Giovanni, compiuta la sua missione, sa farsi da parte, si ritira dalla scena per fare posto a Ges\u00f9. Ha visto lo Spirito scendere su di Lui (cf. vv.\u00a033-34), lo ha indicato come l\u2019Agnello di Dio che toglie il peccato del mondo e ora si mette a sua volta in umile ascolto. <strong>Da profeta diventa discepolo<\/strong>.\u00a0Ha predicato al popolo, ha raccolto dei discepoli e li ha formati per molto tempo. Eppure non lega nessuno a s\u00e9. E questo \u00e8 difficile ma \u00e8 il segno del vero educatore: non legare le persone a s\u00e9.<\/p>\n<p>Giovanni fa cos\u00ec: mette i suoi discepoli sulle orme di Ges\u00f9. Non \u00e8 interessato ad avere un seguito per s\u00e9, a ottenere prestigio e successo, ma <strong>d\u00e0 testimonianza e poi fa un passo indietro<\/strong>, perch\u00e9 molti abbiano la gioia di incontrare Ges\u00f9. Possiamo dire: apre la porta e se ne va.<\/p>\n<p>&nbsp;<\/p>\n<p>Con questo suo spirito di servizio, con la sua capacit\u00e0 di fare posto a Ges\u00f9, Giovanni il Battista ci insegna una cosa importante:\u00a0<em>la libert\u00e0 dagli attaccamenti<\/em>.\u00a0S\u00ec, perch\u00e9 <strong>\u00e8 facile attaccarsi a ruoli e posizioni, al bisogno di essere stimati, riconosciuti e premiat<\/strong>i. E questo, pur essendo naturale, non \u00e8 una cosa buona, perch\u00e9\u00a0<em>il servizio comporta la gratuit\u00e0<\/em>, il prendersi cura degli altri senza vantaggi per s\u00e9, senza secondi fini,\u00a0senza aspettare il contraccambio. Far\u00e0 bene anche a noi coltivare, come Giovanni, la virt\u00f9 di farci da parte al momento opportuno, testimoniando che il punto di riferimento della vita \u00e8 Ges\u00f9. Farsi da parte, imparare a congedarsi: ho fatto questa missione, ho fatto questo incontro, mi faccio da parte e lascio posto al Signore. Imparare a farsi da parte, non prendere qualcosa come un contraccambio per noi.<\/p>\n<p>Pensiamo a quanto \u00e8 importante questo <strong><u>per un sacerdote<\/u><\/strong>, che \u00e8 chiamato a predicare e celebrare non per protagonismo o per interesse, ma per accompagnare gli altri a Ges\u00f9. Pensiamo a quant\u2019\u00e8 importante <strong><u>per i genitori<\/u><\/strong>, che crescono i figli con tanti sacrifici, ma poi li devono lasciare liberi di prendere la loro strada nel lavoro, nel matrimonio, nella vita.<\/p>\n<p>\u00c8 bello e giusto che i genitori continuino ad assicurare la loro presenza, dicendo ai figli: \u00abNon vi lasciamo soli\u00bb, ma con discrezione, senza invadenza. La libert\u00e0 di crescere.\u00a0E lo stesso <strong><u>vale per altri ambiti, come l\u2019amicizia, la vita di coppia, la vita comunitaria<\/u><\/strong>. Liberarsi dagli attaccamenti del proprio io e saper farsi da parte costa, ma \u00e8 molto importante: \u00e8 il passo decisivo per crescere nello spirito di servizio,\u00a0senza cercare il contraccambio.<\/p>\n<p>Fratelli, sorelle, proviamo a chiederci: siamo capaci di fare posto agli altri? Di ascoltarli, di lasciarli liberi, di non legarli a noi pretendendo riconoscimenti? Anche di lasciarli parlare, a volte. Non dire: \u201cMa tu non sai niente!\u201d. <strong>Lasciar parlare, fare posto agli altri<\/strong>.\u00a0Attiriamo gli altri a Ges\u00f9 o a noi stessi? E ancora, sull\u2019esempio di Giovanni: sappiamo gioire del fatto che le persone prendano la loro strada e seguano la loro chiamata, anche se questo comporta un po\u2019 di distacco nei nostri confronti? Ci rallegriamo per i loro traguardi, con sincerit\u00e0 e senza invidia? Questo \u00e8 lasciare crescere gli altri.<\/p>\n<p>Maria, la serva del Signore, ci aiuti ad essere liberi dagli attaccamenti, per fare posto al Signore e dare spazio agli altri.<\/p>\n<p>&nbsp;<\/p>\n<p><strong><u>Dopo l\u2019Angelus<\/u><\/strong><\/p>\n<p>Cari fratelli e sorelle, dal 18 al 25 gennaio si svolger\u00e0 la tradizionale\u00a0<em>Settimana di Preghiera per l\u2019unit\u00e0 dei cristiani<\/em>. Il tema di quest\u2019anno \u00e8 tratto dal profeta Isaia: \u00abImparate a fare il bene, cercate la giustizia\u00bb (1, 17). Ringraziamo il Signore che con fedelt\u00e0 e pazienza guida il suo popolo verso la piena comunione, e chiediamo allo Spirito Santo di illuminarci e sostenerci con i suoi doni.<\/p>\n<p>Il cammino per l\u2019unit\u00e0 dei cristiani e il cammino di conversione sinodale della Chiesa sono legati. Perci\u00f2, colgo questa occasione per annunciare che <strong>sabato 30 settembre prossimo<\/strong>, in Piazza San Pietro, avr\u00e0 luogo una\u00a0<em>Veglia ecumenica di preghiera<\/em>, con la quale affideremo a Dio i lavori della XVI Assemblea Generale Ordinaria del Sinodo dei Vescovi. Per i giovani che verranno alla Veglia ci sar\u00e0 un programma speciale in tutto quel fine settimana, a cura della Comunit\u00e0 di Taiz\u00e9. Fin da ora invito i fratelli e le sorelle di tutte le confessioni cristiane a partecipare a questo raduno del Popolo di Dio.<\/p>\n<p>&nbsp;<\/p>\n<p>Fratelli e sorelle, <strong>non dimentichiamo il martoriato popolo ucraino<\/strong>, che soffre tanto! Restiamo vicini a loro con i nostri sentimenti, con il nostro aiuto, con la nostra preghiera.<\/p>\n<p>&nbsp;<\/p>\n<p>E ora saluto voi, <strong>romani e pellegrini qui convenuti<\/strong>. In particolare, saluto i fedeli spagnoli di Murcia e quelli di Sciacca in Sicilia. La visita alla tomba di Pietro rafforzi la vostra fede e la vostra testimonianza.<\/p>\n<p>&nbsp;<\/p>\n<p>A tutti auguro una buona domenica. Per favore, non dimenticatevi di pregare per me. Buon pranzo e arrivederci.<\/p>\n<p>&nbsp;<\/p>\n","protected":false},"excerpt":{"rendered":"<p>Le parole del Papa alla recita dell\u2019Angelus (Domenica 15 gennaio 2023)<\/p>\n","protected":false},"author":1,"featured_media":9510,"comment_status":"closed","ping_status":"closed","sticky":false,"template":"","format":"standard","meta":{"jetpack_post_was_ever_published":false,"_jetpack_newsletter_access":"","_jetpack_dont_email_post_to_subs":false,"_jetpack_newsletter_tier_id":0,"_jetpack_memberships_contains_paywalled_content":false,"_jetpack_memberships_contains_paid_content":false,"footnotes":""},"categories":[4],"tags":[],"class_list":["post-11281","post","type-post","status-publish","format-standard","has-post-thumbnail","hentry","category-riflessioni"],"jetpack_featured_media_url":"https:\/\/www.santamariaapparente.com\/wp\/wp-content\/uploads\/angelus2_E.jpg","jetpack_sharing_enabled":true,"jetpack_shortlink":"https:\/\/wp.me\/p2XXfi-2VX","_links":{"self":[{"href":"https:\/\/www.santamariaapparente.com\/wp\/wp-json\/wp\/v2\/posts\/11281","targetHints":{"allow":["GET"]}}],"collection":[{"href":"https:\/\/www.santamariaapparente.com\/wp\/wp-json\/wp\/v2\/posts"}],"about":[{"href":"https:\/\/www.santamariaapparente.com\/wp\/wp-json\/wp\/v2\/types\/post"}],"author":[{"embeddable":true,"href":"https:\/\/www.santamariaapparente.com\/wp\/wp-json\/wp\/v2\/users\/1"}],"replies":[{"embeddable":true,"href":"https:\/\/www.santamariaapparente.com\/wp\/wp-json\/wp\/v2\/comments?post=11281"}],"version-history":[{"count":1,"href":"https:\/\/www.santamariaapparente.com\/wp\/wp-json\/wp\/v2\/posts\/11281\/revisions"}],"predecessor-version":[{"id":11282,"href":"https:\/\/www.santamariaapparente.com\/wp\/wp-json\/wp\/v2\/posts\/11281\/revisions\/11282"}],"wp:featuredmedia":[{"embeddable":true,"href":"https:\/\/www.santamariaapparente.com\/wp\/wp-json\/wp\/v2\/media\/9510"}],"wp:attachment":[{"href":"https:\/\/www.santamariaapparente.com\/wp\/wp-json\/wp\/v2\/media?parent=11281"}],"wp:term":[{"taxonomy":"category","embeddable":true,"href":"https:\/\/www.santamariaapparente.com\/wp\/wp-json\/wp\/v2\/categories?post=11281"},{"taxonomy":"post_tag","embeddable":true,"href":"https:\/\/www.santamariaapparente.com\/wp\/wp-json\/wp\/v2\/tags?post=11281"}],"curies":[{"name":"wp","href":"https:\/\/api.w.org\/{rel}","templated":true}]}}