{"id":11013,"date":"2022-09-30T12:33:05","date_gmt":"2022-09-30T10:33:05","guid":{"rendered":"http:\/\/www.santamariaapparente.com\/wp\/?p=11013"},"modified":"2022-09-29T12:34:49","modified_gmt":"2022-09-29T10:34:49","slug":"dichiarazione-del-cardinale-matteo-zuppi-sulle-elezioni-politiche","status":"publish","type":"post","link":"https:\/\/www.santamariaapparente.com\/wp\/dichiarazione-del-cardinale-matteo-zuppi-sulle-elezioni-politiche\/","title":{"rendered":"Dichiarazione del Cardinale Matteo Zuppi sulle elezioni politiche"},"content":{"rendered":"<p align=\"JUSTIFY\">Il<em>\u00a0testo della dichiarazione del Cardinale Matteo Zuppi, Arcivescovo di Bologna e Presidente della CEI, dopo le elezioni politiche di domenica 25 settembre 2022:<\/em><!--more--><\/p>\n<div class=\"gmail-cci_entry_content\">\n<p>\u201cL\u2019Italia ha bisogno dell\u2019impegno di ciascuno, di responsabilit\u00e0 e di partecipazione\u201d. Nell\u2019<a title=\"https:\/\/www.chiesacattolica.it\/osare-la-speranza-appello-alle-donne-e-agli-uomini-del-nostro-paese\/\" href=\"https:\/\/www.chiesacattolica.it\/osare-la-speranza-appello-alle-donne-e-agli-uomini-del-nostro-paese\/\" target=\"_blank\" rel=\"noopener\">appello del Consiglio Episcopale Permanente<\/a>, diffuso alla vigilia delle elezioni, abbiamo sottolineato quanto sia importante essere partecipi del futuro del Paese. Purtroppo, dobbiamo registrare con preoccupazione il crescente astensionismo, che ha caratterizzato questa tornata elettorale, raggiungendo livelli mai visti in passato. \u00c8 il sintomo di un disagio che non pu\u00f2 essere archiviato con superficialit\u00e0 e che deve invece essere ascoltato. Per questo, rinnoviamo con ancora maggiore convinzione l\u2019invito a \u201cessere protagonisti del futuro\u201d, nella consapevolezza che sia necessario ricostruire un tessuto di relazioni umane, di cui anche la politica non pu\u00f2 fare a meno.<\/p>\n<p>Agli eletti chiediamo di svolgere il loro mandato come \u201cun\u2019alta responsabilit\u00e0\u201d, al servizio di tutti, a cominciare dai pi\u00f9 deboli e meno garantiti. Come abbiamo ricordato nell\u2019appello, \u201cl\u2019agenda dei problemi del nostro Paese \u00e8 fitta: le povert\u00e0 in aumento costante e preoccupante, l\u2019inverno demografico, la protezione degli anziani, i divari tra i territori, la transizione ecologica e la crisi energetica, la difesa dei posti di lavoro, soprattutto per i giovani, l\u2019accoglienza, la tutela, la promozione e l\u2019integrazione dei migranti, il superamento delle lungaggini burocratiche, le riforme dell\u2019espressione democratica dello Stato e della legge elettorale\u201d. Sono alcune delle sfide che il Paese \u00e8 chiamato ad affrontare fin da subito. Senza dimenticare che la guerra in corso e le sue pesanti conseguenze richiedono un impegno di tutti e in piena sintonia con l\u2019Europa.<\/p>\n<p>La Chiesa, come gi\u00e0 ribadito, \u201ccontinuer\u00e0 a indicare, con severit\u00e0 se occorre, il bene comune e non l\u2019interesse personale, la difesa dei diritti inviolabili della persona e della comunit\u00e0\u201d. Da parte sua, nel rispetto delle dinamiche democratiche e nella distinzione dei ruoli, non far\u00e0 mancare il proprio contributo per la promozione di una societ\u00e0 pi\u00f9 giusta e inclusiva.<\/p>\n<p>&nbsp;<\/p>\n<\/div>\n<div class=\"gmail-cci_allegati\"><\/div>\n<div class=\"gmail-cci_single_date\">27 Settembre 2022<\/div>\n","protected":false},"excerpt":{"rendered":"<p>Il\u00a0testo della dichiarazione del Cardinale Matteo Zuppi, Arcivescovo di Bologna e Presidente della CEI, dopo le elezioni politiche di domenica 25 settembre 2022:<\/p>\n","protected":false},"author":1,"featured_media":10995,"comment_status":"closed","ping_status":"closed","sticky":false,"template":"","format":"standard","meta":{"jetpack_post_was_ever_published":false,"_jetpack_newsletter_access":"","_jetpack_dont_email_post_to_subs":false,"_jetpack_newsletter_tier_id":0,"_jetpack_memberships_contains_paywalled_content":false,"_jetpack_memberships_contains_paid_content":false,"footnotes":""},"categories":[4],"tags":[],"class_list":["post-11013","post","type-post","status-publish","format-standard","has-post-thumbnail","hentry","category-riflessioni"],"jetpack_featured_media_url":"https:\/\/www.santamariaapparente.com\/wp\/wp-content\/uploads\/home-elezioni-2022-400x220.png","jetpack_sharing_enabled":true,"jetpack_shortlink":"https:\/\/wp.me\/p2XXfi-2RD","_links":{"self":[{"href":"https:\/\/www.santamariaapparente.com\/wp\/wp-json\/wp\/v2\/posts\/11013","targetHints":{"allow":["GET"]}}],"collection":[{"href":"https:\/\/www.santamariaapparente.com\/wp\/wp-json\/wp\/v2\/posts"}],"about":[{"href":"https:\/\/www.santamariaapparente.com\/wp\/wp-json\/wp\/v2\/types\/post"}],"author":[{"embeddable":true,"href":"https:\/\/www.santamariaapparente.com\/wp\/wp-json\/wp\/v2\/users\/1"}],"replies":[{"embeddable":true,"href":"https:\/\/www.santamariaapparente.com\/wp\/wp-json\/wp\/v2\/comments?post=11013"}],"version-history":[{"count":1,"href":"https:\/\/www.santamariaapparente.com\/wp\/wp-json\/wp\/v2\/posts\/11013\/revisions"}],"predecessor-version":[{"id":11014,"href":"https:\/\/www.santamariaapparente.com\/wp\/wp-json\/wp\/v2\/posts\/11013\/revisions\/11014"}],"wp:featuredmedia":[{"embeddable":true,"href":"https:\/\/www.santamariaapparente.com\/wp\/wp-json\/wp\/v2\/media\/10995"}],"wp:attachment":[{"href":"https:\/\/www.santamariaapparente.com\/wp\/wp-json\/wp\/v2\/media?parent=11013"}],"wp:term":[{"taxonomy":"category","embeddable":true,"href":"https:\/\/www.santamariaapparente.com\/wp\/wp-json\/wp\/v2\/categories?post=11013"},{"taxonomy":"post_tag","embeddable":true,"href":"https:\/\/www.santamariaapparente.com\/wp\/wp-json\/wp\/v2\/tags?post=11013"}],"curies":[{"name":"wp","href":"https:\/\/api.w.org\/{rel}","templated":true}]}}