{"id":10885,"date":"2022-08-03T11:37:21","date_gmt":"2022-08-03T09:37:21","guid":{"rendered":"http:\/\/www.santamariaapparente.com\/wp\/?p=10885"},"modified":"2022-08-03T11:37:21","modified_gmt":"2022-08-03T09:37:21","slug":"angelus-31-luglio-2022","status":"publish","type":"post","link":"https:\/\/www.santamariaapparente.com\/wp\/angelus-31-luglio-2022\/","title":{"rendered":"Angelus &#8211; 31 luglio 2022"},"content":{"rendered":"<p>Alle 12 di domenica 31 luglio, Francesco dalla finestra dello studio nel Palazzo Apostolico Vaticano ha recitato l\u2019<i>Angelus<\/i> con i pellegrini e i fedeli convenuti in Piazza San Pietro. Di seguito,\u00a0le parole del Papa che hanno introdotto e seguito la preghiera mariana<!--more--><\/p>\n<p>Cari fratelli e sorelle, buongiorno! Nel Vangelo della Liturgia odierna, un uomo rivolge a Ges\u00f9 questa richiesta: \u00abMaestro, di\u2019 a mio fratello che divida con me l\u2019eredit\u00e0\u00bb (<i>Lc<\/i>\u00a012, 13). \u00c8 una situazione molto comune, problemi simili sono ancora all\u2019ordine del giorno: quanti fratelli e sorelle, quanti membri della stessa famiglia purtroppo litigano, e magari non si parlano pi\u00f9, a causa dell\u2019eredit\u00e0!<\/p>\n<p>Ges\u00f9, rispondendo a quell\u2019uomo, non entra nei particolari, ma va alla radice delle divisioni causate dal possesso delle cose, e dice chiaramente: \u00abTenetevi lontani da ogni cupidigia\u00bb (v. 15). Che cos\u2019\u00e8 la\u00a0<i>cupidigia<\/i>? \u00c8 l\u2019avidit\u00e0 sfrenata di beni, il volere sempre arricchirsi. \u00c8 una malattia che distrugge le persone, perch\u00e9 la fame di possesso crea dipendenza. Soprattutto <b>chi ha tanto non si accontenta mai: vuole sempre di pi\u00f9, e solo per s\u00e9<\/b>. Ma cos\u00ec non \u00e8 pi\u00f9 libero: \u00e8 attaccato, schiavo di ci\u00f2 che paradossalmente doveva servirgli per vivere libero e sereno. Anzich\u00e9\u00a0<i>servirsi<\/i>\u00a0del denaro, diventa\u00a0<i>servo<\/i>\u00a0del denaro. Ma la cupidigia \u00e8 una malattia pericolosa anche per la societ\u00e0: a causa sua siamo arrivati oggi ad altri paradossi, a un\u2019ingiustizia come mai prima nella storia, dove pochi hanno tanto e tanti hanno poco o niente. Pensiamo anche alle guerre e ai conflitti: quasi sempre c\u2019entrano la brama di risorse e ricchezze. Quanti interessi ci sono dietro a una guerra! Di sicuro uno di questi \u00e8<b> il commercio delle armi. Questo commercio \u00e8 uno scandalo a cui non dobbiamo e non possiamo rassegnarci<\/b>.<\/p>\n<p>Ges\u00f9 oggi ci insegna che, al cuore di tutto questo, non ci sono solo alcuni potenti o certi sistemi economici: al centro c\u2019\u00e8 la cupidigia che \u00e8\u00a0<i>nel cuore di ciascuno<\/i>. E allora proviamo a chiederci: come va il mio distacco dai beni, dalle ricchezze? Mi lamento per ci\u00f2 che mi manca o so accontentarmi di quello che ho? Sono tentato, in nome dei soldi e delle opportunit\u00e0, di sacrificare le relazioni e sacrificare il tempo per gli altri? E ancora, mi capita di sacrificare sull\u2019altare della cupidigia la legalit\u00e0 e l\u2019onest\u00e0? Ho detto \u201caltare\u201d, altare della cupidigia, ma perch\u00e9 ho detto altare? Perch\u00e9 i beni materiali, i soldi, le ricchezze possono diventare un culto, una vera e propria idolatria. Perci\u00f2 Ges\u00f9 ci mette in guardia con parole forti. Dice che\u00a0<i>non si possono servire due padroni<\/i>, e \u2013 stiamo attenti \u2013 non dice Dio e il diavolo, no, oppure il bene e il male, ma\u00a0<i>Dio e le ricchezze<\/i>\u00a0(cf.\u00a0<i>Lc<\/i>\u00a016, 13). Ci si aspetterebbe che dicesse: non si pu\u00f2 servire due padroni, Dio e il diavolo. Invece dice:\u00a0<i>Dio e le ricchezze<\/i>. Servirsi delle ricchezze s\u00ec; servire la ricchezza no: \u00e8 idolatria, \u00e8 offendere Dio.<\/p>\n<p>E allora \u2013 potremmo pensare \u2013 non si pu\u00f2 desiderare di essere ricchi? Certo che si pu\u00f2, anzi, \u00e8 giusto desiderarlo, \u00e8 bello diventare ricchi, ma\u00a0<i>ricchi secondo Dio<\/i>! Dio \u00e8 il pi\u00f9 ricco di tutti: \u00e8 ricco di compassione, di misericordia. La sua ricchezza non impoverisce nessuno, non crea litigi e divisioni. \u00c8 una ricchezza che ama dare, distribuire, condividere. Fratelli, sorelle, accumulare beni materiali non basta a vivere bene, perch\u00e9 \u2013 dice ancora Ges\u00f9 \u2013 la vita non dipende da ci\u00f2 che si possiede (cf.\u00a0<i>Lc<\/i>\u00a012, 15). <b>Dipende invece dalle buone relazioni: con Dio, con gli altri e anche con chi ha di meno<\/b>. Dunque, ci chiediamo: io, come voglio arricchirmi? Voglio arricchirmi secondo Dio o secondo la mia cupidigia? E tornando al tema dell\u2019eredit\u00e0, quale eredit\u00e0 voglio lasciare? Soldi in banca, cose materiali, o gente contenta attorno a me, opere di bene che non si dimenticano, persone che ho aiutato a crescere e maturare?<\/p>\n<p>La Madonna ci aiuti a capire quali sono i veri beni della vita, quelli che restano per sempre.<\/p>\n<p><a name=\"dopo\"><\/a><b><u>Dopo l\u2019Angelus<\/u><\/b><\/p>\n<p>Cari fratelli e sorelle! Ieri mattina sono rientrato a Roma dopo il viaggio apostolico di sei giorni in <b>Canada<\/b>. Ho intenzione di parlarne nell\u2019Udienza generale di mercoled\u00ec prossimo, ma ora desidero ringraziare tutti coloro che hanno reso possibile questo pellegrinaggio penitenziale, a partire dalle Autorit\u00e0 civili, dai Capi delle popolazioni indigene e dai Vescovi canadesi. Ringrazio di cuore quanti mi hanno accompagnato con la loro preghiera. Grazie a tutti!<\/p>\n<p>Anche durante il viaggio non ho mai smesso di pregare per il <b>popolo ucraino<\/b>, aggredito e martoriato, chiedendo a Dio di liberarlo dal flagello della guerra. Se si guardasse la realt\u00e0 obiettivamente, considerando i danni che ogni giorno di guerra porta a quella popolazione ma anche al mondo intero, l\u2019unica cosa ragionevole da fare sarebbe fermarsi e negoziare. Che la saggezza ispiri passi concreti di pace.<\/p>\n<p>Rivolgo il mio saluto a voi, <b>romani e pellegrini<\/b>. Saluto, in particolare, le novizie Figlie di Maria Ausiliatrice che si accingono a fare la prima Professione religiosa; il gruppo di Azione Cattolica di Barletta; i giovani della diocesi di Verona; i ragazzi dell\u2019Unit\u00e0 pastorale \u201cPieve di Scandiano\u201d; e quelli del gruppo \u201cGonzaga\u201d di Carimate, Montesolaro, Figino e Novedrate, che hanno camminato sulla Via Francigena. Nella festa di Sant\u2019Ignazio di Loyola rivolgo un affettuoso saluto ai miei confratelli gesuiti. Continuate a camminare con zelo, con gioia nel servizio del Signore. Siate Coraggiosi!<\/p>\n<p>Auguro a tutti una buona domenica. Per favore, non dimenticatevi di pregare per me. Buon pranzo e arrivederci!<\/p>\n<p>2)\u00a0VIAGGIO APOSTOLICO IN CANADA\u00a0(24 &#8211; 30 LUGLIO 2022). Discorso di Francesco incontrando i giovani e gli anziani (29 luglio). In allegato<\/p>\n","protected":false},"excerpt":{"rendered":"<p>Alle 12 di domenica 31 luglio, Francesco dalla finestra dello studio nel Palazzo Apostolico Vaticano ha recitato l\u2019Angelus con i pellegrini e i fedeli convenuti in Piazza San Pietro. Di seguito,\u00a0le parole del Papa che hanno introdotto e seguito la preghiera mariana<\/p>\n","protected":false},"author":1,"featured_media":9510,"comment_status":"closed","ping_status":"closed","sticky":false,"template":"","format":"standard","meta":{"jetpack_post_was_ever_published":false,"_jetpack_newsletter_access":"","_jetpack_dont_email_post_to_subs":false,"_jetpack_newsletter_tier_id":0,"_jetpack_memberships_contains_paywalled_content":false,"_jetpack_memberships_contains_paid_content":false,"footnotes":""},"categories":[4],"tags":[],"class_list":["post-10885","post","type-post","status-publish","format-standard","has-post-thumbnail","hentry","category-riflessioni"],"jetpack_featured_media_url":"https:\/\/www.santamariaapparente.com\/wp\/wp-content\/uploads\/angelus2_E.jpg","jetpack_sharing_enabled":true,"jetpack_shortlink":"https:\/\/wp.me\/p2XXfi-2Pz","_links":{"self":[{"href":"https:\/\/www.santamariaapparente.com\/wp\/wp-json\/wp\/v2\/posts\/10885","targetHints":{"allow":["GET"]}}],"collection":[{"href":"https:\/\/www.santamariaapparente.com\/wp\/wp-json\/wp\/v2\/posts"}],"about":[{"href":"https:\/\/www.santamariaapparente.com\/wp\/wp-json\/wp\/v2\/types\/post"}],"author":[{"embeddable":true,"href":"https:\/\/www.santamariaapparente.com\/wp\/wp-json\/wp\/v2\/users\/1"}],"replies":[{"embeddable":true,"href":"https:\/\/www.santamariaapparente.com\/wp\/wp-json\/wp\/v2\/comments?post=10885"}],"version-history":[{"count":1,"href":"https:\/\/www.santamariaapparente.com\/wp\/wp-json\/wp\/v2\/posts\/10885\/revisions"}],"predecessor-version":[{"id":10886,"href":"https:\/\/www.santamariaapparente.com\/wp\/wp-json\/wp\/v2\/posts\/10885\/revisions\/10886"}],"wp:featuredmedia":[{"embeddable":true,"href":"https:\/\/www.santamariaapparente.com\/wp\/wp-json\/wp\/v2\/media\/9510"}],"wp:attachment":[{"href":"https:\/\/www.santamariaapparente.com\/wp\/wp-json\/wp\/v2\/media?parent=10885"}],"wp:term":[{"taxonomy":"category","embeddable":true,"href":"https:\/\/www.santamariaapparente.com\/wp\/wp-json\/wp\/v2\/categories?post=10885"},{"taxonomy":"post_tag","embeddable":true,"href":"https:\/\/www.santamariaapparente.com\/wp\/wp-json\/wp\/v2\/tags?post=10885"}],"curies":[{"name":"wp","href":"https:\/\/api.w.org\/{rel}","templated":true}]}}