{"id":10796,"date":"2022-06-15T13:32:09","date_gmt":"2022-06-15T11:32:09","guid":{"rendered":"http:\/\/www.santamariaapparente.com\/wp\/?p=10796"},"modified":"2022-06-15T13:32:09","modified_gmt":"2022-06-15T11:32:09","slug":"incontro-con-i-genitori-4","status":"publish","type":"post","link":"https:\/\/www.santamariaapparente.com\/wp\/incontro-con-i-genitori-4\/","title":{"rendered":"Incontro con i genitori"},"content":{"rendered":"<p>Domenica 12 giugno, dalle 17,15 alle 18,25 ho incontrato i genitori dei bambini e bambine di IV elementare, primo anno di catechesi (nell&#8217;anno precedente, si incontrano i genitori per ravvivare l&#8217;impegno assunto chiedendo il Battesimo dei figli). Abbiamo richiamato le attivit\u00e0 svolte e chiesto loro una verifica, come anche dei suggerimenti. Alle famiglie presenti (una decina) si \u00e8 dato un foglio nel quale hanno potuto scrivere i loro pareri. Lo si invier\u00e0 anche alle famiglie che non hanno potuto partecipare affinch\u00e9 \u2013 se lo ritengono \u2013 possano dare il loro contributo. Da ora, inizia per i genitori il tempo nel quale far vedere ai figli se quanto abbiamo proposto \u00e8 importante e da proseguire&#8230; Che lo Spirito della verit\u00e0 guidi i nostri passi&#8230; (in allegato, la paginetta).<\/p>\n<p>Don Emilio<\/p>\n","protected":false},"excerpt":{"rendered":"<p>Domenica 12 giugno, dalle 17,15 alle 18,25 ho incontrato i genitori dei bambini e bambine di IV elementare, primo anno di catechesi (nell&#8217;anno precedente, si incontrano i genitori per ravvivare l&#8217;impegno assunto chiedendo il Battesimo dei figli). Abbiamo richiamato le attivit\u00e0 svolte e chiesto loro una verifica, come anche dei suggerimenti. Alle famiglie presenti (una [&hellip;]<\/p>\n","protected":false},"author":1,"featured_media":4767,"comment_status":"closed","ping_status":"closed","sticky":false,"template":"","format":"standard","meta":{"jetpack_post_was_ever_published":false,"_jetpack_newsletter_access":"","_jetpack_dont_email_post_to_subs":false,"_jetpack_newsletter_tier_id":0,"_jetpack_memberships_contains_paywalled_content":false,"_jetpack_memberships_contains_paid_content":false,"footnotes":""},"categories":[6],"tags":[],"class_list":["post-10796","post","type-post","status-publish","format-standard","has-post-thumbnail","hentry","category-stare-insieme"],"jetpack_featured_media_url":"https:\/\/www.santamariaapparente.com\/wp\/wp-content\/uploads\/incontro_genitori_E.jpg","jetpack_sharing_enabled":true,"jetpack_shortlink":"https:\/\/wp.me\/p2XXfi-2O8","_links":{"self":[{"href":"https:\/\/www.santamariaapparente.com\/wp\/wp-json\/wp\/v2\/posts\/10796","targetHints":{"allow":["GET"]}}],"collection":[{"href":"https:\/\/www.santamariaapparente.com\/wp\/wp-json\/wp\/v2\/posts"}],"about":[{"href":"https:\/\/www.santamariaapparente.com\/wp\/wp-json\/wp\/v2\/types\/post"}],"author":[{"embeddable":true,"href":"https:\/\/www.santamariaapparente.com\/wp\/wp-json\/wp\/v2\/users\/1"}],"replies":[{"embeddable":true,"href":"https:\/\/www.santamariaapparente.com\/wp\/wp-json\/wp\/v2\/comments?post=10796"}],"version-history":[{"count":1,"href":"https:\/\/www.santamariaapparente.com\/wp\/wp-json\/wp\/v2\/posts\/10796\/revisions"}],"predecessor-version":[{"id":10797,"href":"https:\/\/www.santamariaapparente.com\/wp\/wp-json\/wp\/v2\/posts\/10796\/revisions\/10797"}],"wp:featuredmedia":[{"embeddable":true,"href":"https:\/\/www.santamariaapparente.com\/wp\/wp-json\/wp\/v2\/media\/4767"}],"wp:attachment":[{"href":"https:\/\/www.santamariaapparente.com\/wp\/wp-json\/wp\/v2\/media?parent=10796"}],"wp:term":[{"taxonomy":"category","embeddable":true,"href":"https:\/\/www.santamariaapparente.com\/wp\/wp-json\/wp\/v2\/categories?post=10796"},{"taxonomy":"post_tag","embeddable":true,"href":"https:\/\/www.santamariaapparente.com\/wp\/wp-json\/wp\/v2\/tags?post=10796"}],"curies":[{"name":"wp","href":"https:\/\/api.w.org\/{rel}","templated":true}]}}