{"id":10729,"date":"2022-05-25T10:03:30","date_gmt":"2022-05-25T08:03:30","guid":{"rendered":"http:\/\/www.santamariaapparente.com\/wp\/?p=10729"},"modified":"2022-05-25T10:03:30","modified_gmt":"2022-05-25T08:03:30","slug":"regina-caeli-9","status":"publish","type":"post","link":"https:\/\/www.santamariaapparente.com\/wp\/regina-caeli-9\/","title":{"rendered":"Regina Caeli"},"content":{"rendered":"<p><i>Alle ore 12 di oggi, Francesco si \u00e8 affacciato alla finestra dello studio nel Palazzo Apostolico Vaticano per recitare il\u00a0Regina Caeli\u00a0con i fedeli ed i pellegrini riuniti in Piazza San Pietro. Di seguito, le parole del Papa prima e dopo la preghiera mariana:<\/i><\/p>\n<p><a name=\"pr\"><\/a><\/p>\n<p>Cari fratelli e sorelle, buona domenica! Nel Vangelo della Liturgia di oggi Ges\u00f9, dando l\u2019addio ai suoi discepoli durante l\u2019ultima cena, dice, quasi come una sorta di testamento: \u00abVi lascio la pace\u00bb. E subito aggiunge: \u00abVi do la mia pace\u00bb (<i>Gv\u00a0<\/i>14, 27). Soffermiamoci su queste brevi frasi.<\/p>\n<p>Anzitutto\u00a0<i>vi lascio la pace<\/i>. Ges\u00f9 si congeda con parole che esprimono affetto e serenit\u00e0, ma lo fa in un momento tutt\u2019altro che sereno. Giuda \u00e8 uscito per tradirlo, Pietro sta per rinnegarlo, e quasi tutti per abbandonarlo: il Signore lo sa, eppure non rimprovera, non usa parole severe, non fa discorsi duri. Anzich\u00e9 mostrare agitazione, rimane gentile fino alla fine. <b>Un proverbio dice che si muore cos\u00ec come si \u00e8 vissuto<\/b>. Le ultime ore di Ges\u00f9 sono in effetti come l\u2019essenza di tutta la sua vita. Prova paura e dolore, ma non d\u00e0 spazio al risentimento e alla protesta. Non si lascia andare all\u2019amarezza, non si sfoga, non \u00e8 insofferente. \u00c8 in pace, una pace che viene dal suo cuore mite, abitato dalla fiducia. E da qui sgorga la pace che Ges\u00f9 ci lascia. Perch\u00e9 non si pu\u00f2 lasciare agli altri la pace se non la si ha in s\u00e9. Non si pu\u00f2\u00a0<i>dare<\/i>\u00a0pace se non si\u00a0<i>\u00e8<\/i>\u00a0in pace.<\/p>\n<p><i>Vi lascio la pace<\/i>: Ges\u00f9 dimostra che <b>la mitezza \u00e8 possibile<\/b>. Lui l\u2019ha incarnata proprio nel momento pi\u00f9 difficile; e desidera che ci comportiamo cos\u00ec anche noi, che siamo gli eredi della sua pace. Ci vuole miti, aperti, disponibili all\u2019ascolto, capaci di disinnescare le contese e di tessere concordia. Questo \u00e8 testimoniare Ges\u00f9 e vale pi\u00f9 di mille parole e di tante prediche. La testimonianza di pace. Chiediamoci se, nei luoghi dove viviamo, noi discepoli di Ges\u00f9 ci comportiamo cos\u00ec: allentiamo le tensioni, spegniamo i conflitti? Siamo anche noi in attrito con qualcuno, sempre pronti a reagire, a esplodere, o sappiamo rispondere con la non violenza, sappiamo rispondere con gesti e parole di pace? Come reagisco io? Ognuno se lo domandi.<\/p>\n<p>Certo, questa mitezza non \u00e8 facile: quanta fatica si fa, ad ogni livello, a disinnescare i conflitti! Qui ci viene in aiuto la seconda frase di Ges\u00f9:\u00a0<i>vi do la mia pace<\/i>. Ges\u00f9 sa che da soli non siamo in grado di custodire la pace, che ci serve un aiuto, un dono. <b>La pace, che \u00e8 impegno nostro, \u00e8 prima di tutto dono di Dio<\/b>. Ges\u00f9 infatti dice: \u00abVi do la mia pace. Non come la d\u00e0 il mondo, io la do a voi\u00bb (v.<i>\u00a0<\/i>27). Che cos\u2019\u00e8 questa pace che il mondo non conosce e il Signore ci dona? <b>Questa pace \u00e8 lo Spirito Santo, lo stesso Spirito di Ges\u00f9<\/b>. \u00c8 la presenza di Dio in noi, \u00e8 \u201cla forza di pace\u201d di Dio. \u00c8 Lui, lo Spirito Santo, che disarma il cuore e lo riempie di serenit\u00e0. \u00c8 Lui, lo Spirito Santo, che scioglie le rigidit\u00e0 e spegne le tentazioni di aggredire gli altri. \u00c8 Lui, lo Spirito Santo, a ricordarci che accanto a noi ci sono fratelli e sorelle, non ostacoli e avversari. \u00c8 Lui, lo Spirito Santo, che ci d\u00e0 la forza di perdonare, di ricominciare, di ripartire, perch\u00e9 con le nostre forze non possiamo. Ed \u00e8 con Lui, con lo Spirito Santo, che si diventa uomini e donne di pace.<\/p>\n<p>Cari fratelli e sorelle, nessun peccato, nessun fallimento, nessun rancore deve scoraggiarci dal <b>domandare con insistenza il dono dello Spirito Santo<\/b> che ci d\u00e0 la pace. Pi\u00f9 sentiamo che il cuore \u00e8 agitato, pi\u00f9 avvertiamo dentro di noi nervosismo, insofferenza, rabbia, pi\u00f9 dobbiamo chiedere al Signore lo Spirito della pace. Impariamo a dire ogni giorno: \u201cSignore, dammi la tua pace, dammi lo Spirito Santo\u201d. \u00c8 una bella preghiera. La diciamo insieme? \u201cSignore, dammi la tua pace, dammi lo Spirito Santo\u201d. Non ho sentito bene, un\u2019altra volta: \u201cSignore, dammi la tua pace, dammi lo Spirito Santo\u201d. E chiediamolo anche per chi vive accanto a noi, per chi incontriamo ogni giorno, e per i responsabili delle Nazioni.<\/p>\n<p>La Madonna ci aiuti ad accogliere lo Spirito Santo per essere operatori di pace.<\/p>\n<p><b><u>Dopo il Regina Caeli<\/u><\/b><\/p>\n<p>Cari fratelli e sorelle! Oggi pomeriggio, a Lione, sar\u00e0 beatificata <b>Paolina Maria Jaricot<\/b>, fondatrice dell\u2019Opera della Propagazione della Fede, per il sostegno alle missioni. Questa fedele laica, vissuta nella prima met\u00e0 dell\u2019Ottocento, \u00e8 stata una donna coraggiosa, attenta ai cambiamenti dei tempi con una visione universale della missione della Chiesa. Il suo esempio susciti in tutti il desiderio di partecipare, con la preghiera e la carit\u00e0, alla diffusione del Vangelo nel mondo. Un applauso alla nuova Beata!<\/p>\n<p>Oggi inizia la Settimana\u00a0<i>Laudato si\u2019<\/i>, per ascoltare sempre pi\u00f9 attentamente il grido della Terra, che ci sprona ad agire insieme nel prenderci cura della casa comune. Ringrazio il Dicastero per il Servizio dello Sviluppo Umano Integrale e le numerose organizzazioni aderenti, e invito tutti a partecipare.<\/p>\n<p>Marted\u00ec prossimo ricorre la memoria della <b>Beata Vergine Maria Aiuto dei Cristiani<\/b>, particolarmente sentita dai cattolici in Cina, che venerano l\u2019Ausiliatrice come loro Patrona, nel Santuario di Sheshan a Shanghai, in numerose chiese del Paese e nelle loro case. La lieta circostanza mi offre l\u2019occasione per rinnovare loro l\u2019assicurazione della mia vicinanza spirituale; seguo con attenzione e partecipazione la vita e le vicende di fedeli e pastori, spesso complesse, e prego ogni giorno per loro. Vi invito ad unirvi in questa preghiera, affinch\u00e9 la Chiesa in Cina, in libert\u00e0 e tranquillit\u00e0, possa vivere in comunione effettiva con la Chiesa universale ed esercitare la sua missione di annuncio del Vangelo a tutti, offrendo cos\u00ec anche un positivo contributo al progresso spirituale e materiale della societ\u00e0.<\/p>\n<p>E saluto tutti voi, romani e pellegrini dell\u2019Italia e di tanti Paesi. In particolare, saluto i fedeli di Spagna, Portogallo, Francia, Belgio, Polonia e Portorico; i sacerdoti dell\u2019Ecuador; la comunit\u00e0 Emmaus di Foggia; i volontari del Soccorso di Saint-Pierre (Aosta), gli studenti di Verona e i ragazzi di Sombreno, diocesi di Bergamo.<\/p>\n<p>Saluto quanti hanno partecipato a Roma alla <b>manifestazione nazionale\u201cScegliamo la Vita\u201d<\/b>. Vi ringrazio per il vostro impegno a favore della vita e in difesa dell\u2019obiezione di coscienza, il cui esercizio si tenta spesso di limitare. Purtroppo, negli ultimi anni c\u2019\u00e8 stato un mutamento della mentalit\u00e0 comune e oggi siamo sempre pi\u00f9 portati a pensare che la vita sia un bene a nostra totale disposizione, che possiamo scegliere di manipolare, far nascere o morire a nostro piacimento, come l\u2019esito esclusivo di una scelta individuale. Ricordiamo che la vita \u00e8 un dono di Dio! Essa \u00e8 sempre sacra e inviolabile, e non possiamo far tacere la voce della coscienza.<\/p>\n<p>Buona domenica a tutti voi! Per favore, non dimenticatevi di pregare per me. Buon pranzo e arrivederci.<\/p>\n","protected":false},"excerpt":{"rendered":"<p>Alle ore 12 di oggi, Francesco si \u00e8 affacciato alla finestra dello studio nel Palazzo Apostolico Vaticano per recitare il\u00a0Regina Caeli\u00a0con i fedeli ed i pellegrini riuniti in Piazza San Pietro. Di seguito, le parole del Papa prima e dopo la preghiera mariana: Cari fratelli e sorelle, buona domenica! Nel Vangelo della Liturgia di oggi [&hellip;]<\/p>\n","protected":false},"author":1,"featured_media":9072,"comment_status":"closed","ping_status":"closed","sticky":false,"template":"","format":"standard","meta":{"jetpack_post_was_ever_published":false,"_jetpack_newsletter_access":"","_jetpack_dont_email_post_to_subs":false,"_jetpack_newsletter_tier_id":0,"_jetpack_memberships_contains_paywalled_content":false,"_jetpack_memberships_contains_paid_content":false,"footnotes":""},"categories":[4],"tags":[],"class_list":["post-10729","post","type-post","status-publish","format-standard","has-post-thumbnail","hentry","category-riflessioni"],"jetpack_featured_media_url":"https:\/\/www.santamariaapparente.com\/wp\/wp-content\/uploads\/regina-caeli.jpg","jetpack_sharing_enabled":true,"jetpack_shortlink":"https:\/\/wp.me\/p2XXfi-2N3","_links":{"self":[{"href":"https:\/\/www.santamariaapparente.com\/wp\/wp-json\/wp\/v2\/posts\/10729","targetHints":{"allow":["GET"]}}],"collection":[{"href":"https:\/\/www.santamariaapparente.com\/wp\/wp-json\/wp\/v2\/posts"}],"about":[{"href":"https:\/\/www.santamariaapparente.com\/wp\/wp-json\/wp\/v2\/types\/post"}],"author":[{"embeddable":true,"href":"https:\/\/www.santamariaapparente.com\/wp\/wp-json\/wp\/v2\/users\/1"}],"replies":[{"embeddable":true,"href":"https:\/\/www.santamariaapparente.com\/wp\/wp-json\/wp\/v2\/comments?post=10729"}],"version-history":[{"count":1,"href":"https:\/\/www.santamariaapparente.com\/wp\/wp-json\/wp\/v2\/posts\/10729\/revisions"}],"predecessor-version":[{"id":10730,"href":"https:\/\/www.santamariaapparente.com\/wp\/wp-json\/wp\/v2\/posts\/10729\/revisions\/10730"}],"wp:featuredmedia":[{"embeddable":true,"href":"https:\/\/www.santamariaapparente.com\/wp\/wp-json\/wp\/v2\/media\/9072"}],"wp:attachment":[{"href":"https:\/\/www.santamariaapparente.com\/wp\/wp-json\/wp\/v2\/media?parent=10729"}],"wp:term":[{"taxonomy":"category","embeddable":true,"href":"https:\/\/www.santamariaapparente.com\/wp\/wp-json\/wp\/v2\/categories?post=10729"},{"taxonomy":"post_tag","embeddable":true,"href":"https:\/\/www.santamariaapparente.com\/wp\/wp-json\/wp\/v2\/tags?post=10729"}],"curies":[{"name":"wp","href":"https:\/\/api.w.org\/{rel}","templated":true}]}}