{"id":10494,"date":"2022-02-05T15:05:15","date_gmt":"2022-02-05T14:05:15","guid":{"rendered":"http:\/\/www.santamariaapparente.com\/wp\/?p=10494"},"modified":"2022-02-05T15:05:15","modified_gmt":"2022-02-05T14:05:15","slug":"linizio-delle-attivita-dellanno-2021-2022-del-gruppo-gen","status":"publish","type":"post","link":"https:\/\/www.santamariaapparente.com\/wp\/linizio-delle-attivita-dellanno-2021-2022-del-gruppo-gen\/","title":{"rendered":"L\u2019inizio delle attivit\u00e0 dell\u2019anno 2021-2022 del \u201cgruppo Gen\u201d"},"content":{"rendered":"<div>Con <span dir=\"ltr\">sabato 4 dicembre<\/span> abbiamo ripreso gli incontri settimanali del <span dir=\"ltr\">sabato pomeriggio<\/span> con i ragazzi e le ragazze della fascia di et\u00e0 che va dalla 5<sup>a<\/sup> elementare alla 2<sup>a<\/sup> media, dopo un lungo e forzato stop. Ci eravamo rivisti in verit\u00e0 in due occasioni nella scorsa estate, ma consapevoli che il trovarsi settimanalmente \u00e8 un\u2019altra cosa, si \u00e8 deciso di ricominciare nonostante ci fosse ancora qualche timore per la situazione legata alla pandemia.<\/div>\n<p><!--more--><\/p>\n<div><\/div>\n<div>Abbiamo vissuto insieme tre pomeriggi (4, 11 e <span dir=\"ltr\">18 dicembre<\/span>) nei quali abbiamo passato insieme un po\u2019 di tempo per fare conoscenza, in alcuni casi, per giocare e offrire qualche spunto di riflessione.<\/div>\n<div><strong>Sabato 4<\/strong> abbiamo realizzato un bel sole su un cartellone. Vi abbiamo scritto i nostri nomi, per poterli conoscere, e soprattutto per permettere a <strong>Dio<\/strong>di avvolgerci con la Sua Luce e suggellare la nostra conoscenza e amicizia. Abbiamo voluto con questo gesto prenderci un impegno e ci siamo resi conto che i ragazzi sono sempre pronti a mettersi in gioco. Poi abbiamo giocato veramente! Un gioco a tappe in cui ognuno ha potuto evidenziare e mettere in luce i propri talenti.<\/div>\n<div>Il <strong>sabato successivo<\/strong>, vivendo ormai il periodo di Avvento, abbiamo riflettuto sul <strong>Natale<\/strong>. Si sono invitati i ragazzi a pensare alle persone che incontrano ogni giorno e fanno parte della loro vita e si \u00e8 suggerito di chiedersi cosa potessero fare per voler loro bene\u2026 cio\u00e8 come poter vivere quell\u2019amore che Ges\u00f9 ci ha fatto vedere e ha insegnato, e come coltivare nel cuore buoni propositi. Anche questa volta non ci siamo limitati alle parole; bens\u00ec si \u00e8 cercato di imprimerle sulla carta e nell\u2019animo decorando con delle palline speciali il nostro albero di Natale. Anche questa volta non \u00e8 mancato il gioco, che d\u00e0 sempre la possibilit\u00e0 di divertirsi e acquisire quella leggerezza e spensieratezza che pu\u00f2 aiutare ad affrontare le difficolt\u00e0 legate alla pandemia o ad altri problemi con una certa serenit\u00e0.<\/div>\n<div><span dir=\"ltr\">Il <\/span><strong><span dir=\"ltr\">18 dicembre<\/span><\/strong> abbiamo voluto approfondire il senso dei vari momenti della <strong>Santa Messa<\/strong>; don Emilio ha celebrato la Messa per loro facendoli cogliere: la convocazione inziale, l\u2019atto penitenziale, la liturgia della Parola e la liturgia Eucaristica. C\u2019\u00e8 stata una grande attenzione. I ragazzi sono stati molto contenti e l&#8217;hanno definita una &#8220;Messa speciale&#8221;, ma anche per noi pi\u00f9 adulti \u00e8 stata l\u2019occasione per riscoprire questo evento cos\u00ec importante nella nostra vita come in quella della parrocchia.<\/div>\n<div><\/div>\n<div>Poi con i primi giorni di gennaio si sono moltiplicati i contagi, nelle scuole e in tante famiglie, con la quarantena \u2026 Vista la criticit\u00e0 della situazione ci \u00e8 sembrato prudente non riprendere gli incontri e speriamo di poterlo fare al pi\u00f9 presto \u2026 per continuare il \u201ccammino\u201d e proseguire il percorso avviato.<\/div>\n","protected":false},"excerpt":{"rendered":"<p>Con sabato 4 dicembre abbiamo ripreso gli incontri settimanali del sabato pomeriggio con i ragazzi e le ragazze della fascia di et\u00e0 che va dalla 5a elementare alla 2a media, dopo un lungo e forzato stop. Ci eravamo rivisti in verit\u00e0 in due occasioni nella scorsa estate, ma consapevoli che il trovarsi settimanalmente \u00e8 un\u2019altra [&hellip;]<\/p>\n","protected":false},"author":1,"featured_media":8126,"comment_status":"closed","ping_status":"closed","sticky":false,"template":"","format":"standard","meta":{"jetpack_post_was_ever_published":false,"_jetpack_newsletter_access":"","_jetpack_dont_email_post_to_subs":false,"_jetpack_newsletter_tier_id":0,"_jetpack_memberships_contains_paywalled_content":false,"_jetpack_memberships_contains_paid_content":false,"footnotes":""},"categories":[6],"tags":[],"class_list":["post-10494","post","type-post","status-publish","format-standard","has-post-thumbnail","hentry","category-stare-insieme"],"jetpack_featured_media_url":"https:\/\/www.santamariaapparente.com\/wp\/wp-content\/uploads\/attivita\u0300-estive_E.jpg","jetpack_sharing_enabled":true,"jetpack_shortlink":"https:\/\/wp.me\/p2XXfi-2Jg","_links":{"self":[{"href":"https:\/\/www.santamariaapparente.com\/wp\/wp-json\/wp\/v2\/posts\/10494","targetHints":{"allow":["GET"]}}],"collection":[{"href":"https:\/\/www.santamariaapparente.com\/wp\/wp-json\/wp\/v2\/posts"}],"about":[{"href":"https:\/\/www.santamariaapparente.com\/wp\/wp-json\/wp\/v2\/types\/post"}],"author":[{"embeddable":true,"href":"https:\/\/www.santamariaapparente.com\/wp\/wp-json\/wp\/v2\/users\/1"}],"replies":[{"embeddable":true,"href":"https:\/\/www.santamariaapparente.com\/wp\/wp-json\/wp\/v2\/comments?post=10494"}],"version-history":[{"count":1,"href":"https:\/\/www.santamariaapparente.com\/wp\/wp-json\/wp\/v2\/posts\/10494\/revisions"}],"predecessor-version":[{"id":10495,"href":"https:\/\/www.santamariaapparente.com\/wp\/wp-json\/wp\/v2\/posts\/10494\/revisions\/10495"}],"wp:featuredmedia":[{"embeddable":true,"href":"https:\/\/www.santamariaapparente.com\/wp\/wp-json\/wp\/v2\/media\/8126"}],"wp:attachment":[{"href":"https:\/\/www.santamariaapparente.com\/wp\/wp-json\/wp\/v2\/media?parent=10494"}],"wp:term":[{"taxonomy":"category","embeddable":true,"href":"https:\/\/www.santamariaapparente.com\/wp\/wp-json\/wp\/v2\/categories?post=10494"},{"taxonomy":"post_tag","embeddable":true,"href":"https:\/\/www.santamariaapparente.com\/wp\/wp-json\/wp\/v2\/tags?post=10494"}],"curies":[{"name":"wp","href":"https:\/\/api.w.org\/{rel}","templated":true}]}}