{"id":10331,"date":"2021-11-26T09:16:06","date_gmt":"2021-11-26T08:16:06","guid":{"rendered":"http:\/\/www.santamariaapparente.com\/wp\/?p=10331"},"modified":"2021-11-22T22:17:05","modified_gmt":"2021-11-22T21:17:05","slug":"75a-assemblea-generale-straordinaria-della-cei-2","status":"publish","type":"post","link":"https:\/\/www.santamariaapparente.com\/wp\/75a-assemblea-generale-straordinaria-della-cei-2\/","title":{"rendered":"75\u00aa Assemblea Generale Straordinaria della CEI"},"content":{"rendered":"<div class=\"ow-appLayout-hbox ow-appLayout-mail\">\n<div class=\"ow-appLayout-flex ow-appLayout-hbox\">\n<div class=\"SplitPane ow-mail-SplitPane vertical \">\n<div class=\"Pane vertical Pane2  \">\n<div class=\"ow-appLayout-flex ow-appLayout-vbox\">\n<div class=\"ow-mail-MailView-wrapper ow-layout-flex ow-appLayout-hbox\">\n<div class=\"ow-mail-PreviewNone-preveiw-wrapper\">\n<div class=\"ow-mail-MailPreviewFull ow-mail-MailPreviewLocalize\">\n<div class=\"ow-mail-MailPreview\">\n<div class=\"ow-mail-MailPreview-list\">\n<div class=\"ow-mail-MailPreviewDetail-content \">\n<div class=\"ow-mail-MailPreviewBody rich \" role=\"presentation\">\n<div class=\"cci_entry_content\">\n<div><em>Di seguito il saluto del Card. Gualtiero Bassetti, Arcivescovo di Perugia-Citt\u00e0 della Pieve e Presidente della CEI, a papa Francesco in apertura della 75\u00aa Assemblea Generale Straordinaria della CEI (Roma, 22-25 novembre 2021).<\/em><\/div>\n<div><\/div>\n<div>Padre Santo, grazie di essere venuto \u2013 ancora una volta fuori dalla Sua casa \u2013 per incontrarci. \u00c8 per tutti noi un dono che si rinnova a distanza di pochi mesi.<br \/>\nMi permetta una battuta: \u201cNon abbiamo ancora concluso il concorso di bellezza!\u201d. Certamente vogliamo parteciparvi per la bellezza di una condivisione che trova <strong>nella collegialit\u00e0 e nella sinodalit\u00e0<\/strong> l\u2019espressione pi\u00f9 intensa e vivace. In questi giorni, mi sono tornate spesso alla mente le parole di Paolo VI nell\u2019ultima sessione pubblica del Concilio Ecumenico Vaticano II. Era il 7 dicembre 1965; non ero ancora prete, sarei stato ordinato dopo pochi mesi. Eppure quelle parole mi aprirono il cuore, accompagnando tutto il mio ministero. \u201cLa Chiesa \u2013 diceva Paolo VI \u2013 si \u00e8 raccolta nella sua intima coscienza spirituale, non per compiacersi di erudite analisi di psicologia religiosa o di storia delle sue esperienze [\u2026] ma per ritrovare in se stessa vivente ed operante, nello Spirito Santo, la parola di Cristo, e per scrutare pi\u00f9 a fondo il mistero [\u2026] e per ravvivare in s\u00e9 quella fede [\u2026] e quell\u2019amore che la obbliga a cantare senza posa le lodi di Dio [\u2026]\u201d.<br \/>\nEcco, la bellezza cui vogliamo aspirare e che, in queste giornate, cercheremo di vivificare riflettendo sul Cammino sinodale delle nostre Chiese in Italia, avviato con l\u2019Assemblea Generale di maggio. \u00c8 un percorso che si sta snodando in tutti i nostri territori, in tutte le nostre comunit\u00e0, in piena sintonia con quello del Sinodo dei vescovi. \u00c8 un tempo di grazia per le nostre Chiese per questo Cammino gi\u00e0 ovunque avviato; per l\u2019incontro a Firenze con la Sua presenza il 27 febbraio, per proseguire, in modo pi\u00f9 approfondito, il cammino intrapreso a Bari, nel febbraio 2020; infine, pandemia permettendo, per il Suo incontro con gli adolescenti subito dopo Pasqua.<br \/>\nPreghiamo lo Spirito perch\u00e9 ci aiuti a cogliere e a vivere le tre opportunit\u00e0 da Lei indicate lo scorso 9 ottobre, durante il Momento di riflessione per l\u2019inizio del percorso sinodale. Essere, cio\u00e8, <strong>Chiesa sinodale; Chiesa dell\u2019ascolto; Chiesa della vicinanza<\/strong>.<br \/>\nSantit\u00e0, chiediamo il Suo incoraggiamento, la Sua preghiera e la Sua paterna benedizione.<br \/>\nGrazie per essere venuto.<\/div>\n<div><\/div>\n<\/div>\n<div class=\"cci_single_date\">22 Novembre 2021<\/div>\n<\/div>\n<\/div>\n<\/div>\n<\/div>\n<\/div>\n<\/div>\n<\/div>\n<\/div>\n<\/div>\n<\/div>\n<\/div>\n<div class=\"ow-projectable\"><\/div>\n<div class=\"ow-advertisement-right-wrapper\">\n<div class=\"ow-advertisement-right-native\"><\/div>\n<\/div>\n<\/div>\n","protected":false},"excerpt":{"rendered":"<p>Di seguito il saluto del Card. Gualtiero Bassetti, Arcivescovo di Perugia-Citt\u00e0 della Pieve e Presidente della CEI, a papa Francesco in apertura della 75\u00aa Assemblea Generale Straordinaria della CEI (Roma, 22-25 novembre 2021). Padre Santo, grazie di essere venuto \u2013 ancora una volta fuori dalla Sua casa \u2013 per incontrarci. \u00c8 per tutti noi un [&hellip;]<\/p>\n","protected":false},"author":1,"featured_media":8656,"comment_status":"closed","ping_status":"closed","sticky":false,"template":"","format":"standard","meta":{"jetpack_post_was_ever_published":false,"_jetpack_newsletter_access":"","_jetpack_dont_email_post_to_subs":false,"_jetpack_newsletter_tier_id":0,"_jetpack_memberships_contains_paywalled_content":false,"_jetpack_memberships_contains_paid_content":false,"footnotes":""},"categories":[4],"tags":[],"class_list":["post-10331","post","type-post","status-publish","format-standard","has-post-thumbnail","hentry","category-riflessioni"],"jetpack_featured_media_url":"https:\/\/www.santamariaapparente.com\/wp\/wp-content\/uploads\/CEI_news.jpg","jetpack_sharing_enabled":true,"jetpack_shortlink":"https:\/\/wp.me\/p2XXfi-2GD","_links":{"self":[{"href":"https:\/\/www.santamariaapparente.com\/wp\/wp-json\/wp\/v2\/posts\/10331","targetHints":{"allow":["GET"]}}],"collection":[{"href":"https:\/\/www.santamariaapparente.com\/wp\/wp-json\/wp\/v2\/posts"}],"about":[{"href":"https:\/\/www.santamariaapparente.com\/wp\/wp-json\/wp\/v2\/types\/post"}],"author":[{"embeddable":true,"href":"https:\/\/www.santamariaapparente.com\/wp\/wp-json\/wp\/v2\/users\/1"}],"replies":[{"embeddable":true,"href":"https:\/\/www.santamariaapparente.com\/wp\/wp-json\/wp\/v2\/comments?post=10331"}],"version-history":[{"count":1,"href":"https:\/\/www.santamariaapparente.com\/wp\/wp-json\/wp\/v2\/posts\/10331\/revisions"}],"predecessor-version":[{"id":10332,"href":"https:\/\/www.santamariaapparente.com\/wp\/wp-json\/wp\/v2\/posts\/10331\/revisions\/10332"}],"wp:featuredmedia":[{"embeddable":true,"href":"https:\/\/www.santamariaapparente.com\/wp\/wp-json\/wp\/v2\/media\/8656"}],"wp:attachment":[{"href":"https:\/\/www.santamariaapparente.com\/wp\/wp-json\/wp\/v2\/media?parent=10331"}],"wp:term":[{"taxonomy":"category","embeddable":true,"href":"https:\/\/www.santamariaapparente.com\/wp\/wp-json\/wp\/v2\/categories?post=10331"},{"taxonomy":"post_tag","embeddable":true,"href":"https:\/\/www.santamariaapparente.com\/wp\/wp-json\/wp\/v2\/tags?post=10331"}],"curies":[{"name":"wp","href":"https:\/\/api.w.org\/{rel}","templated":true}]}}