{"id":10193,"date":"2021-09-27T13:31:33","date_gmt":"2021-09-27T11:31:33","guid":{"rendered":"http:\/\/www.santamariaapparente.com\/wp\/?p=10193"},"modified":"2021-09-29T10:13:27","modified_gmt":"2021-09-29T08:13:27","slug":"sessione-autunnale-del-consiglio-episcopale-permanente","status":"publish","type":"post","link":"https:\/\/www.santamariaapparente.com\/wp\/sessione-autunnale-del-consiglio-episcopale-permanente\/","title":{"rendered":"Sessione autunnale del Consiglio Episcopale Permanente"},"content":{"rendered":"<div>Da luned\u00ec 27 a mercoled\u00ec 29 settembre si svolger\u00e0 a Roma, presso Villa Aurelia (Via Leone XIII, 459), la <em>sessione autunnale del Consiglio Episcopale Permanente<\/em>.<\/div>\n<p><!--more--><\/p>\n<div><\/div>\n<div>Dopo l\u2019Introduzione del Cardinale Presidente Gualtiero Bassetti i lavori si concentreranno sugli strumenti e le modalit\u00e0 di svolgimento del Cammino sinodale.<\/div>\n<div><\/div>\n<div>All\u2019ordine del giorno, la scelta del tema dell\u2019<strong>Assemblea Generale Straordinaria<\/strong> (Roma, 22-25 novembre 2021) e l\u2019<strong>elezione dei membri delle Commissioni Episcopali e del Consiglio per gli Affari Giuridici<\/strong>. Sono previsti, poi, un aggiornamento sull\u2019itinerario di condivisione avviato con l\u2019Incontro di riflessione e spiritualit\u00e0 \u201cMediterraneo frontiera di pace\u201d e due comunicazioni relative alla preparazione del XXVII Congresso Eucaristico Nazionale (Matera, 22-25 settembre 2022) e all\u2019imminente 49<sup>a<\/sup>\u00a0Settimana Sociale dei Cattolici Italiani (Taranto, 21-24 ottobre).<\/div>\n<p class=\"default-style\">Gioved\u00ec 30 settembre, alle ore 11, il Segretario Generale, Mons. Stefano Russo, illustrer\u00e0 il Comunicato finale in <strong>conferenza stampa<\/strong>, alla quale interverr\u00e0 anche Mons. Erio Castellucci, Arcivescovo-Abate di Modena-Nonantola, Vescovo di Carpi e Vicepresidente della CEI. S<em>ar\u00e0 trasmessa in streaming sui canali <\/em><a href=\"https:\/\/www.youtube.com\/ChiesaCattolicaItaliana\" target=\"_blank\" rel=\"noopener\"><em>Youtube<\/em><\/a><em>\u00a0e\u00a0<\/em><a href=\"https:\/\/www.facebook.com\/conferenzaepiscopaleitaliana\/\" target=\"_blank\" rel=\"noopener\"><em>Facebook<\/em><\/a><em>\u00a0della Conferenza Episcopale Italiana.<\/em><\/p>\n","protected":false},"excerpt":{"rendered":"<p>Da luned\u00ec 27 a mercoled\u00ec 29 settembre si svolger\u00e0 a Roma, presso Villa Aurelia (Via Leone XIII, 459), la sessione autunnale del Consiglio Episcopale Permanente.<\/p>\n","protected":false},"author":1,"featured_media":4796,"comment_status":"closed","ping_status":"closed","sticky":false,"template":"","format":"standard","meta":{"jetpack_post_was_ever_published":false,"_jetpack_newsletter_access":"","_jetpack_dont_email_post_to_subs":false,"_jetpack_newsletter_tier_id":0,"_jetpack_memberships_contains_paywalled_content":false,"_jetpack_memberships_contains_paid_content":false,"footnotes":""},"categories":[5],"tags":[11],"class_list":["post-10193","post","type-post","status-publish","format-standard","has-post-thumbnail","hentry","category-news","tag-chiesa"],"jetpack_featured_media_url":"https:\/\/www.santamariaapparente.com\/wp\/wp-content\/uploads\/CEI_E.jpg","jetpack_sharing_enabled":true,"jetpack_shortlink":"https:\/\/wp.me\/p2XXfi-2Ep","_links":{"self":[{"href":"https:\/\/www.santamariaapparente.com\/wp\/wp-json\/wp\/v2\/posts\/10193","targetHints":{"allow":["GET"]}}],"collection":[{"href":"https:\/\/www.santamariaapparente.com\/wp\/wp-json\/wp\/v2\/posts"}],"about":[{"href":"https:\/\/www.santamariaapparente.com\/wp\/wp-json\/wp\/v2\/types\/post"}],"author":[{"embeddable":true,"href":"https:\/\/www.santamariaapparente.com\/wp\/wp-json\/wp\/v2\/users\/1"}],"replies":[{"embeddable":true,"href":"https:\/\/www.santamariaapparente.com\/wp\/wp-json\/wp\/v2\/comments?post=10193"}],"version-history":[{"count":1,"href":"https:\/\/www.santamariaapparente.com\/wp\/wp-json\/wp\/v2\/posts\/10193\/revisions"}],"predecessor-version":[{"id":10194,"href":"https:\/\/www.santamariaapparente.com\/wp\/wp-json\/wp\/v2\/posts\/10193\/revisions\/10194"}],"wp:featuredmedia":[{"embeddable":true,"href":"https:\/\/www.santamariaapparente.com\/wp\/wp-json\/wp\/v2\/media\/4796"}],"wp:attachment":[{"href":"https:\/\/www.santamariaapparente.com\/wp\/wp-json\/wp\/v2\/media?parent=10193"}],"wp:term":[{"taxonomy":"category","embeddable":true,"href":"https:\/\/www.santamariaapparente.com\/wp\/wp-json\/wp\/v2\/categories?post=10193"},{"taxonomy":"post_tag","embeddable":true,"href":"https:\/\/www.santamariaapparente.com\/wp\/wp-json\/wp\/v2\/tags?post=10193"}],"curies":[{"name":"wp","href":"https:\/\/api.w.org\/{rel}","templated":true}]}}