{"id":10064,"date":"2021-07-29T22:43:43","date_gmt":"2021-07-29T20:43:43","guid":{"rendered":"http:\/\/www.santamariaapparente.com\/wp\/?p=10064"},"modified":"2021-07-29T22:43:56","modified_gmt":"2021-07-29T20:43:56","slug":"congregatio-de-cultu-divino-et-disciplina-sacramentorum","status":"publish","type":"post","link":"https:\/\/www.santamariaapparente.com\/wp\/congregatio-de-cultu-divino-et-disciplina-sacramentorum\/","title":{"rendered":"CONGREGATIO DE CULTU DIVINO ET DISCIPLINA SACRAMENTORUM"},"content":{"rendered":"<table>\n<tbody>\n<tr>\n<td class=\"s2\">\n<div>\n<p class=\"s4\"><span class=\"s3\">CONGREGATIO DE CULTU DIVINO ET DISCIPLINA SACRAMENTORUM<\/span><\/p>\n<p class=\"s6\"><span class=\"s5\">\u00a0<\/span><\/p>\n<p class=\"s6\"><span class=\"s5\">\u00a0<\/span><span class=\"s5\">Prot<\/span><span class=\"s5\">. N. 35\/21<\/span><\/p>\n<p class=\"s4\"><span class=\"s7\">DECRETO<\/span><span class=\"s7\"><br \/>\n<\/span><span class=\"s8\">sulla celebrazione dei Santi Marta, Maria e <\/span><span class=\"s8\">Lazzaro,<\/span><span class=\"s8\"><br \/>\n<\/span><span class=\"s8\">nel<\/span><span class=\"s8\"> Calendario Romano Generale<\/span><\/p>\n<p class=\"s6\"><span class=\"s5\">\u00a0<\/span><\/p>\n<p class=\"s9\"><span class=\"s5\">Nella casa di Betania il Signore Ges\u00f9 ha sperimentato lo spirito di famiglia e l&#8217;amicizia di Marta, Maria e Lazzaro, e per questo il Vangelo di Giovanni afferma che egli li amava. Marta gli offr\u00ec generosamente ospitalit\u00e0, Maria ascolt\u00f2 docilmente le sue parole e Lazzaro usc\u00ec prontamente dal sepolcro per comando di Colui che ha umiliato la morte.<\/span><\/p>\n<p class=\"s9\"><span class=\"s5\">La tradizionale incertezza della Chiesa latina circa l\u2019identit\u00e0 di Maria \u2013 la Maddalena a cui Cristo apparve dopo la sua resurrezione, la sorella di Marta, la peccatrice a cui il Signore ha rimesso i peccati \u2013 che decise l\u2019iscrizione della sola Marta il 29 luglio nel Calendario Romano, ha trovato soluzione in studi e tempi recenti, come attestato dall\u2019odierno Martirologio Romano che commemora in quello stesso giorno anche Maria e Lazzaro. Inoltre, in alcuni Calendari particolari i tre fratelli sono celebrati insieme in tale giorno.<\/span><\/p>\n<p class=\"s9\"><span class=\"s5\">Pertanto, considerando l\u2019importante testimonianza evangelica da essi offerta nell\u2019ospitare in casa il Signore Ges\u00f9, nel prestargli ascolto cordiale, nel credere che egli \u00e8 la risurrezione e la vita, accogliendo la proposta di questo Dicastero, il Sommo Pontefice Francesco ha disposto che il 29 luglio figuri nel Calendario Romano Generale la <\/span><span class=\"s10\">memoria dei santi Marta, Maria e Lazzaro<\/span><span class=\"s5\">.<\/span><\/p>\n<p class=\"s9\"><span class=\"s5\">Con questa denominazione la memoria dovr\u00e0 pertanto figurare in tutti i Calendari e Libri liturgici per la celebrazione della Messa e della Liturgia delle Ore; le variazioni e le aggiunte da adottare nei testi liturgici, allegate al presente decreto, devono essere tradotte, approvate e, dopo la conferma di questo Dicastero, pubblicate a cura delle Conferenze Episcopali.<\/span><\/p>\n<p class=\"s9\"><span class=\"s5\">Nonostante qualsiasi cosa in contrario.<\/span><\/p>\n<p class=\"s9\"><span class=\"s5\">Dalla sede della Congregazione per il Culto <\/span><a name=\"_GoBack\"><\/a><span class=\"s5\">Divino e la Disciplina dei Sacramenti, 26 gennaio 2021, memoria dei Santi Timoteo e Tito, vescovi.<\/span><\/p>\n<p class=\"s6\"><span class=\"s5\">\u00a0<\/span><\/p>\n<p class=\"s4\"><span class=\"s5\">Robert Card. Sarah<\/span><span class=\"s11\"><br \/>\n<\/span><span class=\"s11\">Prefetto<\/span><\/p>\n<p class=\"s13\"><span class=\"s12\">\u2720<\/span><span class=\"s5\">\u00a0Arthur Roche<\/span><span class=\"s5\"><br \/>\n<\/span><span class=\"s11\">Arcivescovo Segretario<\/span><\/p>\n<\/div>\n<\/td>\n<\/tr>\n<\/tbody>\n<\/table>\n<p><!--more--><\/p>\n<div class=\"s15\"><\/div>\n","protected":false},"excerpt":{"rendered":"<p>CONGREGATIO DE CULTU DIVINO ET DISCIPLINA SACRAMENTORUM \u00a0 \u00a0Prot. N. 35\/21 DECRETO sulla celebrazione dei Santi Marta, Maria e Lazzaro, nel Calendario Romano Generale \u00a0 Nella casa di Betania il Signore Ges\u00f9 ha sperimentato lo spirito di famiglia e l&#8217;amicizia di Marta, Maria e Lazzaro, e per questo il Vangelo di Giovanni afferma che egli [&hellip;]<\/p>\n","protected":false},"author":1,"featured_media":9463,"comment_status":"closed","ping_status":"closed","sticky":false,"template":"","format":"standard","meta":{"jetpack_post_was_ever_published":false,"_jetpack_newsletter_access":"","_jetpack_dont_email_post_to_subs":false,"_jetpack_newsletter_tier_id":0,"_jetpack_memberships_contains_paywalled_content":false,"_jetpack_memberships_contains_paid_content":false,"footnotes":""},"categories":[4],"tags":[],"class_list":["post-10064","post","type-post","status-publish","format-standard","has-post-thumbnail","hentry","category-riflessioni"],"jetpack_featured_media_url":"https:\/\/www.santamariaapparente.com\/wp\/wp-content\/uploads\/papa-lettera_E.jpg","jetpack_sharing_enabled":true,"jetpack_shortlink":"https:\/\/wp.me\/p2XXfi-2Ck","_links":{"self":[{"href":"https:\/\/www.santamariaapparente.com\/wp\/wp-json\/wp\/v2\/posts\/10064","targetHints":{"allow":["GET"]}}],"collection":[{"href":"https:\/\/www.santamariaapparente.com\/wp\/wp-json\/wp\/v2\/posts"}],"about":[{"href":"https:\/\/www.santamariaapparente.com\/wp\/wp-json\/wp\/v2\/types\/post"}],"author":[{"embeddable":true,"href":"https:\/\/www.santamariaapparente.com\/wp\/wp-json\/wp\/v2\/users\/1"}],"replies":[{"embeddable":true,"href":"https:\/\/www.santamariaapparente.com\/wp\/wp-json\/wp\/v2\/comments?post=10064"}],"version-history":[{"count":2,"href":"https:\/\/www.santamariaapparente.com\/wp\/wp-json\/wp\/v2\/posts\/10064\/revisions"}],"predecessor-version":[{"id":10066,"href":"https:\/\/www.santamariaapparente.com\/wp\/wp-json\/wp\/v2\/posts\/10064\/revisions\/10066"}],"wp:featuredmedia":[{"embeddable":true,"href":"https:\/\/www.santamariaapparente.com\/wp\/wp-json\/wp\/v2\/media\/9463"}],"wp:attachment":[{"href":"https:\/\/www.santamariaapparente.com\/wp\/wp-json\/wp\/v2\/media?parent=10064"}],"wp:term":[{"taxonomy":"category","embeddable":true,"href":"https:\/\/www.santamariaapparente.com\/wp\/wp-json\/wp\/v2\/categories?post=10064"},{"taxonomy":"post_tag","embeddable":true,"href":"https:\/\/www.santamariaapparente.com\/wp\/wp-json\/wp\/v2\/tags?post=10064"}],"curies":[{"name":"wp","href":"https:\/\/api.w.org\/{rel}","templated":true}]}}